{"id":2004,"date":"2011-02-04T14:54:30","date_gmt":"2011-02-04T14:54:30","guid":{"rendered":"http:\/\/www.hoymercedes.com.ar\/principal\/?p=2004"},"modified":"2011-02-04T14:54:30","modified_gmt":"2011-02-04T14:54:30","slug":"ueb-mercedes-informa-comienzo-de-actividad-docente-2011","status":"publish","type":"post","link":"https:\/\/www.hoymercedes.com.ar\/principal\/2011\/02\/04\/ueb-mercedes-informa-comienzo-de-actividad-docente-2011\/","title":{"rendered":"UEB Mercedes informa: Comienzo de Actividad Docente 2011"},"content":{"rendered":"<p style=\"text-align: justify;\">La Federaci\u00f3n de Educadores Bonaerenses informa que ante la convocatoria a Docentes, en algunos distritos, para el inicio de actividades antes del 14 \/ 02 \/ 2011, desde Presidencia se ha gestionado, al respecto, ante DGCyE y por ellos se confirma que:<\/p>\n<p style=\"text-align: justify;\">TODOS LOS DOCENTES COMENZAR\u00c1N LAS ACTIVIDADES CORRESPONDIENTES EL D\u00cdA 14 \/ 02 \/ 2011<\/p>\n<p style=\"text-align: justify;\">DGCyE se comprometi\u00f3 a informar esta decisi\u00f3n a la Provincia de Buenos Aires.<\/p>\n<p style=\"text-align: justify;\">(Ver comunicado de Direcci\u00f3n de Inspecci\u00f3n General)<\/p>\n<p style=\"text-align: justify;\">SE\u00d1ORES INSPECTORES JEFES REGIONALES:<\/p>\n<p style=\"text-align: justify;\">Se les recuerda que los establecimientos educativos retomar\u00e1n sus actividades el d\u00eda Lunes 14-02-11. Hasta esa fecha las escuelas permanecer\u00e1n cerradas y no deber\u00e1n realizarse convocatorias a personal directivo o docente de los servicios educativos.<\/p>\n<p style=\"text-align: justify;\">Atentamente<\/p>\n<p style=\"text-align: justify;\">DIRECCI\u00d3N DE INSPECCI\u00d3N GENERAL<\/p>\n","protected":false},"excerpt":{"rendered":"<p>La Federaci\u00f3n de Educadores Bonaerenses informa que ante la convocatoria a Docentes, en algunos distritos, para el inicio de actividades &#8230; <a title=\"UEB Mercedes informa: Comienzo de Actividad Docente 2011\" class=\"read-more\" href=\"https:\/\/www.hoymercedes.com.ar\/principal\/2011\/02\/04\/ueb-mercedes-informa-comienzo-de-actividad-docente-2011\/\" aria-label=\"Leer m\u00e1s sobre UEB Mercedes informa: Comienzo de Actividad Docente 2011\">Leer m\u00e1s<\/a><\/p>\n","protected":false},"author":1,"featured_media":0,"comment_status":"open","ping_status":"open","sticky":false,"template":"","format":"standard","meta":{"_monsterinsights_skip_tracking":false,"_monsterinsights_sitenote_active":false,"_monsterinsights_sitenote_note":"","_monsterinsights_sitenote_category":0,"jetpack_post_was_ever_published":false,"_jetpack_newsletter_access":"","_jetpack_dont_email_post_to_subs":false,"_jetpack_newsletter_tier_id":0,"_jetpack_memberships_contains_paywalled_content":false,"_jetpack_memberships_contains_paid_content":false,"footnotes":"","jetpack_publicize_message":"","jetpack_publicize_feature_enabled":true,"jetpack_social_post_already_shared":false,"jetpack_social_options":{"image_generator_settings":{"template":"highway","default_image_id":0,"font":"","enabled":false},"version":2},"_wpas_customize_per_network":false},"categories":[23],"tags":[89],"class_list":["post-2004","post","type-post","status-publish","format-standard","hentry","category-educacion","tag-ueb-mercedes","generate-columns","tablet-grid-50","mobile-grid-100","grid-parent","grid-50"],"jetpack_publicize_connections":[],"jetpack_featured_media_url":"","wps_subtitle":"","jetpack_sharing_enabled":true,"_links":{"self":[{"href":"https:\/\/www.hoymercedes.com.ar\/principal\/wp-json\/wp\/v2\/posts\/2004","targetHints":{"allow":["GET"]}}],"collection":[{"href":"https:\/\/www.hoymercedes.com.ar\/principal\/wp-json\/wp\/v2\/posts"}],"about":[{"href":"https:\/\/www.hoymercedes.com.ar\/principal\/wp-json\/wp\/v2\/types\/post"}],"author":[{"embeddable":true,"href":"https:\/\/www.hoymercedes.com.ar\/principal\/wp-json\/wp\/v2\/users\/1"}],"replies":[{"embeddable":true,"href":"https:\/\/www.hoymercedes.com.ar\/principal\/wp-json\/wp\/v2\/comments?post=2004"}],"version-history":[{"count":0,"href":"https:\/\/www.hoymercedes.com.ar\/principal\/wp-json\/wp\/v2\/posts\/2004\/revisions"}],"wp:attachment":[{"href":"https:\/\/www.hoymercedes.com.ar\/principal\/wp-json\/wp\/v2\/media?parent=2004"}],"wp:term":[{"taxonomy":"category","embeddable":true,"href":"https:\/\/www.hoymercedes.com.ar\/principal\/wp-json\/wp\/v2\/categories?post=2004"},{"taxonomy":"post_tag","embeddable":true,"href":"https:\/\/www.hoymercedes.com.ar\/principal\/wp-json\/wp\/v2\/tags?post=2004"}],"curies":[{"name":"wp","href":"https:\/\/api.w.org\/{rel}","templated":true}]}}