{"id":20054,"date":"2013-02-22T15:47:55","date_gmt":"2013-02-22T15:47:55","guid":{"rendered":"http:\/\/www.hoymercedes.com.ar\/principal\/?p=20054"},"modified":"2013-02-22T15:48:01","modified_gmt":"2013-02-22T15:48:01","slug":"el-ps-fap-reinaugura-su-biblioteca-popular-felipe-vivanco","status":"publish","type":"post","link":"https:\/\/www.hoymercedes.com.ar\/principal\/2013\/02\/22\/el-ps-fap-reinaugura-su-biblioteca-popular-felipe-vivanco\/","title":{"rendered":"El PS-FAP reinaugura su Biblioteca Popular &#8211; Felipe Vivanco"},"content":{"rendered":"<figure id=\"attachment_20056\" aria-describedby=\"caption-attachment-20056\" style=\"width: 608px\" class=\"wp-caption aligncenter\"><a href=\"https:\/\/www.hoymercedes.com.ar\/principal\/wp-content\/uploads\/2013\/02\/bibliotecapopularfelipevivanco.jpg\"><img loading=\"lazy\" decoding=\"async\" data-attachment-id=\"20056\" data-permalink=\"https:\/\/www.hoymercedes.com.ar\/principal\/2013\/02\/22\/el-ps-fap-reinaugura-su-biblioteca-popular-felipe-vivanco\/bibliotecapopularfelipevivanco\/#main\" data-orig-file=\"https:\/\/www.hoymercedes.com.ar\/principal\/wp-content\/uploads\/2013\/02\/bibliotecapopularfelipevivanco.jpg\" data-orig-size=\"618,220\" data-comments-opened=\"1\" data-image-meta=\"{&quot;aperture&quot;:&quot;0&quot;,&quot;credit&quot;:&quot;&quot;,&quot;camera&quot;:&quot;&quot;,&quot;caption&quot;:&quot;&quot;,&quot;created_timestamp&quot;:&quot;0&quot;,&quot;copyright&quot;:&quot;&quot;,&quot;focal_length&quot;:&quot;0&quot;,&quot;iso&quot;:&quot;0&quot;,&quot;shutter_speed&quot;:&quot;0&quot;,&quot;title&quot;:&quot;&quot;}\" data-image-title=\"bibliotecapopularfelipevivanco\" data-image-description=\"&lt;p&gt;Biblioteca Popular &amp;#8211; Felipe Vivanco&lt;\/p&gt;\n\" data-image-caption=\"&lt;p&gt;Biblioteca Popular &amp;#8211; Felipe Vivanco&lt;\/p&gt;\n\" data-large-file=\"https:\/\/www.hoymercedes.com.ar\/principal\/wp-content\/uploads\/2013\/02\/bibliotecapopularfelipevivanco.jpg\" class=\"size-full wp-image-20056\" alt=\"Biblioteca Popular - Felipe Vivanco\" src=\"https:\/\/www.hoymercedes.com.ar\/principal\/wp-content\/uploads\/2013\/02\/bibliotecapopularfelipevivanco.jpg\" width=\"618\" height=\"220\" \/><\/a><figcaption id=\"caption-attachment-20056\" class=\"wp-caption-text\">Biblioteca Popular &#8211; Felipe Vivanco<\/figcaption><\/figure>\n<p><em><strong>Desde el Partido Socialista en el FAP queremos invitar a todos los vecinos de nuestra ciudad a participar de la reinauguraci\u00f3n de nuestra hist\u00f3rica Biblioteca Popular Felipe Vivanco, a desarrollarse en viernes 1\u00b0 de marzo a las 20hs. en nuestro Espacio Cultural Casa del Pueblo, en calle 35 entre 22 y 24.<\/strong><\/em><\/p>\n<p>Desde su fundaci\u00f3n el Partido Socialista de Mercedes ha contado con una biblioteca, la cual cuenta con mas de 3 mil libros de las mas variadas tem\u00e1ticas, atravesando por muchas situaciones desagradables, como fue la colocaci\u00f3n de una bomba en febrero del 76 y el traslado de los libros para salvaguardarlos. Nuestra manera de concebir la pol\u00edtica y la realidad hace que enfoquemos nuestra militancia hacia la educaci\u00f3n como valor fundamental en la toma de conciencia de aquellos que por motivos mezquinos de los agentes de poder son sometidos a la explotaci\u00f3n y al clientelismo.<\/p>\n<p>Durante los meses de enero y febrero un grupo de militantes del PS y simpatizantes de la Casa del Pueblo se trazaron como objetivo la renovaci\u00f3n y reordenamiento de los libros, como as\u00ed tambi\u00e9n completar el inventario comenzado a\u00f1os atr\u00e1s. Si bien la mayor\u00eda de los libros son de ediciones bastante a\u00f1ejas, se mantienen en buen estado, como as\u00ed tambi\u00e9n se podr\u00e1n observar algunos libros que si bien no est\u00e1n en su mejor estado, son ediciones muy dif\u00edciles de conseguir. Tambi\u00e9n contamos con un inventario digital que nos permite buscar los libros ante la consulta de los visitantes.<\/p>\n<p>A partir de la primera semana de marzo podr\u00e1n acceder a los libros todos los vecinos de la ciudad, sin necesidad de ser socios, no obstante esto, se realizar\u00e1 una campa\u00f1a de socios quienes colaborar\u00e1n con una cuota no mayor a diez pesos mensuales y as\u00ed lograr fondos para ir renovando la bibliograf\u00eda.<\/p>\n<p>Otro de los objetivos planteados es que la Biblioteca se convierta en un espacio donde aquellos estudiantes secundarios y\/o universitarios puedan estudiar y consultar la bibliograf\u00eda. Tambi\u00e9n se llevar\u00e1n adelante clases de apoyo escolar para ni\u00f1os de primaria y diferentes actividades educactivas.<\/p>\n<p>Queremos destacar que la biblioteca se encuentra abierta para todos aquellos que deseen visitarla, sin hacer distinci\u00f3n a las diferencias ideol\u00f3gicas ni partidarias.<\/p>\n<p>Por \u00faltimo informamos que seguiremos recibiendo donaciones de libros y quienes quieran ponerse en contacto con nosotros lo puede hacer a trav\u00e9s de nuestro e-mail partidosocialistamercedes@gmail.com o al celular 02324-15640590.<\/p>\n<p><em><strong>\u00abSocialismo es la lucha en defensa y por la elevaci\u00f3n del pueblo trabajador que, guiado por la ciencia, tiende a realizar una libre e inteligente sociedad humana basada sobre la propiedad colectiva de los medios de producci\u00f3n, o sea la tierra, las m\u00e1quinas, los medios de transporte\u2019. Juan B. Justo<\/strong><\/em><\/p>\n","protected":false},"excerpt":{"rendered":"<p>Desde el Partido Socialista en el FAP queremos invitar a todos los vecinos de nuestra ciudad a participar de la &#8230; <a title=\"El PS-FAP reinaugura su Biblioteca Popular &#8211; Felipe Vivanco\" class=\"read-more\" href=\"https:\/\/www.hoymercedes.com.ar\/principal\/2013\/02\/22\/el-ps-fap-reinaugura-su-biblioteca-popular-felipe-vivanco\/\" aria-label=\"Leer m\u00e1s sobre El PS-FAP reinaugura su Biblioteca Popular &#8211; Felipe Vivanco\">Leer m\u00e1s<\/a><\/p>\n","protected":false},"author":1,"featured_media":0,"comment_status":"open","ping_status":"open","sticky":false,"template":"","format":"standard","meta":{"_monsterinsights_skip_tracking":false,"_monsterinsights_sitenote_active":false,"_monsterinsights_sitenote_note":"","_monsterinsights_sitenote_category":0,"jetpack_post_was_ever_published":false,"_jetpack_newsletter_access":"","_jetpack_dont_email_post_to_subs":false,"_jetpack_newsletter_tier_id":0,"_jetpack_memberships_contains_paywalled_content":false,"_jetpack_memberships_contains_paid_content":false,"footnotes":"","jetpack_publicize_message":"","jetpack_publicize_feature_enabled":true,"jetpack_social_post_already_shared":false,"jetpack_social_options":{"image_generator_settings":{"template":"highway","default_image_id":0,"font":"","enabled":false},"version":2},"_wpas_customize_per_network":false},"categories":[5],"tags":[3225],"class_list":["post-20054","post","type-post","status-publish","format-standard","hentry","category-politica","tag-biblioteca-popular-felipe-vivanco","generate-columns","tablet-grid-50","mobile-grid-100","grid-parent","grid-50"],"jetpack_publicize_connections":[],"jetpack_featured_media_url":"","wps_subtitle":"","jetpack_sharing_enabled":true,"_links":{"self":[{"href":"https:\/\/www.hoymercedes.com.ar\/principal\/wp-json\/wp\/v2\/posts\/20054","targetHints":{"allow":["GET"]}}],"collection":[{"href":"https:\/\/www.hoymercedes.com.ar\/principal\/wp-json\/wp\/v2\/posts"}],"about":[{"href":"https:\/\/www.hoymercedes.com.ar\/principal\/wp-json\/wp\/v2\/types\/post"}],"author":[{"embeddable":true,"href":"https:\/\/www.hoymercedes.com.ar\/principal\/wp-json\/wp\/v2\/users\/1"}],"replies":[{"embeddable":true,"href":"https:\/\/www.hoymercedes.com.ar\/principal\/wp-json\/wp\/v2\/comments?post=20054"}],"version-history":[{"count":0,"href":"https:\/\/www.hoymercedes.com.ar\/principal\/wp-json\/wp\/v2\/posts\/20054\/revisions"}],"wp:attachment":[{"href":"https:\/\/www.hoymercedes.com.ar\/principal\/wp-json\/wp\/v2\/media?parent=20054"}],"wp:term":[{"taxonomy":"category","embeddable":true,"href":"https:\/\/www.hoymercedes.com.ar\/principal\/wp-json\/wp\/v2\/categories?post=20054"},{"taxonomy":"post_tag","embeddable":true,"href":"https:\/\/www.hoymercedes.com.ar\/principal\/wp-json\/wp\/v2\/tags?post=20054"}],"curies":[{"name":"wp","href":"https:\/\/api.w.org\/{rel}","templated":true}]}}