{"id":20077,"date":"2013-02-24T01:51:08","date_gmt":"2013-02-24T01:51:08","guid":{"rendered":"http:\/\/www.hoymercedes.com.ar\/principal\/?p=20077"},"modified":"2013-02-24T01:51:49","modified_gmt":"2013-02-24T01:51:49","slug":"nueva-alerta-por-robos-de-motos-reiterados","status":"publish","type":"post","link":"https:\/\/www.hoymercedes.com.ar\/principal\/2013\/02\/24\/nueva-alerta-por-robos-de-motos-reiterados\/","title":{"rendered":"Nueva alerta por robos de motos reiterados"},"content":{"rendered":"<p>Una semana m\u00e1s que dej\u00f3 un alerta imporante para los vecinos de la ciudad en relaci\u00f3n a la protecci\u00f3n de sus bienes y en especial uno para su movilidad como son los ciclomotores dado que son un objetivo constante para quienes cometen robos.<\/p>\n<p>Varios hechos han sido registrados y denunciados en los \u00faltimos d\u00edas, como ser: uno de ellos fue en pleno centro, m\u00e1s espec\u00edficamente en calle 22 y 27, donde se apoderaron de una motocicleta marca Guerrero; otro de los hechos fue en calle 26 y 27, donde robaron una moto marca Motomel; el tercero de los robos fue en calle 16 y 43, donde sustrajeron una motocicleta Gilera Smash; el cuarto robo se trata de una motocicleta marca Mondial, y ocurri\u00f3 en calle 104 y 11 y el quinto hecho fue en calle 32 y 51, y aqu\u00ed robaron una moto marca Mondial. Es para tener en cuenta que todas las motos robadas resultan ser las conocidas como 110, y, l\u00f3gicamente, resultan ser de 110 cent\u00edmetros c\u00fabicos.<\/p>\n<p>Se convoca, nuevamente, a que la poblaci\u00f3n extremen su m\u00e1ximo nivel de protecci\u00f3n.<\/p>\n","protected":false},"excerpt":{"rendered":"<p>Una semana m\u00e1s que dej\u00f3 un alerta imporante para los vecinos de la ciudad en relaci\u00f3n a la protecci\u00f3n de &#8230; <a title=\"Nueva alerta por robos de motos reiterados\" class=\"read-more\" href=\"https:\/\/www.hoymercedes.com.ar\/principal\/2013\/02\/24\/nueva-alerta-por-robos-de-motos-reiterados\/\" aria-label=\"Leer m\u00e1s sobre Nueva alerta por robos de motos reiterados\">Leer m\u00e1s<\/a><\/p>\n","protected":false},"author":1,"featured_media":0,"comment_status":"open","ping_status":"open","sticky":false,"template":"","format":"standard","meta":{"_monsterinsights_skip_tracking":false,"_monsterinsights_sitenote_active":false,"_monsterinsights_sitenote_note":"","_monsterinsights_sitenote_category":0,"jetpack_post_was_ever_published":false,"_jetpack_newsletter_access":"","_jetpack_dont_email_post_to_subs":false,"_jetpack_newsletter_tier_id":0,"_jetpack_memberships_contains_paywalled_content":false,"_jetpack_memberships_contains_paid_content":false,"footnotes":"","jetpack_publicize_message":"","jetpack_publicize_feature_enabled":true,"jetpack_social_post_already_shared":false,"jetpack_social_options":{"image_generator_settings":{"template":"highway","default_image_id":0,"font":"","enabled":false},"version":2},"_wpas_customize_per_network":false},"categories":[85],"tags":[3228],"class_list":["post-20077","post","type-post","status-publish","format-standard","hentry","category-policial","tag-robos-de-motos","generate-columns","tablet-grid-50","mobile-grid-100","grid-parent","grid-50"],"jetpack_publicize_connections":[],"jetpack_featured_media_url":"","wps_subtitle":"","jetpack_sharing_enabled":true,"_links":{"self":[{"href":"https:\/\/www.hoymercedes.com.ar\/principal\/wp-json\/wp\/v2\/posts\/20077","targetHints":{"allow":["GET"]}}],"collection":[{"href":"https:\/\/www.hoymercedes.com.ar\/principal\/wp-json\/wp\/v2\/posts"}],"about":[{"href":"https:\/\/www.hoymercedes.com.ar\/principal\/wp-json\/wp\/v2\/types\/post"}],"author":[{"embeddable":true,"href":"https:\/\/www.hoymercedes.com.ar\/principal\/wp-json\/wp\/v2\/users\/1"}],"replies":[{"embeddable":true,"href":"https:\/\/www.hoymercedes.com.ar\/principal\/wp-json\/wp\/v2\/comments?post=20077"}],"version-history":[{"count":0,"href":"https:\/\/www.hoymercedes.com.ar\/principal\/wp-json\/wp\/v2\/posts\/20077\/revisions"}],"wp:attachment":[{"href":"https:\/\/www.hoymercedes.com.ar\/principal\/wp-json\/wp\/v2\/media?parent=20077"}],"wp:term":[{"taxonomy":"category","embeddable":true,"href":"https:\/\/www.hoymercedes.com.ar\/principal\/wp-json\/wp\/v2\/categories?post=20077"},{"taxonomy":"post_tag","embeddable":true,"href":"https:\/\/www.hoymercedes.com.ar\/principal\/wp-json\/wp\/v2\/tags?post=20077"}],"curies":[{"name":"wp","href":"https:\/\/api.w.org\/{rel}","templated":true}]}}