{"id":201217,"date":"2026-08-31T08:18:00","date_gmt":"2026-08-31T11:18:00","guid":{"rendered":"https:\/\/www.hoymercedes.com.ar\/principal\/?p=201217"},"modified":"2026-08-28T19:25:13","modified_gmt":"2026-08-28T22:25:13","slug":"mercedes-fue-sede-de-la-mesa-fruticola-2026","status":"publish","type":"post","link":"https:\/\/www.hoymercedes.com.ar\/principal\/2026\/08\/31\/mercedes-fue-sede-de-la-mesa-fruticola-2026\/","title":{"rendered":"Mercedes fue sede de la Mesa Frut\u00edcola 2026"},"content":{"rendered":"\n<figure class=\"wp-block-image size-large\"><img loading=\"lazy\" decoding=\"async\" width=\"1024\" height=\"682\" data-attachment-id=\"201218\" data-permalink=\"https:\/\/www.hoymercedes.com.ar\/principal\/2026\/08\/31\/mercedes-fue-sede-de-la-mesa-fruticola-2026\/image-1030\/#main\" data-orig-file=\"https:\/\/www.hoymercedes.com.ar\/principal\/wp-content\/uploads\/2026\/08\/image-159.png\" data-orig-size=\"1440,959\" data-comments-opened=\"0\" data-image-title=\"image\" data-image-description=\"\" data-image-caption=\"\" data-large-file=\"https:\/\/www.hoymercedes.com.ar\/principal\/wp-content\/uploads\/2026\/08\/image-159-1024x682.png\" src=\"https:\/\/www.hoymercedes.com.ar\/principal\/wp-content\/uploads\/2026\/08\/image-159-1024x682.png\" alt=\"\" class=\"wp-image-201218\" srcset=\"https:\/\/www.hoymercedes.com.ar\/principal\/wp-content\/uploads\/2026\/08\/image-159-1024x682.png 1024w, https:\/\/www.hoymercedes.com.ar\/principal\/wp-content\/uploads\/2026\/08\/image-159-150x100.png 150w, https:\/\/www.hoymercedes.com.ar\/principal\/wp-content\/uploads\/2026\/08\/image-159-630x420.png 630w, https:\/\/www.hoymercedes.com.ar\/principal\/wp-content\/uploads\/2026\/08\/image-159.png 1440w\" sizes=\"auto, (max-width: 1024px) 100vw, 1024px\" \/><\/figure>\n\n\n\n<p class=\"wp-block-paragraph\">La <strong>Chacra Experimental de Mercedes<\/strong> fue escenario de una nueva reuni\u00f3n de la <strong>Mesa Frut\u00edcola 2026<\/strong>, que reuni\u00f3 a autoridades bonaerenses, funcionarios municipales, productores y referentes de la actividad.<\/p>\n\n\n\n<p class=\"wp-block-paragraph\">El encuentro estuvo encabezado por el ministro de Desarrollo Agrario de la provincia, <strong>Javier Rodr\u00edguez<\/strong>, y el intendente <strong>Juan Ignacio Ustarroz<\/strong>. Tambi\u00e9n particip\u00f3 la presidenta del Concejo Deliberante, <strong>Mariana San Mart\u00edn<\/strong>.<\/p>\n\n\n\n<p class=\"wp-block-paragraph\"><strong>Debate sobre la producci\u00f3n local<\/strong><\/p>\n\n\n\n<p class=\"wp-block-paragraph\">Durante la jornada se analiz\u00f3 el escenario actual del sector frut\u00edcola en el partido de Mercedes y se relevaron las principales necesidades de los productores.<\/p>\n\n\n\n<p class=\"wp-block-paragraph\">Entre los temas abordados estuvieron la <strong>capacitaci\u00f3n t\u00e9cnica<\/strong>, el acompa\u00f1amiento financiero a los proyectos y la optimizaci\u00f3n de los procesos productivos. Tambi\u00e9n se plante\u00f3 la necesidad de coordinar herramientas p\u00fablicas que permitan fortalecer el desarrollo sustentable de las explotaciones frut\u00edcolas.<\/p>\n\n\n\n<p class=\"wp-block-paragraph\">San Mart\u00edn destac\u00f3 la importancia de sostener espacios de di\u00e1logo directo entre productores, instituciones y organismos estatales para conocer las demandas del sector y acompa\u00f1ar su crecimiento.<\/p>\n\n\n\n<p class=\"wp-block-paragraph\">La titular del HCD tambi\u00e9n se\u00f1al\u00f3 que Mercedes cuenta con potencial para ampliar su matriz agroproductiva, generar empleo y abrir nuevas oportunidades para la comunidad.<\/p>\n","protected":false},"excerpt":{"rendered":"<p>La Chacra Experimental de Mercedes fue escenario de una nueva reuni\u00f3n de la Mesa Frut\u00edcola 2026, que reuni\u00f3 a autoridades &#8230; <a title=\"Mercedes fue sede de la Mesa Frut\u00edcola 2026\" class=\"read-more\" href=\"https:\/\/www.hoymercedes.com.ar\/principal\/2026\/08\/31\/mercedes-fue-sede-de-la-mesa-fruticola-2026\/\" aria-label=\"Leer m\u00e1s sobre Mercedes fue sede de la Mesa Frut\u00edcola 2026\">Leer m\u00e1s<\/a><\/p>\n","protected":false},"author":1,"featured_media":201218,"comment_status":"closed","ping_status":"open","sticky":false,"template":"","format":"standard","meta":{"_monsterinsights_skip_tracking":false,"_jetpack_newsletter_access":"","_jetpack_dont_email_post_to_subs":false,"_jetpack_newsletter_tier_id":0,"_jetpack_memberships_contains_paywalled_content":false,"_jetpack_feature_clip_id":0,"_jetpack_memberships_contains_paid_content":false,"footnotes":"","jetpack_publicize_message":"{title}\n\n{excerpt}\n\n{url}","jetpack_publicize_feature_enabled":true,"jetpack_social_post_already_shared":true,"jetpack_social_options":{"image_generator_settings":{"template":"highway","default_image_id":0,"font":"","enabled":false},"version":2},"_wpas_customize_per_network":false,"jetpack_post_was_ever_published":false},"categories":[8],"tags":[],"class_list":["post-201217","post","type-post","status-publish","format-standard","has-post-thumbnail","hentry","category-sociedad","generate-columns","tablet-grid-50","mobile-grid-100","grid-parent","grid-50"],"jetpack_publicize_connections":[],"wps_subtitle":"","jetpack_sharing_enabled":true,"jetpack_featured_media_url":"https:\/\/www.hoymercedes.com.ar\/principal\/wp-content\/uploads\/2026\/08\/image-159.png","_links":{"self":[{"href":"https:\/\/www.hoymercedes.com.ar\/principal\/wp-json\/wp\/v2\/posts\/201217","targetHints":{"allow":["GET"]}}],"collection":[{"href":"https:\/\/www.hoymercedes.com.ar\/principal\/wp-json\/wp\/v2\/posts"}],"about":[{"href":"https:\/\/www.hoymercedes.com.ar\/principal\/wp-json\/wp\/v2\/types\/post"}],"author":[{"embeddable":true,"href":"https:\/\/www.hoymercedes.com.ar\/principal\/wp-json\/wp\/v2\/users\/1"}],"replies":[{"embeddable":true,"href":"https:\/\/www.hoymercedes.com.ar\/principal\/wp-json\/wp\/v2\/comments?post=201217"}],"version-history":[{"count":1,"href":"https:\/\/www.hoymercedes.com.ar\/principal\/wp-json\/wp\/v2\/posts\/201217\/revisions"}],"predecessor-version":[{"id":201219,"href":"https:\/\/www.hoymercedes.com.ar\/principal\/wp-json\/wp\/v2\/posts\/201217\/revisions\/201219"}],"wp:featuredmedia":[{"embeddable":true,"href":"https:\/\/www.hoymercedes.com.ar\/principal\/wp-json\/wp\/v2\/media\/201218"}],"wp:attachment":[{"href":"https:\/\/www.hoymercedes.com.ar\/principal\/wp-json\/wp\/v2\/media?parent=201217"}],"wp:term":[{"taxonomy":"category","embeddable":true,"href":"https:\/\/www.hoymercedes.com.ar\/principal\/wp-json\/wp\/v2\/categories?post=201217"},{"taxonomy":"post_tag","embeddable":true,"href":"https:\/\/www.hoymercedes.com.ar\/principal\/wp-json\/wp\/v2\/tags?post=201217"}],"curies":[{"name":"wp","href":"https:\/\/api.w.org\/{rel}","templated":true}]}}