{"id":20122,"date":"2013-02-25T22:12:05","date_gmt":"2013-02-25T22:12:05","guid":{"rendered":"http:\/\/www.hoymercedes.com.ar\/principal\/?p=20122"},"modified":"2013-02-25T22:25:30","modified_gmt":"2013-02-25T22:25:30","slug":"detenido-por-disturbios-en-un-micro-de-larga-distancia-en-peaje-de-olivera","status":"publish","type":"post","link":"https:\/\/www.hoymercedes.com.ar\/principal\/2013\/02\/25\/detenido-por-disturbios-en-un-micro-de-larga-distancia-en-peaje-de-olivera\/","title":{"rendered":"Detenido por disturbios en un micro de larga distancia en peaje de Olivera"},"content":{"rendered":"<figure id=\"attachment_20124\" aria-describedby=\"caption-attachment-20124\" style=\"width: 608px\" class=\"wp-caption aligncenter\"><a href=\"https:\/\/www.hoymercedes.com.ar\/principal\/wp-content\/uploads\/2013\/02\/PeajeOlivera.jpg\"><img loading=\"lazy\" decoding=\"async\" data-attachment-id=\"20124\" data-permalink=\"https:\/\/www.hoymercedes.com.ar\/principal\/2013\/02\/25\/detenido-por-disturbios-en-un-micro-de-larga-distancia-en-peaje-de-olivera\/peajeolivera\/#main\" data-orig-file=\"https:\/\/www.hoymercedes.com.ar\/principal\/wp-content\/uploads\/2013\/02\/PeajeOlivera.jpg\" data-orig-size=\"618,211\" data-comments-opened=\"1\" data-image-meta=\"{&quot;aperture&quot;:&quot;2.6&quot;,&quot;credit&quot;:&quot;&quot;,&quot;camera&quot;:&quot;GT-B5510L&quot;,&quot;caption&quot;:&quot;&quot;,&quot;created_timestamp&quot;:&quot;1356281654&quot;,&quot;copyright&quot;:&quot;&quot;,&quot;focal_length&quot;:&quot;2.79&quot;,&quot;iso&quot;:&quot;50&quot;,&quot;shutter_speed&quot;:&quot;0.0021097046413502&quot;,&quot;title&quot;:&quot;&quot;}\" data-image-title=\"PeajeOlivera\" data-image-description=\"&lt;p&gt;Peaje Olivera&lt;\/p&gt;\n\" data-image-caption=\"&lt;p&gt;Peaje Olivera&lt;\/p&gt;\n\" data-large-file=\"https:\/\/www.hoymercedes.com.ar\/principal\/wp-content\/uploads\/2013\/02\/PeajeOlivera.jpg\" class=\"size-full wp-image-20124\" alt=\"Peaje Olivera\" src=\"https:\/\/www.hoymercedes.com.ar\/principal\/wp-content\/uploads\/2013\/02\/PeajeOlivera.jpg\" width=\"618\" height=\"211\" \/><\/a><figcaption id=\"caption-attachment-20124\" class=\"wp-caption-text\">Peaje Olivera<\/figcaption><\/figure>\n<p><em><strong>Hace unos d\u00edas se vivi\u00f3 un momento en un micro de \u00abCrucero del Norte\u00bb donde a la altura del peaje de Olivera debi\u00f3 recibir asistencia policial por un problema vivido con un pasajero que ven\u00eda desde hac\u00eda muchos kil\u00f3metros teniendo cruces indeseados con el chofer y provocando molestias con los pasajeros. Result\u00f3 detenido por personal policial.\u00a0<\/strong><\/em><\/p>\n<p>El hecho tuvo inicio cuando un efectivo de la Comisaria local que se encontraba llevando a cabo la custodia de la estaci\u00f3n de peajes de Olivera tom\u00f3 conocimiento por parte de los propios empleados del lugar que en pocos minutos llegar\u00eda al lugar un micro en donde estaba ocurriendo un episodio de violencia entre un pasajero y el chofer.<\/p>\n<p>A los pocos minutos arrib\u00f3 a las cabinas del peaje un colectivo de la firma \u00abCrucero del Norte\u00bb. En ese momento su chofer le indico al uniformado que en el interior del micro, m\u00e1s espec\u00edficamente en el ba\u00f1o, hab\u00eda una persona que minutos antes fue agresiva hacia \u00e9l, como as\u00ed tambi\u00e9n hacia alg\u00fan otro pasajero. Fue as\u00ed que este efectivo ingresa al rodado y se dirige a dicho sector pudiendo entablar un dialogo pacifico con un se\u00f1or que, si bien se mostraba nervioso, presto colaboraci\u00f3n con el accionar, descendiendo del micro.<\/p>\n<p>El problema se torn\u00f3 conflictivo cuando el uniformado le solicit\u00f3 a ese ciudadano que se identifique y que exhiba el recibo de sus b\u00e1rtulos, ya que \u00e9se hombre se neg\u00f3 rotundamente a hacerlo. Empez\u00f3 a mostrarse nervioso y agresivo.<\/p>\n<p>Se puso cada vez m\u00e1s tensa la situaci\u00f3n generando un momento de fuerte incomodidad y riesgo para los pasajeros y el conductor. Fue entonces que se lo \u00abredujo\u00bb y se lo traslad\u00f3 a la comisario local.<\/p>\n<p>El hombre, de 55 a\u00f1os de edad, se halla en estos momentos con una causa judicial caraturala como \u00ababuso a la autoridad\u00bb con intervenci\u00f3n de la Fiscal\u00eda N\u00ba 5 de nuestra ciudad.<\/p>\n<p>&nbsp;<\/p>\n","protected":false},"excerpt":{"rendered":"<p>Hace unos d\u00edas se vivi\u00f3 un momento en un micro de \u00abCrucero del Norte\u00bb donde a la altura del peaje &#8230; <a title=\"Detenido por disturbios en un micro de larga distancia en peaje de Olivera\" class=\"read-more\" href=\"https:\/\/www.hoymercedes.com.ar\/principal\/2013\/02\/25\/detenido-por-disturbios-en-un-micro-de-larga-distancia-en-peaje-de-olivera\/\" aria-label=\"Leer m\u00e1s sobre Detenido por disturbios en un micro de larga distancia en peaje de Olivera\">Leer m\u00e1s<\/a><\/p>\n","protected":false},"author":1,"featured_media":0,"comment_status":"open","ping_status":"open","sticky":false,"template":"","format":"standard","meta":{"_monsterinsights_skip_tracking":false,"_monsterinsights_sitenote_active":false,"_monsterinsights_sitenote_note":"","_monsterinsights_sitenote_category":0,"jetpack_post_was_ever_published":false,"_jetpack_newsletter_access":"","_jetpack_dont_email_post_to_subs":false,"_jetpack_newsletter_tier_id":0,"_jetpack_memberships_contains_paywalled_content":false,"_jetpack_memberships_contains_paid_content":false,"footnotes":"","jetpack_publicize_message":"","jetpack_publicize_feature_enabled":true,"jetpack_social_post_already_shared":false,"jetpack_social_options":{"image_generator_settings":{"template":"highway","default_image_id":0,"font":"","enabled":false},"version":2},"_wpas_customize_per_network":false},"categories":[85],"tags":[3207],"class_list":["post-20122","post","type-post","status-publish","format-standard","hentry","category-policial","tag-peaje-olivera","generate-columns","tablet-grid-50","mobile-grid-100","grid-parent","grid-50"],"jetpack_publicize_connections":[],"jetpack_featured_media_url":"","wps_subtitle":"","jetpack_sharing_enabled":true,"_links":{"self":[{"href":"https:\/\/www.hoymercedes.com.ar\/principal\/wp-json\/wp\/v2\/posts\/20122","targetHints":{"allow":["GET"]}}],"collection":[{"href":"https:\/\/www.hoymercedes.com.ar\/principal\/wp-json\/wp\/v2\/posts"}],"about":[{"href":"https:\/\/www.hoymercedes.com.ar\/principal\/wp-json\/wp\/v2\/types\/post"}],"author":[{"embeddable":true,"href":"https:\/\/www.hoymercedes.com.ar\/principal\/wp-json\/wp\/v2\/users\/1"}],"replies":[{"embeddable":true,"href":"https:\/\/www.hoymercedes.com.ar\/principal\/wp-json\/wp\/v2\/comments?post=20122"}],"version-history":[{"count":0,"href":"https:\/\/www.hoymercedes.com.ar\/principal\/wp-json\/wp\/v2\/posts\/20122\/revisions"}],"wp:attachment":[{"href":"https:\/\/www.hoymercedes.com.ar\/principal\/wp-json\/wp\/v2\/media?parent=20122"}],"wp:term":[{"taxonomy":"category","embeddable":true,"href":"https:\/\/www.hoymercedes.com.ar\/principal\/wp-json\/wp\/v2\/categories?post=20122"},{"taxonomy":"post_tag","embeddable":true,"href":"https:\/\/www.hoymercedes.com.ar\/principal\/wp-json\/wp\/v2\/tags?post=20122"}],"curies":[{"name":"wp","href":"https:\/\/api.w.org\/{rel}","templated":true}]}}