{"id":201220,"date":"2026-08-31T08:25:00","date_gmt":"2026-08-31T11:25:00","guid":{"rendered":"https:\/\/www.hoymercedes.com.ar\/principal\/?p=201220"},"modified":"2026-08-28T19:26:52","modified_gmt":"2026-08-28T22:26:52","slug":"sabrina-selva-participo-de-la-conformacion-del-grupo-parlamentario-de-amistad-con-indonesia","status":"publish","type":"post","link":"https:\/\/www.hoymercedes.com.ar\/principal\/2026\/08\/31\/sabrina-selva-participo-de-la-conformacion-del-grupo-parlamentario-de-amistad-con-indonesia\/","title":{"rendered":"Sabrina Selva particip\u00f3 de la conformaci\u00f3n del Grupo Parlamentario de Amistad con Indonesia"},"content":{"rendered":"\n<figure class=\"wp-block-image size-large\"><img loading=\"lazy\" decoding=\"async\" width=\"1024\" height=\"682\" data-attachment-id=\"201221\" data-permalink=\"https:\/\/www.hoymercedes.com.ar\/principal\/2026\/08\/31\/sabrina-selva-participo-de-la-conformacion-del-grupo-parlamentario-de-amistad-con-indonesia\/image-1031\/#main\" data-orig-file=\"https:\/\/www.hoymercedes.com.ar\/principal\/wp-content\/uploads\/2026\/08\/image-160.png\" data-orig-size=\"1332,887\" data-comments-opened=\"0\" data-image-title=\"image\" data-image-description=\"\" data-image-caption=\"\" data-large-file=\"https:\/\/www.hoymercedes.com.ar\/principal\/wp-content\/uploads\/2026\/08\/image-160-1024x682.png\" src=\"https:\/\/www.hoymercedes.com.ar\/principal\/wp-content\/uploads\/2026\/08\/image-160-1024x682.png\" alt=\"\" class=\"wp-image-201221\" srcset=\"https:\/\/www.hoymercedes.com.ar\/principal\/wp-content\/uploads\/2026\/08\/image-160-1024x682.png 1024w, https:\/\/www.hoymercedes.com.ar\/principal\/wp-content\/uploads\/2026\/08\/image-160-150x100.png 150w, https:\/\/www.hoymercedes.com.ar\/principal\/wp-content\/uploads\/2026\/08\/image-160-630x420.png 630w, https:\/\/www.hoymercedes.com.ar\/principal\/wp-content\/uploads\/2026\/08\/image-160.png 1332w\" sizes=\"auto, (max-width: 1024px) 100vw, 1024px\" \/><\/figure>\n\n\n\n<p class=\"wp-block-paragraph\">La diputada nacional <strong>Sabrina Selva<\/strong> particip\u00f3 de la constituci\u00f3n formal del <strong>Grupo Parlamentario de Amistad con Indonesia<\/strong>, creado en la C\u00e1mara de Diputados de la Naci\u00f3n para fortalecer los v\u00ednculos entre ambos pa\u00edses.<\/p>\n\n\n\n<p class=\"wp-block-paragraph\">Del encuentro tambi\u00e9n participaron legisladores de distintos bloques y el embajador de Indonesia en la Argentina, <strong>Sulaiman Syarif<\/strong>. La iniciativa se desarrolla en el marco de los <strong>70 a\u00f1os de relaciones bilaterales<\/strong>.<\/p>\n\n\n\n<p class=\"wp-block-paragraph\"><strong>Una agenda de cooperaci\u00f3n<\/strong><\/p>\n\n\n\n<p class=\"wp-block-paragraph\">El nuevo espacio parlamentario buscar\u00e1 promover una agenda com\u00fan en materia de <strong>comercio, producci\u00f3n, educaci\u00f3n, tecnolog\u00eda y cultura<\/strong>, adem\u00e1s de consolidar canales de cooperaci\u00f3n entre ambas naciones.<\/p>\n\n\n\n<p class=\"wp-block-paragraph\">Durante la reuni\u00f3n se destacaron avances comerciales, entre ellos la apertura del mercado indonesio para la <strong>carne bovina y los productos l\u00e1cteos argentinos<\/strong>. Tambi\u00e9n se mencionaron los env\u00edos de harina de soja y ma\u00edz que ya forman parte del intercambio bilateral.<\/p>\n\n\n\n<p class=\"wp-block-paragraph\">Adem\u00e1s, se coordinaron acciones con la Direcci\u00f3n Nacional de Cooperaci\u00f3n Internacional y la Embajada de Indonesia para impulsar <strong>becas e intercambios acad\u00e9micos<\/strong> entre universidades.<\/p>\n\n\n\n<p class=\"wp-block-paragraph\"><strong>El respaldo a la soberan\u00eda argentina<\/strong><\/p>\n\n\n\n<p class=\"wp-block-paragraph\">Selva se\u00f1al\u00f3 que el embajador Syarif ratific\u00f3 el respaldo hist\u00f3rico de Indonesia al reclamo argentino de soberan\u00eda sobre las <strong>Islas Malvinas<\/strong>.<\/p>\n\n\n\n<p class=\"wp-block-paragraph\">La legisladora destac\u00f3 la importancia de estos grupos parlamentarios como \u00e1mbitos institucionales para sostener los v\u00ednculos diplom\u00e1ticos y generar nuevas oportunidades para la econom\u00eda y la cooperaci\u00f3n internacional.<\/p>\n","protected":false},"excerpt":{"rendered":"<p>La diputada nacional Sabrina Selva particip\u00f3 de la constituci\u00f3n formal del Grupo Parlamentario de Amistad con Indonesia, creado en la &#8230; <a title=\"Sabrina Selva particip\u00f3 de la conformaci\u00f3n del Grupo Parlamentario de Amistad con Indonesia\" class=\"read-more\" href=\"https:\/\/www.hoymercedes.com.ar\/principal\/2026\/08\/31\/sabrina-selva-participo-de-la-conformacion-del-grupo-parlamentario-de-amistad-con-indonesia\/\" aria-label=\"Leer m\u00e1s sobre Sabrina Selva particip\u00f3 de la conformaci\u00f3n del Grupo Parlamentario de Amistad con Indonesia\">Leer m\u00e1s<\/a><\/p>\n","protected":false},"author":1,"featured_media":201221,"comment_status":"closed","ping_status":"open","sticky":false,"template":"","format":"standard","meta":{"_monsterinsights_skip_tracking":false,"_jetpack_newsletter_access":"","_jetpack_dont_email_post_to_subs":false,"_jetpack_newsletter_tier_id":0,"_jetpack_memberships_contains_paywalled_content":false,"_jetpack_feature_clip_id":0,"_jetpack_memberships_contains_paid_content":false,"footnotes":"","jetpack_publicize_message":"{title}\n\n{excerpt}\n\n{url}","jetpack_publicize_feature_enabled":true,"jetpack_social_post_already_shared":true,"jetpack_social_options":{"image_generator_settings":{"template":"highway","default_image_id":0,"font":"","enabled":false},"version":2},"_wpas_customize_per_network":false,"jetpack_post_was_ever_published":false},"categories":[5],"tags":[],"class_list":["post-201220","post","type-post","status-publish","format-standard","has-post-thumbnail","hentry","category-politica","generate-columns","tablet-grid-50","mobile-grid-100","grid-parent","grid-50"],"jetpack_publicize_connections":[],"wps_subtitle":"","jetpack_sharing_enabled":true,"jetpack_featured_media_url":"https:\/\/www.hoymercedes.com.ar\/principal\/wp-content\/uploads\/2026\/08\/image-160.png","_links":{"self":[{"href":"https:\/\/www.hoymercedes.com.ar\/principal\/wp-json\/wp\/v2\/posts\/201220","targetHints":{"allow":["GET"]}}],"collection":[{"href":"https:\/\/www.hoymercedes.com.ar\/principal\/wp-json\/wp\/v2\/posts"}],"about":[{"href":"https:\/\/www.hoymercedes.com.ar\/principal\/wp-json\/wp\/v2\/types\/post"}],"author":[{"embeddable":true,"href":"https:\/\/www.hoymercedes.com.ar\/principal\/wp-json\/wp\/v2\/users\/1"}],"replies":[{"embeddable":true,"href":"https:\/\/www.hoymercedes.com.ar\/principal\/wp-json\/wp\/v2\/comments?post=201220"}],"version-history":[{"count":1,"href":"https:\/\/www.hoymercedes.com.ar\/principal\/wp-json\/wp\/v2\/posts\/201220\/revisions"}],"predecessor-version":[{"id":201222,"href":"https:\/\/www.hoymercedes.com.ar\/principal\/wp-json\/wp\/v2\/posts\/201220\/revisions\/201222"}],"wp:featuredmedia":[{"embeddable":true,"href":"https:\/\/www.hoymercedes.com.ar\/principal\/wp-json\/wp\/v2\/media\/201221"}],"wp:attachment":[{"href":"https:\/\/www.hoymercedes.com.ar\/principal\/wp-json\/wp\/v2\/media?parent=201220"}],"wp:term":[{"taxonomy":"category","embeddable":true,"href":"https:\/\/www.hoymercedes.com.ar\/principal\/wp-json\/wp\/v2\/categories?post=201220"},{"taxonomy":"post_tag","embeddable":true,"href":"https:\/\/www.hoymercedes.com.ar\/principal\/wp-json\/wp\/v2\/tags?post=201220"}],"curies":[{"name":"wp","href":"https:\/\/api.w.org\/{rel}","templated":true}]}}