{"id":201226,"date":"2026-09-01T07:40:00","date_gmt":"2026-09-01T10:40:00","guid":{"rendered":"https:\/\/www.hoymercedes.com.ar\/principal\/?p=201226"},"modified":"2026-08-28T19:43:01","modified_gmt":"2026-08-28T22:43:01","slug":"super-nino-un-experto-advierte-donde-podria-sentirse-con-mayor-fuerza-en-la-argentina","status":"publish","type":"post","link":"https:\/\/www.hoymercedes.com.ar\/principal\/2026\/09\/01\/super-nino-un-experto-advierte-donde-podria-sentirse-con-mayor-fuerza-en-la-argentina\/","title":{"rendered":"\u201cS\u00faper Ni\u00f1o\u201d: un experto advierte d\u00f3nde podr\u00eda sentirse con mayor fuerza en la Argentina"},"content":{"rendered":"\n<figure class=\"wp-block-image size-large\"><img loading=\"lazy\" decoding=\"async\" width=\"1024\" height=\"576\" data-attachment-id=\"201228\" data-permalink=\"https:\/\/www.hoymercedes.com.ar\/principal\/2026\/09\/01\/super-nino-un-experto-advierte-donde-podria-sentirse-con-mayor-fuerza-en-la-argentina\/image-1034\/#main\" data-orig-file=\"https:\/\/www.hoymercedes.com.ar\/principal\/wp-content\/uploads\/2026\/08\/image-163.png\" data-orig-size=\"1200,675\" data-comments-opened=\"0\" data-image-title=\"image\" data-image-description=\"\" data-image-caption=\"\" data-large-file=\"https:\/\/www.hoymercedes.com.ar\/principal\/wp-content\/uploads\/2026\/08\/image-163-1024x576.png\" src=\"https:\/\/www.hoymercedes.com.ar\/principal\/wp-content\/uploads\/2026\/08\/image-163-1024x576.png\" alt=\"\" class=\"wp-image-201228\" srcset=\"https:\/\/www.hoymercedes.com.ar\/principal\/wp-content\/uploads\/2026\/08\/image-163-1024x576.png 1024w, https:\/\/www.hoymercedes.com.ar\/principal\/wp-content\/uploads\/2026\/08\/image-163-150x84.png 150w, https:\/\/www.hoymercedes.com.ar\/principal\/wp-content\/uploads\/2026\/08\/image-163-630x354.png 630w, https:\/\/www.hoymercedes.com.ar\/principal\/wp-content\/uploads\/2026\/08\/image-163.png 1200w\" sizes=\"auto, (max-width: 1024px) 100vw, 1024px\" \/><\/figure>\n\n\n\n<p class=\"wp-block-paragraph\">El ge\u00f3grafo y director ejecutivo de la <strong>Fundaci\u00f3n Tejido Urbano<\/strong>, <strong>Fernando \u00c1lvarez de Celis<\/strong>, analiz\u00f3 las proyecciones vinculadas con el fen\u00f3meno meteorol\u00f3gico conocido como <strong>\u201cS\u00faper Ni\u00f1o\u201d<\/strong> y plante\u00f3 la necesidad de mejorar la planificaci\u00f3n de las ciudades frente a posibles eventos clim\u00e1ticos extremos.<\/p>\n\n\n\n<p class=\"wp-block-paragraph\">El especialista explic\u00f3 que se trata de un fen\u00f3meno recurrente, aunque en esta oportunidad las condiciones de <strong>humedad y calor en el oc\u00e9ano Pac\u00edfico<\/strong> presentan valores elevados. Esto podr\u00eda generar lluvias intensas principalmente en el <strong>sur de Brasil, el norte de Uruguay y el Litoral argentino<\/strong>.<\/p>\n\n\n\n<p class=\"wp-block-paragraph\"><strong>Qu\u00e9 regiones podr\u00edan verse afectadas<\/strong><\/p>\n\n\n\n<p class=\"wp-block-paragraph\">\u00c1lvarez de Celis se\u00f1al\u00f3 que, en t\u00e9rminos generales, no se esperan lluvias importantes sobre la Patagonia. Sin embargo, indic\u00f3 que las masas de humedad podr\u00edan avanzar sobre la <strong>cuenca del r\u00edo Salado<\/strong>, donde el impacto ser\u00eda mayor.<\/p>\n\n\n\n<p class=\"wp-block-paragraph\">De todos modos, aclar\u00f3 que actualmente <strong>no existe una alerta meteorol\u00f3gica<\/strong> y pidi\u00f3 evitar situaciones de alarma. Recomend\u00f3 reforzar medidas preventivas como la <strong>limpieza de canales, sumideros y desag\u00fces<\/strong>, adem\u00e1s de no arrojar residuos en esos espacios.<\/p>\n\n\n\n<p class=\"wp-block-paragraph\"><strong>La necesidad de planificar mejor las ciudades<\/strong><\/p>\n\n\n\n<p class=\"wp-block-paragraph\">El ge\u00f3grafo sostuvo que la infraestructura h\u00eddrica disponible muchas veces resulta insuficiente para contener per\u00edodos de lluvias excepcionales, incluso cuando se realizan importantes inversiones p\u00fablicas.<\/p>\n\n\n\n<p class=\"wp-block-paragraph\">Tambi\u00e9n explic\u00f3 que numerosas localidades fueron construidas bajo la idea de que la naturaleza pod\u00eda ser controlada, lo que llev\u00f3 a que parte de la poblaci\u00f3n se asentara en <strong>zonas bajas, humedales o sectores no aptos para la urbanizaci\u00f3n<\/strong>.<\/p>\n\n\n\n<p class=\"wp-block-paragraph\">Frente a este escenario, remarc\u00f3 la necesidad de revisar el ordenamiento territorial y evitar que las ciudades contin\u00faen expandi\u00e9ndose sobre \u00e1reas vulnerables.<\/p>\n\n\n\n<p class=\"wp-block-paragraph\"><strong>Obras duras y soluciones naturales<\/strong><\/p>\n\n\n\n<p class=\"wp-block-paragraph\">\u00c1lvarez de Celis propuso combinar las obras tradicionales con estrategias que permitan recuperar el funcionamiento natural de los cursos de agua.<\/p>\n\n\n\n<p class=\"wp-block-paragraph\">\u201cEn el siglo XXI la ingenier\u00eda ha cambiado tambi\u00e9n y no solamente son obras duras, sino que se puede hacer obras blandas como mantener arroyos, como generar de vuelta renaturalizaci\u00f3n para que los flujos de agua corran naturalmente\u201d, explic\u00f3.<\/p>\n\n\n\n<p class=\"wp-block-paragraph\">Entre las alternativas mencion\u00f3 la creaci\u00f3n de <strong>reservorios<\/strong> para retener el exceso de agua durante las lluvias y utilizarla en per\u00edodos de sequ\u00eda. Seg\u00fan plante\u00f3, estas medidas deben complementarse con acciones cotidianas de prevenci\u00f3n y con una planificaci\u00f3n urbana que contemple los ciclos naturales del agua.<\/p>\n","protected":false},"excerpt":{"rendered":"<p>El ge\u00f3grafo y director ejecutivo de la Fundaci\u00f3n Tejido Urbano, Fernando \u00c1lvarez de Celis, analiz\u00f3 las proyecciones vinculadas con el &#8230; <a title=\"\u201cS\u00faper Ni\u00f1o\u201d: un experto advierte d\u00f3nde podr\u00eda sentirse con mayor fuerza en la Argentina\" class=\"read-more\" href=\"https:\/\/www.hoymercedes.com.ar\/principal\/2026\/09\/01\/super-nino-un-experto-advierte-donde-podria-sentirse-con-mayor-fuerza-en-la-argentina\/\" aria-label=\"Leer m\u00e1s sobre \u201cS\u00faper Ni\u00f1o\u201d: un experto advierte d\u00f3nde podr\u00eda sentirse con mayor fuerza en la Argentina\">Leer m\u00e1s<\/a><\/p>\n","protected":false},"author":1,"featured_media":201228,"comment_status":"closed","ping_status":"open","sticky":false,"template":"","format":"standard","meta":{"_monsterinsights_skip_tracking":false,"_jetpack_newsletter_access":"","_jetpack_dont_email_post_to_subs":false,"_jetpack_newsletter_tier_id":0,"_jetpack_memberships_contains_paywalled_content":false,"_jetpack_feature_clip_id":0,"_jetpack_memberships_contains_paid_content":false,"footnotes":"","jetpack_publicize_message":"{title}\n\n{excerpt}\n\n{url}","jetpack_publicize_feature_enabled":true,"jetpack_social_post_already_shared":true,"jetpack_social_options":{"image_generator_settings":{"template":"highway","default_image_id":0,"font":"","enabled":false},"version":2},"_wpas_customize_per_network":false,"jetpack_post_was_ever_published":false},"categories":[8],"tags":[],"class_list":["post-201226","post","type-post","status-publish","format-standard","has-post-thumbnail","hentry","category-sociedad","generate-columns","tablet-grid-50","mobile-grid-100","grid-parent","grid-50"],"jetpack_publicize_connections":[],"wps_subtitle":"","jetpack_sharing_enabled":true,"jetpack_featured_media_url":"https:\/\/www.hoymercedes.com.ar\/principal\/wp-content\/uploads\/2026\/08\/image-163.png","_links":{"self":[{"href":"https:\/\/www.hoymercedes.com.ar\/principal\/wp-json\/wp\/v2\/posts\/201226","targetHints":{"allow":["GET"]}}],"collection":[{"href":"https:\/\/www.hoymercedes.com.ar\/principal\/wp-json\/wp\/v2\/posts"}],"about":[{"href":"https:\/\/www.hoymercedes.com.ar\/principal\/wp-json\/wp\/v2\/types\/post"}],"author":[{"embeddable":true,"href":"https:\/\/www.hoymercedes.com.ar\/principal\/wp-json\/wp\/v2\/users\/1"}],"replies":[{"embeddable":true,"href":"https:\/\/www.hoymercedes.com.ar\/principal\/wp-json\/wp\/v2\/comments?post=201226"}],"version-history":[{"count":1,"href":"https:\/\/www.hoymercedes.com.ar\/principal\/wp-json\/wp\/v2\/posts\/201226\/revisions"}],"predecessor-version":[{"id":201229,"href":"https:\/\/www.hoymercedes.com.ar\/principal\/wp-json\/wp\/v2\/posts\/201226\/revisions\/201229"}],"wp:featuredmedia":[{"embeddable":true,"href":"https:\/\/www.hoymercedes.com.ar\/principal\/wp-json\/wp\/v2\/media\/201228"}],"wp:attachment":[{"href":"https:\/\/www.hoymercedes.com.ar\/principal\/wp-json\/wp\/v2\/media?parent=201226"}],"wp:term":[{"taxonomy":"category","embeddable":true,"href":"https:\/\/www.hoymercedes.com.ar\/principal\/wp-json\/wp\/v2\/categories?post=201226"},{"taxonomy":"post_tag","embeddable":true,"href":"https:\/\/www.hoymercedes.com.ar\/principal\/wp-json\/wp\/v2\/tags?post=201226"}],"curies":[{"name":"wp","href":"https:\/\/api.w.org\/{rel}","templated":true}]}}