{"id":201230,"date":"2026-09-02T07:43:00","date_gmt":"2026-09-02T10:43:00","guid":{"rendered":"https:\/\/www.hoymercedes.com.ar\/principal\/?p=201230"},"modified":"2026-08-28T19:45:33","modified_gmt":"2026-08-28T22:45:33","slug":"casi-7-de-cada-10-jovenes-enfrenta-dificultades-para-acceder-a-un-empleo-de-calidad","status":"publish","type":"post","link":"https:\/\/www.hoymercedes.com.ar\/principal\/2026\/09\/02\/casi-7-de-cada-10-jovenes-enfrenta-dificultades-para-acceder-a-un-empleo-de-calidad\/","title":{"rendered":"Casi 7 de cada 10 j\u00f3venes enfrenta dificultades para acceder a un empleo de calidad"},"content":{"rendered":"\n<figure class=\"wp-block-image size-large\"><img loading=\"lazy\" decoding=\"async\" width=\"1024\" height=\"583\" data-attachment-id=\"201231\" data-permalink=\"https:\/\/www.hoymercedes.com.ar\/principal\/2026\/09\/02\/casi-7-de-cada-10-jovenes-enfrenta-dificultades-para-acceder-a-un-empleo-de-calidad\/image-1035\/#main\" data-orig-file=\"https:\/\/www.hoymercedes.com.ar\/principal\/wp-content\/uploads\/2026\/08\/image-164.png\" data-orig-size=\"1370,780\" data-comments-opened=\"0\" data-image-title=\"image\" data-image-description=\"\" data-image-caption=\"\" data-large-file=\"https:\/\/www.hoymercedes.com.ar\/principal\/wp-content\/uploads\/2026\/08\/image-164-1024x583.png\" src=\"https:\/\/www.hoymercedes.com.ar\/principal\/wp-content\/uploads\/2026\/08\/image-164-1024x583.png\" alt=\"\" class=\"wp-image-201231\" srcset=\"https:\/\/www.hoymercedes.com.ar\/principal\/wp-content\/uploads\/2026\/08\/image-164-1024x583.png 1024w, https:\/\/www.hoymercedes.com.ar\/principal\/wp-content\/uploads\/2026\/08\/image-164-150x85.png 150w, https:\/\/www.hoymercedes.com.ar\/principal\/wp-content\/uploads\/2026\/08\/image-164-630x359.png 630w, https:\/\/www.hoymercedes.com.ar\/principal\/wp-content\/uploads\/2026\/08\/image-164.png 1370w\" sizes=\"auto, (max-width: 1024px) 100vw, 1024px\" \/><\/figure>\n\n\n\n<p class=\"wp-block-paragraph\">Un informe del <strong>Observatorio de la Deuda Social Argentina (ODSA)<\/strong> de la <strong>Universidad Cat\u00f3lica Argentina (UCA)<\/strong> advierte sobre las dificultades que atraviesan los j\u00f3venes de entre <strong>18 y 25 a\u00f1os<\/strong> para incorporarse al mercado laboral.<\/p>\n\n\n\n<p class=\"wp-block-paragraph\">Seg\u00fan el relevamiento analizado por <strong>Eduardo Donza<\/strong>, especialista en mercado de trabajo y desigualdad social, el <strong>36,6%<\/strong> de los j\u00f3venes permanece inactivo, el <strong>22,5%<\/strong> realiza changas o tareas irregulares, el <strong>16%<\/strong> tiene un empleo regular pero precario y el <strong>10,7%<\/strong> lleva m\u00e1s de seis meses desocupado.<\/p>\n\n\n\n<p class=\"wp-block-paragraph\">En contraste, apenas el <strong>14,2%<\/strong> accede a un trabajo formal con plenos derechos.<\/p>\n\n\n\n<p class=\"wp-block-paragraph\"><strong>La desigualdad condiciona las oportunidades<\/strong><\/p>\n\n\n\n<p class=\"wp-block-paragraph\">Donza se\u00f1al\u00f3 que las dificultades son mayores entre quienes pertenecen a hogares de menores recursos. En esos casos, la situaci\u00f3n laboral de las familias suele reproducirse en las nuevas generaciones.<\/p>\n\n\n\n<p class=\"wp-block-paragraph\">El empleo regular alcanza al <strong>38,9%<\/strong> de los j\u00f3venes de nivel socioecon\u00f3mico medio alto, pero cae al <strong>19,7%<\/strong> entre los sectores m\u00e1s vulnerables.<\/p>\n\n\n\n<p class=\"wp-block-paragraph\">Adem\u00e1s, el <strong>20,7%<\/strong> de los j\u00f3venes no estudia ni trabaja. La proporci\u00f3n sube al <strong>34,2%<\/strong> en los hogares de menores ingresos y baja al <strong>8,3%<\/strong> en los sectores m\u00e1s acomodados. En cuanto a quienes estudian exclusivamente, representan el <strong>41,2%<\/strong> en el nivel medio alto y apenas el <strong>15,6%<\/strong> en el estrato m\u00e1s bajo.<\/p>\n\n\n\n<p class=\"wp-block-paragraph\"><strong>La precariedad no ser\u00eda una etapa pasajera<\/strong><\/p>\n\n\n\n<p class=\"wp-block-paragraph\">El investigador cuestion\u00f3 la idea de que los empleos informales o en plataformas sean simplemente una primera experiencia antes de acceder a trabajos protegidos.<\/p>\n\n\n\n<p class=\"wp-block-paragraph\">Seg\u00fan explic\u00f3, ese recorrido puede darse en econom\u00edas sostenidas y en desarrollo, pero resulta mucho m\u00e1s dif\u00edcil en un pa\u00eds que acumula crisis y mantiene elevados niveles de pobreza desde hace d\u00e9cadas.<\/p>\n\n\n\n<p class=\"wp-block-paragraph\">Donza tambi\u00e9n advirti\u00f3 que la exclusi\u00f3n laboral impacta en la salud emocional. El <strong>20%<\/strong> de los j\u00f3venes manifiesta malestar psicol\u00f3gico, una cifra que asciende a casi el <strong>30%<\/strong> entre quienes pertenecen a los sectores socioecon\u00f3micos m\u00e1s bajos.<\/p>\n\n\n\n<p class=\"wp-block-paragraph\">Generado por Zapia.com, tu IA personal<\/p>\n\n\n\n<p class=\"wp-block-paragraph\"><\/p>\n","protected":false},"excerpt":{"rendered":"<p>Un informe del Observatorio de la Deuda Social Argentina (ODSA) de la Universidad Cat\u00f3lica Argentina (UCA) advierte sobre las dificultades &#8230; <a title=\"Casi 7 de cada 10 j\u00f3venes enfrenta dificultades para acceder a un empleo de calidad\" class=\"read-more\" href=\"https:\/\/www.hoymercedes.com.ar\/principal\/2026\/09\/02\/casi-7-de-cada-10-jovenes-enfrenta-dificultades-para-acceder-a-un-empleo-de-calidad\/\" aria-label=\"Leer m\u00e1s sobre Casi 7 de cada 10 j\u00f3venes enfrenta dificultades para acceder a un empleo de calidad\">Leer m\u00e1s<\/a><\/p>\n","protected":false},"author":1,"featured_media":201231,"comment_status":"closed","ping_status":"open","sticky":false,"template":"","format":"standard","meta":{"_monsterinsights_skip_tracking":false,"_jetpack_newsletter_access":"","_jetpack_dont_email_post_to_subs":false,"_jetpack_newsletter_tier_id":0,"_jetpack_memberships_contains_paywalled_content":false,"_jetpack_feature_clip_id":0,"_jetpack_memberships_contains_paid_content":false,"footnotes":"","jetpack_publicize_message":"{title}\n\n{excerpt}\n\n{url}","jetpack_publicize_feature_enabled":true,"jetpack_social_post_already_shared":true,"jetpack_social_options":{"image_generator_settings":{"template":"highway","default_image_id":0,"font":"","enabled":false},"version":2},"_wpas_customize_per_network":false,"jetpack_post_was_ever_published":false},"categories":[8],"tags":[],"class_list":["post-201230","post","type-post","status-publish","format-standard","has-post-thumbnail","hentry","category-sociedad","generate-columns","tablet-grid-50","mobile-grid-100","grid-parent","grid-50"],"jetpack_publicize_connections":[],"wps_subtitle":"","jetpack_sharing_enabled":true,"jetpack_featured_media_url":"https:\/\/www.hoymercedes.com.ar\/principal\/wp-content\/uploads\/2026\/08\/image-164.png","_links":{"self":[{"href":"https:\/\/www.hoymercedes.com.ar\/principal\/wp-json\/wp\/v2\/posts\/201230","targetHints":{"allow":["GET"]}}],"collection":[{"href":"https:\/\/www.hoymercedes.com.ar\/principal\/wp-json\/wp\/v2\/posts"}],"about":[{"href":"https:\/\/www.hoymercedes.com.ar\/principal\/wp-json\/wp\/v2\/types\/post"}],"author":[{"embeddable":true,"href":"https:\/\/www.hoymercedes.com.ar\/principal\/wp-json\/wp\/v2\/users\/1"}],"replies":[{"embeddable":true,"href":"https:\/\/www.hoymercedes.com.ar\/principal\/wp-json\/wp\/v2\/comments?post=201230"}],"version-history":[{"count":1,"href":"https:\/\/www.hoymercedes.com.ar\/principal\/wp-json\/wp\/v2\/posts\/201230\/revisions"}],"predecessor-version":[{"id":201232,"href":"https:\/\/www.hoymercedes.com.ar\/principal\/wp-json\/wp\/v2\/posts\/201230\/revisions\/201232"}],"wp:featuredmedia":[{"embeddable":true,"href":"https:\/\/www.hoymercedes.com.ar\/principal\/wp-json\/wp\/v2\/media\/201231"}],"wp:attachment":[{"href":"https:\/\/www.hoymercedes.com.ar\/principal\/wp-json\/wp\/v2\/media?parent=201230"}],"wp:term":[{"taxonomy":"category","embeddable":true,"href":"https:\/\/www.hoymercedes.com.ar\/principal\/wp-json\/wp\/v2\/categories?post=201230"},{"taxonomy":"post_tag","embeddable":true,"href":"https:\/\/www.hoymercedes.com.ar\/principal\/wp-json\/wp\/v2\/tags?post=201230"}],"curies":[{"name":"wp","href":"https:\/\/api.w.org\/{rel}","templated":true}]}}