{"id":201234,"date":"2026-08-31T09:20:00","date_gmt":"2026-08-31T12:20:00","guid":{"rendered":"https:\/\/www.hoymercedes.com.ar\/principal\/?p=201234"},"modified":"2026-08-28T19:48:19","modified_gmt":"2026-08-28T22:48:19","slug":"cartas-para-marta-el-libro-que-recupera-una-historia-de-amor-y-la-memoria-de-mercedes","status":"publish","type":"post","link":"https:\/\/www.hoymercedes.com.ar\/principal\/2026\/08\/31\/cartas-para-marta-el-libro-que-recupera-una-historia-de-amor-y-la-memoria-de-mercedes\/","title":{"rendered":"\u201cCartas para Marta\u201d, el libro que recupera una historia de amor y la memoria de Mercedes"},"content":{"rendered":"\n<figure class=\"wp-block-image size-full\"><img loading=\"lazy\" decoding=\"async\" width=\"400\" height=\"400\" data-attachment-id=\"201236\" data-permalink=\"https:\/\/www.hoymercedes.com.ar\/principal\/2026\/08\/31\/cartas-para-marta-el-libro-que-recupera-una-historia-de-amor-y-la-memoria-de-mercedes\/image-1036\/#main\" data-orig-file=\"https:\/\/www.hoymercedes.com.ar\/principal\/wp-content\/uploads\/2026\/08\/image-165.png\" data-orig-size=\"400,400\" data-comments-opened=\"0\" data-image-title=\"image\" data-image-description=\"\" data-image-caption=\"\" data-large-file=\"https:\/\/www.hoymercedes.com.ar\/principal\/wp-content\/uploads\/2026\/08\/image-165.png\" src=\"https:\/\/www.hoymercedes.com.ar\/principal\/wp-content\/uploads\/2026\/08\/image-165.png\" alt=\"\" class=\"wp-image-201236\" srcset=\"https:\/\/www.hoymercedes.com.ar\/principal\/wp-content\/uploads\/2026\/08\/image-165.png 400w, https:\/\/www.hoymercedes.com.ar\/principal\/wp-content\/uploads\/2026\/08\/image-165-150x150.png 150w\" sizes=\"auto, (max-width: 400px) 100vw, 400px\" \/><\/figure>\n\n\n\n<p class=\"wp-block-paragraph\">El libro <strong>\u201cCartas para Marta: un tesoro literario rescatado del tiempo\u201d<\/strong>, del autor <strong>Fernando Pachiani<\/strong>, fue declarado de <strong>Inter\u00e9s Legislativo<\/strong> por el Honorable Concejo Deliberante de Mercedes, a trav\u00e9s del expediente <strong>N\u00b0 287\/2026<\/strong>.<\/p>\n\n\n\n<p class=\"wp-block-paragraph\">La presentaci\u00f3n se realizar\u00e1 el <strong>viernes 4 de septiembre a las 19<\/strong>, en la <strong>Biblioteca Popular Domingo F. Sarmiento<\/strong>, como parte de las actividades organizadas por el <strong>139\u00b0 aniversario de la instituci\u00f3n<\/strong>.<\/p>\n\n\n\n<p class=\"wp-block-paragraph\"><strong>Un hallazgo familiar<\/strong><\/p>\n\n\n\n<p class=\"wp-block-paragraph\">La obra naci\u00f3 a partir de un descubrimiento realizado luego del fallecimiento de la madre del autor. Entre sus pertenencias, junto a un \u00e1lbum familiar, apareci\u00f3 una caja que conten\u00eda decenas de cartas de amor escritas por su padre entre <strong>noviembre de 1954 y septiembre de 1962<\/strong>.<\/p>\n\n\n\n<p class=\"wp-block-paragraph\">A partir de esos escritos, Pachiani reconstruy\u00f3 una historia de amor real y, al mismo tiempo, recuper\u00f3 escenas de la vida cotidiana de la ciudad de Mercedes durante aquellos a\u00f1os.<\/p>\n\n\n\n<p class=\"wp-block-paragraph\">Las p\u00e1ginas del libro re\u00fanen emociones, costumbres, personajes, comercios, lugares y expresiones propias de una \u00e9poca que forma parte de la memoria colectiva local.<\/p>\n\n\n\n<p class=\"wp-block-paragraph\"><strong>Entre la literatura y la historia<\/strong><\/p>\n\n\n\n<p class=\"wp-block-paragraph\">El autor combin\u00f3 el contenido de las cartas con algunos elementos de ficci\u00f3n para construir una obra que excede el relato familiar y se convierte tambi\u00e9n en un documento hist\u00f3rico y afectivo.<\/p>\n\n\n\n<p class=\"wp-block-paragraph\">El libro se completa con el cuento <strong>\u201cCon pap\u00e1\u201d<\/strong>, ganador de la etapa local de los <strong>Juegos Bonaerenses para Adultos Mayores<\/strong>. La narraci\u00f3n propone al lector descubrir si logra completar la historia central de la obra.<\/p>\n","protected":false},"excerpt":{"rendered":"<p>El libro \u201cCartas para Marta: un tesoro literario rescatado del tiempo\u201d, del autor Fernando Pachiani, fue declarado de Inter\u00e9s Legislativo &#8230; <a title=\"\u201cCartas para Marta\u201d, el libro que recupera una historia de amor y la memoria de Mercedes\" class=\"read-more\" href=\"https:\/\/www.hoymercedes.com.ar\/principal\/2026\/08\/31\/cartas-para-marta-el-libro-que-recupera-una-historia-de-amor-y-la-memoria-de-mercedes\/\" aria-label=\"Leer m\u00e1s sobre \u201cCartas para Marta\u201d, el libro que recupera una historia de amor y la memoria de Mercedes\">Leer m\u00e1s<\/a><\/p>\n","protected":false},"author":1,"featured_media":201236,"comment_status":"closed","ping_status":"open","sticky":false,"template":"","format":"standard","meta":{"_monsterinsights_skip_tracking":false,"_jetpack_newsletter_access":"","_jetpack_dont_email_post_to_subs":false,"_jetpack_newsletter_tier_id":0,"_jetpack_memberships_contains_paywalled_content":false,"_jetpack_feature_clip_id":0,"_jetpack_memberships_contains_paid_content":false,"footnotes":"","jetpack_publicize_message":"{title}\n\n{excerpt}\n\n{url}","jetpack_publicize_feature_enabled":true,"jetpack_social_post_already_shared":true,"jetpack_social_options":{"image_generator_settings":{"template":"highway","default_image_id":0,"font":"","enabled":false},"version":2},"_wpas_customize_per_network":false,"jetpack_post_was_ever_published":false},"categories":[104],"tags":[],"class_list":["post-201234","post","type-post","status-publish","format-standard","has-post-thumbnail","hentry","category-cultura","generate-columns","tablet-grid-50","mobile-grid-100","grid-parent","grid-50"],"jetpack_publicize_connections":[],"wps_subtitle":"","jetpack_sharing_enabled":true,"jetpack_featured_media_url":"https:\/\/www.hoymercedes.com.ar\/principal\/wp-content\/uploads\/2026\/08\/image-165.png","_links":{"self":[{"href":"https:\/\/www.hoymercedes.com.ar\/principal\/wp-json\/wp\/v2\/posts\/201234","targetHints":{"allow":["GET"]}}],"collection":[{"href":"https:\/\/www.hoymercedes.com.ar\/principal\/wp-json\/wp\/v2\/posts"}],"about":[{"href":"https:\/\/www.hoymercedes.com.ar\/principal\/wp-json\/wp\/v2\/types\/post"}],"author":[{"embeddable":true,"href":"https:\/\/www.hoymercedes.com.ar\/principal\/wp-json\/wp\/v2\/users\/1"}],"replies":[{"embeddable":true,"href":"https:\/\/www.hoymercedes.com.ar\/principal\/wp-json\/wp\/v2\/comments?post=201234"}],"version-history":[{"count":1,"href":"https:\/\/www.hoymercedes.com.ar\/principal\/wp-json\/wp\/v2\/posts\/201234\/revisions"}],"predecessor-version":[{"id":201237,"href":"https:\/\/www.hoymercedes.com.ar\/principal\/wp-json\/wp\/v2\/posts\/201234\/revisions\/201237"}],"wp:featuredmedia":[{"embeddable":true,"href":"https:\/\/www.hoymercedes.com.ar\/principal\/wp-json\/wp\/v2\/media\/201236"}],"wp:attachment":[{"href":"https:\/\/www.hoymercedes.com.ar\/principal\/wp-json\/wp\/v2\/media?parent=201234"}],"wp:term":[{"taxonomy":"category","embeddable":true,"href":"https:\/\/www.hoymercedes.com.ar\/principal\/wp-json\/wp\/v2\/categories?post=201234"},{"taxonomy":"post_tag","embeddable":true,"href":"https:\/\/www.hoymercedes.com.ar\/principal\/wp-json\/wp\/v2\/tags?post=201234"}],"curies":[{"name":"wp","href":"https:\/\/api.w.org\/{rel}","templated":true}]}}