{"id":201260,"date":"2026-08-31T19:28:00","date_gmt":"2026-08-31T22:28:00","guid":{"rendered":"https:\/\/www.hoymercedes.com.ar\/principal\/?p=201260"},"modified":"2026-08-29T21:32:07","modified_gmt":"2026-08-30T00:32:07","slug":"mercedes-se-prepara-para-la-51a-fiesta-nacional-del-salame-quintero","status":"publish","type":"post","link":"https:\/\/www.hoymercedes.com.ar\/principal\/2026\/08\/31\/mercedes-se-prepara-para-la-51a-fiesta-nacional-del-salame-quintero\/","title":{"rendered":"Mercedes se prepara para la 51\u00aa Fiesta Nacional del Salame Quintero"},"content":{"rendered":"\n<figure class=\"wp-block-image size-large\"><img loading=\"lazy\" decoding=\"async\" width=\"899\" height=\"506\" data-attachment-id=\"201262\" data-permalink=\"https:\/\/www.hoymercedes.com.ar\/principal\/2026\/08\/31\/mercedes-se-prepara-para-la-51a-fiesta-nacional-del-salame-quintero\/whatsapp-image-2026-08-20-at-10-49-29-2\/#main\" data-orig-file=\"https:\/\/www.hoymercedes.com.ar\/principal\/wp-content\/uploads\/2026\/08\/WhatsApp-Image-2026-08-20-at-10.49.29-edited.jpeg\" data-orig-size=\"899,506\" data-comments-opened=\"0\" data-image-title=\"WhatsApp Image 2026-08-20 at 10.49.29\" data-image-description=\"\" data-image-caption=\"\" data-large-file=\"https:\/\/www.hoymercedes.com.ar\/principal\/wp-content\/uploads\/2026\/08\/WhatsApp-Image-2026-08-20-at-10.49.29-edited.jpeg\" src=\"https:\/\/www.hoymercedes.com.ar\/principal\/wp-content\/uploads\/2026\/08\/WhatsApp-Image-2026-08-20-at-10.49.29-edited.jpeg\" alt=\"\" class=\"wp-image-201262\" srcset=\"https:\/\/www.hoymercedes.com.ar\/principal\/wp-content\/uploads\/2026\/08\/WhatsApp-Image-2026-08-20-at-10.49.29-edited.jpeg 899w, https:\/\/www.hoymercedes.com.ar\/principal\/wp-content\/uploads\/2026\/08\/WhatsApp-Image-2026-08-20-at-10.49.29-edited-630x355.jpeg 630w, https:\/\/www.hoymercedes.com.ar\/principal\/wp-content\/uploads\/2026\/08\/WhatsApp-Image-2026-08-20-at-10.49.29-edited-150x84.jpeg 150w\" sizes=\"auto, (max-width: 899px) 100vw, 899px\" \/><\/figure>\n\n\n\n<p class=\"wp-block-paragraph\">Mercedes ultima los detalles para una nueva edici\u00f3n de la <strong>Fiesta Nacional del Salame Quintero<\/strong>, que se realizar\u00e1 el <strong>viernes 11, s\u00e1bado 12 y domingo 13 de septiembre<\/strong> en el <strong>Parque Municipal Independencia<\/strong>.<\/p>\n\n\n\n<p class=\"wp-block-paragraph\">La celebraci\u00f3n contar\u00e1 con productores locales, artesanos, propuestas gastron\u00f3micas y una grilla art\u00edstica con figuras nacionales. El escenario principal tendr\u00e1 las presentaciones de <strong>Antonio R\u00edos<\/strong>, <strong>Los Palmeras<\/strong> y <strong>Los Fronterizos<\/strong>, adem\u00e1s de m\u00fasicos y agrupaciones de la ciudad.<\/p>\n\n\n\n<p class=\"wp-block-paragraph\"><strong>Organizaci\u00f3n y participaci\u00f3n comunitaria<\/strong><\/p>\n\n\n\n<p class=\"wp-block-paragraph\">Las distintas \u00e1reas del Municipio, entre ellas <strong>Turismo, Cultura, Seguridad, Producci\u00f3n, Deportes y Servicios P\u00fablicos<\/strong>, mantendr\u00e1n una reuni\u00f3n general de trabajo en el <strong>Centro Cultural La Trocha<\/strong> junto con representantes de las entidades que participar\u00e1n del evento.<\/p>\n\n\n\n<p class=\"wp-block-paragraph\">El encuentro dar\u00e1 continuidad al trabajo realizado con productores de chacinados, artesanos, emprendedores, hoteleros, gastron\u00f3micos y artistas para definir la organizaci\u00f3n del predio.<\/p>\n\n\n\n<p class=\"wp-block-paragraph\">Las cantinas estar\u00e1n a beneficio de <strong>Estudiantes, Quilmes, Mercedes Rugby Club, Club Mercedes y Defensores<\/strong>. En tanto, el estacionamiento ser\u00e1 administrado por <strong>Bomberos Voluntarios, Club Uni\u00f3n, Club Quilmes y Club Los Carteros<\/strong>.<\/p>\n\n\n\n<p class=\"wp-block-paragraph\">El intendente <strong>Juan Ignacio Ustarroz<\/strong> destac\u00f3 que la fiesta representa una oportunidad para generar trabajo, dinamizar la econom\u00eda y fortalecer el perfil tur\u00edstico de la ciudad.<\/p>\n\n\n\n<p class=\"wp-block-paragraph\"><strong>Artistas, entradas y precios<\/strong><\/p>\n\n\n\n<p class=\"wp-block-paragraph\">La programaci\u00f3n principal ser\u00e1 la siguiente:<\/p>\n\n\n\n<ul class=\"wp-block-list\">\n<li><strong>Viernes 11:<\/strong> Antonio R\u00edos, con acceso libre y gratuito.<\/li>\n\n\n\n<li><strong>S\u00e1bado 12:<\/strong> Los Palmeras.<\/li>\n\n\n\n<li><strong>Domingo 13:<\/strong> Los Fronterizos.<\/li>\n<\/ul>\n\n\n\n<p class=\"wp-block-paragraph\">Las entradas anticipadas tienen un valor de <strong>$6.000 por jornada<\/strong>, mientras que la promoci\u00f3n de <strong>4 por 3<\/strong> cuesta <strong>$18.000<\/strong>. En puerta, el acceso del s\u00e1bado tendr\u00e1 un valor de <strong>$10.000<\/strong> y el del domingo de <strong>$8.000<\/strong>.<\/p>\n\n\n\n<p class=\"wp-block-paragraph\">Los jubilados abonar\u00e1n <strong>$5.000<\/strong> y las personas con <strong>Certificado \u00danico de Discapacidad (CUD)<\/strong> ingresar\u00e1n sin costo. El estacionamiento tendr\u00e1 un valor de <strong>$4.000 para autom\u00f3viles<\/strong> y <strong>$10.000 para colectivos<\/strong>.<\/p>\n\n\n\n<p class=\"wp-block-paragraph\"><strong>El impacto de la edici\u00f3n anterior<\/strong><\/p>\n\n\n\n<p class=\"wp-block-paragraph\">La organizaci\u00f3n busca mantener los resultados alcanzados durante el <strong>50\u00b0 aniversario<\/strong>, cuando la fiesta gener\u00f3 un movimiento econ\u00f3mico estimado en <strong>$370 millones<\/strong>, involucr\u00f3 a m\u00e1s de <strong>290 trabajadores y cooperativistas<\/strong>, reuni\u00f3 <strong>319 puestos de expositores<\/strong> y recibi\u00f3 a m\u00e1s de <strong>26.000 visitantes<\/strong>.<\/p>\n\n\n\n<p class=\"wp-block-paragraph\">Durante aquella edici\u00f3n tambi\u00e9n se registr\u00f3 una ocupaci\u00f3n completa de la capacidad hotelera local y de los alquileres temporarios.<\/p>\n","protected":false},"excerpt":{"rendered":"<p>Mercedes ultima los detalles para una nueva edici\u00f3n de la Fiesta Nacional del Salame Quintero, que se realizar\u00e1 el viernes &#8230; <a title=\"Mercedes se prepara para la 51\u00aa Fiesta Nacional del Salame Quintero\" class=\"read-more\" href=\"https:\/\/www.hoymercedes.com.ar\/principal\/2026\/08\/31\/mercedes-se-prepara-para-la-51a-fiesta-nacional-del-salame-quintero\/\" aria-label=\"Leer m\u00e1s sobre Mercedes se prepara para la 51\u00aa Fiesta Nacional del Salame Quintero\">Leer m\u00e1s<\/a><\/p>\n","protected":false},"author":1,"featured_media":201262,"comment_status":"closed","ping_status":"open","sticky":false,"template":"","format":"standard","meta":{"_monsterinsights_skip_tracking":false,"_jetpack_newsletter_access":"","_jetpack_dont_email_post_to_subs":false,"_jetpack_newsletter_tier_id":0,"_jetpack_memberships_contains_paywalled_content":false,"_jetpack_feature_clip_id":0,"_jetpack_memberships_contains_paid_content":false,"footnotes":"","jetpack_publicize_message":"{title}\n\n{excerpt}\n\n{url}","jetpack_publicize_feature_enabled":true,"jetpack_social_post_already_shared":true,"jetpack_social_options":{"image_generator_settings":{"template":"highway","default_image_id":0,"font":"","enabled":false},"version":2},"_wpas_customize_per_network":false,"jetpack_post_was_ever_published":false},"categories":[8],"tags":[],"class_list":["post-201260","post","type-post","status-publish","format-standard","has-post-thumbnail","hentry","category-sociedad","generate-columns","tablet-grid-50","mobile-grid-100","grid-parent","grid-50"],"jetpack_publicize_connections":[],"wps_subtitle":"","jetpack_sharing_enabled":true,"jetpack_featured_media_url":"https:\/\/www.hoymercedes.com.ar\/principal\/wp-content\/uploads\/2026\/08\/WhatsApp-Image-2026-08-20-at-10.49.29-edited.jpeg","_links":{"self":[{"href":"https:\/\/www.hoymercedes.com.ar\/principal\/wp-json\/wp\/v2\/posts\/201260","targetHints":{"allow":["GET"]}}],"collection":[{"href":"https:\/\/www.hoymercedes.com.ar\/principal\/wp-json\/wp\/v2\/posts"}],"about":[{"href":"https:\/\/www.hoymercedes.com.ar\/principal\/wp-json\/wp\/v2\/types\/post"}],"author":[{"embeddable":true,"href":"https:\/\/www.hoymercedes.com.ar\/principal\/wp-json\/wp\/v2\/users\/1"}],"replies":[{"embeddable":true,"href":"https:\/\/www.hoymercedes.com.ar\/principal\/wp-json\/wp\/v2\/comments?post=201260"}],"version-history":[{"count":1,"href":"https:\/\/www.hoymercedes.com.ar\/principal\/wp-json\/wp\/v2\/posts\/201260\/revisions"}],"predecessor-version":[{"id":201263,"href":"https:\/\/www.hoymercedes.com.ar\/principal\/wp-json\/wp\/v2\/posts\/201260\/revisions\/201263"}],"wp:featuredmedia":[{"embeddable":true,"href":"https:\/\/www.hoymercedes.com.ar\/principal\/wp-json\/wp\/v2\/media\/201262"}],"wp:attachment":[{"href":"https:\/\/www.hoymercedes.com.ar\/principal\/wp-json\/wp\/v2\/media?parent=201260"}],"wp:term":[{"taxonomy":"category","embeddable":true,"href":"https:\/\/www.hoymercedes.com.ar\/principal\/wp-json\/wp\/v2\/categories?post=201260"},{"taxonomy":"post_tag","embeddable":true,"href":"https:\/\/www.hoymercedes.com.ar\/principal\/wp-json\/wp\/v2\/tags?post=201260"}],"curies":[{"name":"wp","href":"https:\/\/api.w.org\/{rel}","templated":true}]}}