{"id":201271,"date":"2026-08-31T10:34:00","date_gmt":"2026-08-31T13:34:00","guid":{"rendered":"https:\/\/www.hoymercedes.com.ar\/principal\/?p=201271"},"modified":"2026-08-30T19:39:08","modified_gmt":"2026-08-30T22:39:08","slug":"conmemoran-los-106-anos-del-natalicio-de-octimio-landi","status":"publish","type":"post","link":"https:\/\/www.hoymercedes.com.ar\/principal\/2026\/08\/31\/conmemoran-los-106-anos-del-natalicio-de-octimio-landi\/","title":{"rendered":"Conmemoran los 106 a\u00f1os del natalicio de Octimio Landi"},"content":{"rendered":"\n<figure class=\"wp-block-image size-large\"><img loading=\"lazy\" decoding=\"async\" width=\"1024\" height=\"692\" data-attachment-id=\"201273\" data-permalink=\"https:\/\/www.hoymercedes.com.ar\/principal\/2026\/08\/31\/conmemoran-los-106-anos-del-natalicio-de-octimio-landi\/chatgpt-image-30-ago-2026-19_38_18\/#main\" data-orig-file=\"https:\/\/www.hoymercedes.com.ar\/principal\/wp-content\/uploads\/2026\/08\/ChatGPT-Image-30-ago-2026-19_38_18.png\" data-orig-size=\"1525,1031\" data-comments-opened=\"0\" data-image-title=\"ChatGPT Image 30 ago 2026, 19_38_18\" data-image-description=\"\" data-image-caption=\"\" data-large-file=\"https:\/\/www.hoymercedes.com.ar\/principal\/wp-content\/uploads\/2026\/08\/ChatGPT-Image-30-ago-2026-19_38_18-1024x692.png\" src=\"https:\/\/www.hoymercedes.com.ar\/principal\/wp-content\/uploads\/2026\/08\/ChatGPT-Image-30-ago-2026-19_38_18-1024x692.png\" alt=\"\" class=\"wp-image-201273\" srcset=\"https:\/\/www.hoymercedes.com.ar\/principal\/wp-content\/uploads\/2026\/08\/ChatGPT-Image-30-ago-2026-19_38_18-1024x692.png 1024w, https:\/\/www.hoymercedes.com.ar\/principal\/wp-content\/uploads\/2026\/08\/ChatGPT-Image-30-ago-2026-19_38_18-150x101.png 150w, https:\/\/www.hoymercedes.com.ar\/principal\/wp-content\/uploads\/2026\/08\/ChatGPT-Image-30-ago-2026-19_38_18-630x426.png 630w, https:\/\/www.hoymercedes.com.ar\/principal\/wp-content\/uploads\/2026\/08\/ChatGPT-Image-30-ago-2026-19_38_18.png 1525w\" sizes=\"auto, (max-width: 1024px) 100vw, 1024px\" \/><\/figure>\n\n\n\n<p class=\"wp-block-paragraph\">Este <strong>jueves 3 de septiembre<\/strong> se cumplir\u00e1n <strong>106 a\u00f1os del nacimiento de Octimio Landi<\/strong>, artista nacido en Mercedes que desarroll\u00f3 una amplia trayectoria en distintas disciplinas y dej\u00f3 una importante huella en la cultura local.<\/p>\n\n\n\n<p class=\"wp-block-paragraph\">Desde la <strong>Asociaci\u00f3n Civil Amigos del Artista Octimio Landi<\/strong> impulsan actividades para mantener viva su memoria y promover la preservaci\u00f3n de su obra y su legado.<\/p>\n\n\n\n<p class=\"wp-block-paragraph\"><strong>Una obra declarada patrimonio municipal<\/strong><\/p>\n\n\n\n<p class=\"wp-block-paragraph\">Landi naci\u00f3 en Mercedes el <strong>3 de septiembre de 1920<\/strong>. Adem\u00e1s de su producci\u00f3n art\u00edstica, quienes lo conocieron destacan sus valores personales, su generosidad y su capacidad para construir v\u00ednculos de amistad y camarader\u00eda.<\/p>\n\n\n\n<p class=\"wp-block-paragraph\">Su obra fue declarada <strong>Patrimonio Municipal<\/strong> mediante la <strong>Ordenanza N\u00b0 8455<\/strong>, aprobada en <strong>2020<\/strong>, al cumplirse el centenario de su nacimiento.<\/p>\n\n\n\n<p class=\"wp-block-paragraph\">\u201cEra primero y principal un maestro, generoso, al extremo\u201d, expres\u00f3 <strong>Carmen Guinot<\/strong>, presidenta de la Asociaci\u00f3n. Tambi\u00e9n lo defini\u00f3 como \u201cun hombre \u00edntegro con la mirada de ni\u00f1o, despojado de rispideces\u201d.<\/p>\n\n\n\n<p class=\"wp-block-paragraph\"><strong>Preservar su legado<\/strong><\/p>\n\n\n\n<p class=\"wp-block-paragraph\">Desde la entidad remarcaron que el patrimonio de Landi no se limita a sus obras, sino que tambi\u00e9n incluye su forma de entender la vida y su compromiso con el entorno.<\/p>\n\n\n\n<p class=\"wp-block-paragraph\">En ese sentido, destacaron su preocupaci\u00f3n por el <strong>medio ambiente<\/strong> y la reutilizaci\u00f3n de desechos provenientes de talleres metal\u00fargicos para la creaci\u00f3n de esculturas.<\/p>\n\n\n\n<p class=\"wp-block-paragraph\">La Asociaci\u00f3n propone declarar el <strong>3 de septiembre como el \u201cD\u00eda de Landi\u201d<\/strong>, con el objetivo de reconocer su aporte cultural y acercar a la comunidad a su obra y a su historia.<\/p>\n\n\n\n<p class=\"wp-block-paragraph\">\u201cSomos amigos de Landi. Debemos cuidar su patrimonio, algo intangible como el ejemplo de vida\u201d, se\u00f1alaron desde la comisi\u00f3n, que tambi\u00e9n sostuvo que \u201chace mucha falta muchos Octimio Landi\u201d en la actualidad.<\/p>\n","protected":false},"excerpt":{"rendered":"<p>Este jueves 3 de septiembre se cumplir\u00e1n 106 a\u00f1os del nacimiento de Octimio Landi, artista nacido en Mercedes que desarroll\u00f3 &#8230; <a title=\"Conmemoran los 106 a\u00f1os del natalicio de Octimio Landi\" class=\"read-more\" href=\"https:\/\/www.hoymercedes.com.ar\/principal\/2026\/08\/31\/conmemoran-los-106-anos-del-natalicio-de-octimio-landi\/\" aria-label=\"Leer m\u00e1s sobre Conmemoran los 106 a\u00f1os del natalicio de Octimio Landi\">Leer m\u00e1s<\/a><\/p>\n","protected":false},"author":1,"featured_media":201273,"comment_status":"closed","ping_status":"open","sticky":false,"template":"","format":"standard","meta":{"_monsterinsights_skip_tracking":false,"_jetpack_newsletter_access":"","_jetpack_dont_email_post_to_subs":false,"_jetpack_newsletter_tier_id":0,"_jetpack_memberships_contains_paywalled_content":false,"_jetpack_feature_clip_id":0,"_jetpack_memberships_contains_paid_content":false,"footnotes":"","jetpack_publicize_message":"{title}\n\n{excerpt}\n\n{url}","jetpack_publicize_feature_enabled":true,"jetpack_social_post_already_shared":true,"jetpack_social_options":{"image_generator_settings":{"template":"highway","default_image_id":0,"font":"","enabled":false},"version":2},"_wpas_customize_per_network":false,"jetpack_post_was_ever_published":false},"categories":[104],"tags":[],"class_list":["post-201271","post","type-post","status-publish","format-standard","has-post-thumbnail","hentry","category-cultura","generate-columns","tablet-grid-50","mobile-grid-100","grid-parent","grid-50"],"jetpack_publicize_connections":[],"wps_subtitle":"","jetpack_sharing_enabled":true,"jetpack_featured_media_url":"https:\/\/www.hoymercedes.com.ar\/principal\/wp-content\/uploads\/2026\/08\/ChatGPT-Image-30-ago-2026-19_38_18.png","_links":{"self":[{"href":"https:\/\/www.hoymercedes.com.ar\/principal\/wp-json\/wp\/v2\/posts\/201271","targetHints":{"allow":["GET"]}}],"collection":[{"href":"https:\/\/www.hoymercedes.com.ar\/principal\/wp-json\/wp\/v2\/posts"}],"about":[{"href":"https:\/\/www.hoymercedes.com.ar\/principal\/wp-json\/wp\/v2\/types\/post"}],"author":[{"embeddable":true,"href":"https:\/\/www.hoymercedes.com.ar\/principal\/wp-json\/wp\/v2\/users\/1"}],"replies":[{"embeddable":true,"href":"https:\/\/www.hoymercedes.com.ar\/principal\/wp-json\/wp\/v2\/comments?post=201271"}],"version-history":[{"count":1,"href":"https:\/\/www.hoymercedes.com.ar\/principal\/wp-json\/wp\/v2\/posts\/201271\/revisions"}],"predecessor-version":[{"id":201274,"href":"https:\/\/www.hoymercedes.com.ar\/principal\/wp-json\/wp\/v2\/posts\/201271\/revisions\/201274"}],"wp:featuredmedia":[{"embeddable":true,"href":"https:\/\/www.hoymercedes.com.ar\/principal\/wp-json\/wp\/v2\/media\/201273"}],"wp:attachment":[{"href":"https:\/\/www.hoymercedes.com.ar\/principal\/wp-json\/wp\/v2\/media?parent=201271"}],"wp:term":[{"taxonomy":"category","embeddable":true,"href":"https:\/\/www.hoymercedes.com.ar\/principal\/wp-json\/wp\/v2\/categories?post=201271"},{"taxonomy":"post_tag","embeddable":true,"href":"https:\/\/www.hoymercedes.com.ar\/principal\/wp-json\/wp\/v2\/tags?post=201271"}],"curies":[{"name":"wp","href":"https:\/\/api.w.org\/{rel}","templated":true}]}}