{"id":201275,"date":"2026-08-30T21:00:48","date_gmt":"2026-08-31T00:00:48","guid":{"rendered":"https:\/\/www.hoymercedes.com.ar\/principal\/?p=201275"},"modified":"2026-08-30T21:01:50","modified_gmt":"2026-08-31T00:01:50","slug":"estudiantes-volvio-a-ser-campeon-de-la-liga-mercedina-despues-de-diecinueve-anos","status":"publish","type":"post","link":"https:\/\/www.hoymercedes.com.ar\/principal\/2026\/08\/30\/estudiantes-volvio-a-ser-campeon-de-la-liga-mercedina-despues-de-diecinueve-anos\/","title":{"rendered":"Estudiantes volvi\u00f3 a ser campe\u00f3n de la Liga Mercedina despu\u00e9s de diecinueve a\u00f1os (video)"},"content":{"rendered":"\n<figure class=\"wp-block-image size-large\"><img loading=\"lazy\" decoding=\"async\" width=\"1024\" height=\"768\" data-attachment-id=\"201276\" data-permalink=\"https:\/\/www.hoymercedes.com.ar\/principal\/2026\/08\/30\/estudiantes-volvio-a-ser-campeon-de-la-liga-mercedina-despues-de-diecinueve-anos\/chatgpt-image-30-ago-2026-20_59_38\/#main\" data-orig-file=\"https:\/\/www.hoymercedes.com.ar\/principal\/wp-content\/uploads\/2026\/08\/ChatGPT-Image-30-ago-2026-20_59_38.png\" data-orig-size=\"1448,1086\" data-comments-opened=\"0\" data-image-title=\"ChatGPT Image 30 ago 2026, 20_59_38\" data-image-description=\"\" data-image-caption=\"\" data-large-file=\"https:\/\/www.hoymercedes.com.ar\/principal\/wp-content\/uploads\/2026\/08\/ChatGPT-Image-30-ago-2026-20_59_38-1024x768.png\" src=\"https:\/\/www.hoymercedes.com.ar\/principal\/wp-content\/uploads\/2026\/08\/ChatGPT-Image-30-ago-2026-20_59_38-1024x768.png\" alt=\"\" class=\"wp-image-201276\" srcset=\"https:\/\/www.hoymercedes.com.ar\/principal\/wp-content\/uploads\/2026\/08\/ChatGPT-Image-30-ago-2026-20_59_38-1024x768.png 1024w, https:\/\/www.hoymercedes.com.ar\/principal\/wp-content\/uploads\/2026\/08\/ChatGPT-Image-30-ago-2026-20_59_38-150x112.png 150w, https:\/\/www.hoymercedes.com.ar\/principal\/wp-content\/uploads\/2026\/08\/ChatGPT-Image-30-ago-2026-20_59_38-630x473.png 630w, https:\/\/www.hoymercedes.com.ar\/principal\/wp-content\/uploads\/2026\/08\/ChatGPT-Image-30-ago-2026-20_59_38.png 1448w\" sizes=\"auto, (max-width: 1024px) 100vw, 1024px\" \/><\/figure>\n\n\n\n<p class=\"wp-block-paragraph\">Video: @elpulsofm. <strong>Estudiantes<\/strong> derrot\u00f3 <strong>2-0 a Pabell\u00f3n Argentino<\/strong> en el partido de vuelta y se consagr\u00f3 campe\u00f3n del <strong>Torneo Apertura de la Liga Mercedina<\/strong>.<\/p>\n\n\n\n<p class=\"wp-block-paragraph\">Los dos goles del encuentro fueron convertidos por <strong>Agust\u00edn \u201cLaucha\u201d Lucero<\/strong>, quien tambi\u00e9n hab\u00eda marcado en el partido de ida. Con este resultado, el \u201cPincha\u201d se impuso por <strong>3-0 en el resultado global<\/strong>.<\/p>\n\n\n\n<p class=\"wp-block-paragraph\"><strong>Un t\u00edtulo invicto<\/strong><\/p>\n\n\n\n<p class=\"wp-block-paragraph\">El equipo dirigido por <strong>Gabriel Lima<\/strong> complet\u00f3 el torneo sin derrotas y volvi\u00f3 a conquistar el campeonato despu\u00e9s de <strong>nueve a\u00f1os<\/strong>.<\/p>\n\n\n\n<p class=\"wp-block-paragraph\">La consagraci\u00f3n signific\u00f3 adem\u00e1s el <strong>17\u00b0 t\u00edtulo<\/strong> de Estudiantes, aunque uno de ellos fue obtenido durante la etapa de fusi\u00f3n con Palometas. Con esta nueva vuelta ol\u00edmpica, la instituci\u00f3n super\u00f3 a <strong>Gimnasia y Esgrima<\/strong>, que cuenta con 16 campeonatos en el historial de la Liga Mercedina.<\/p>\n\n\n\n<figure class=\"wp-block-embed is-type-video is-provider-youtube wp-block-embed-youtube wp-embed-aspect-16-9 wp-has-aspect-ratio\"><div class=\"wp-block-embed__wrapper\">\n<span class=\"embed-youtube\" style=\"text-align:center; display: block;\"><iframe loading=\"lazy\" class=\"youtube-player\" width=\"1200\" height=\"675\" src=\"https:\/\/www.youtube.com\/embed\/-VXGwfX9A2k?version=3&#038;rel=1&#038;showsearch=0&#038;showinfo=1&#038;iv_load_policy=1&#038;fs=1&#038;hl=es-ES&#038;autohide=2&#038;wmode=transparent\" allowfullscreen=\"true\" style=\"border:0;\" sandbox=\"allow-scripts allow-same-origin allow-popups allow-presentation allow-popups-to-escape-sandbox\"><\/iframe><\/span>\n<\/div><\/figure>\n","protected":false},"excerpt":{"rendered":"<p>Video: @elpulsofm. Estudiantes derrot\u00f3 2-0 a Pabell\u00f3n Argentino en el partido de vuelta y se consagr\u00f3 campe\u00f3n del Torneo Apertura &#8230; <a title=\"Estudiantes volvi\u00f3 a ser campe\u00f3n de la Liga Mercedina despu\u00e9s de diecinueve a\u00f1os (video)\" class=\"read-more\" href=\"https:\/\/www.hoymercedes.com.ar\/principal\/2026\/08\/30\/estudiantes-volvio-a-ser-campeon-de-la-liga-mercedina-despues-de-diecinueve-anos\/\" aria-label=\"Leer m\u00e1s sobre Estudiantes volvi\u00f3 a ser campe\u00f3n de la Liga Mercedina despu\u00e9s de diecinueve a\u00f1os (video)\">Leer m\u00e1s<\/a><\/p>\n","protected":false},"author":1,"featured_media":201276,"comment_status":"closed","ping_status":"open","sticky":false,"template":"","format":"standard","meta":{"_monsterinsights_skip_tracking":false,"_jetpack_newsletter_access":"","_jetpack_dont_email_post_to_subs":false,"_jetpack_newsletter_tier_id":0,"_jetpack_memberships_contains_paywalled_content":false,"_jetpack_feature_clip_id":0,"_jetpack_memberships_contains_paid_content":false,"footnotes":"","jetpack_publicize_message":"{title}\n\n{excerpt}\n\n{url}","jetpack_publicize_feature_enabled":true,"jetpack_social_post_already_shared":true,"jetpack_social_options":{"image_generator_settings":{"template":"highway","default_image_id":0,"font":"","enabled":false},"version":2},"_wpas_customize_per_network":false,"jetpack_post_was_ever_published":false},"categories":[21],"tags":[],"class_list":["post-201275","post","type-post","status-publish","format-standard","has-post-thumbnail","hentry","category-deportes","generate-columns","tablet-grid-50","mobile-grid-100","grid-parent","grid-50"],"jetpack_publicize_connections":[],"wps_subtitle":"","jetpack_sharing_enabled":true,"jetpack_featured_media_url":"https:\/\/www.hoymercedes.com.ar\/principal\/wp-content\/uploads\/2026\/08\/ChatGPT-Image-30-ago-2026-20_59_38.png","_links":{"self":[{"href":"https:\/\/www.hoymercedes.com.ar\/principal\/wp-json\/wp\/v2\/posts\/201275","targetHints":{"allow":["GET"]}}],"collection":[{"href":"https:\/\/www.hoymercedes.com.ar\/principal\/wp-json\/wp\/v2\/posts"}],"about":[{"href":"https:\/\/www.hoymercedes.com.ar\/principal\/wp-json\/wp\/v2\/types\/post"}],"author":[{"embeddable":true,"href":"https:\/\/www.hoymercedes.com.ar\/principal\/wp-json\/wp\/v2\/users\/1"}],"replies":[{"embeddable":true,"href":"https:\/\/www.hoymercedes.com.ar\/principal\/wp-json\/wp\/v2\/comments?post=201275"}],"version-history":[{"count":2,"href":"https:\/\/www.hoymercedes.com.ar\/principal\/wp-json\/wp\/v2\/posts\/201275\/revisions"}],"predecessor-version":[{"id":201279,"href":"https:\/\/www.hoymercedes.com.ar\/principal\/wp-json\/wp\/v2\/posts\/201275\/revisions\/201279"}],"wp:featuredmedia":[{"embeddable":true,"href":"https:\/\/www.hoymercedes.com.ar\/principal\/wp-json\/wp\/v2\/media\/201276"}],"wp:attachment":[{"href":"https:\/\/www.hoymercedes.com.ar\/principal\/wp-json\/wp\/v2\/media?parent=201275"}],"wp:term":[{"taxonomy":"category","embeddable":true,"href":"https:\/\/www.hoymercedes.com.ar\/principal\/wp-json\/wp\/v2\/categories?post=201275"},{"taxonomy":"post_tag","embeddable":true,"href":"https:\/\/www.hoymercedes.com.ar\/principal\/wp-json\/wp\/v2\/tags?post=201275"}],"curies":[{"name":"wp","href":"https:\/\/api.w.org\/{rel}","templated":true}]}}