{"id":201280,"date":"2026-08-31T11:06:00","date_gmt":"2026-08-31T14:06:00","guid":{"rendered":"https:\/\/www.hoymercedes.com.ar\/principal\/?p=201280"},"modified":"2026-08-30T21:07:21","modified_gmt":"2026-08-31T00:07:21","slug":"el-golf-club-mercedes-definio-a-los-clasificados-para-el-campeonato-2026","status":"publish","type":"post","link":"https:\/\/www.hoymercedes.com.ar\/principal\/2026\/08\/31\/el-golf-club-mercedes-definio-a-los-clasificados-para-el-campeonato-2026\/","title":{"rendered":"El Golf Club Mercedes defini\u00f3 a los clasificados para el Campeonato 2026"},"content":{"rendered":"\n<figure class=\"wp-block-image size-large\"><img loading=\"lazy\" decoding=\"async\" width=\"1200\" height=\"675\" data-attachment-id=\"201282\" data-permalink=\"https:\/\/www.hoymercedes.com.ar\/principal\/2026\/08\/31\/el-golf-club-mercedes-definio-a-los-clasificados-para-el-campeonato-2026\/whatsapp-image-2026-08-30-at-19-19-56-2\/#main\" data-orig-file=\"https:\/\/www.hoymercedes.com.ar\/principal\/wp-content\/uploads\/2026\/08\/WhatsApp-Image-2026-08-30-at-19.19.56-edited.jpeg\" data-orig-size=\"1200,675\" data-comments-opened=\"0\" data-image-title=\"WhatsApp Image 2026-08-30 at 19.19.56\" data-image-description=\"\" data-image-caption=\"\" data-large-file=\"https:\/\/www.hoymercedes.com.ar\/principal\/wp-content\/uploads\/2026\/08\/WhatsApp-Image-2026-08-30-at-19.19.56-edited-1024x576.jpeg\" src=\"https:\/\/www.hoymercedes.com.ar\/principal\/wp-content\/uploads\/2026\/08\/WhatsApp-Image-2026-08-30-at-19.19.56-edited.jpeg\" alt=\"\" class=\"wp-image-201282\" srcset=\"https:\/\/www.hoymercedes.com.ar\/principal\/wp-content\/uploads\/2026\/08\/WhatsApp-Image-2026-08-30-at-19.19.56-edited.jpeg 1200w, https:\/\/www.hoymercedes.com.ar\/principal\/wp-content\/uploads\/2026\/08\/WhatsApp-Image-2026-08-30-at-19.19.56-edited-630x354.jpeg 630w, https:\/\/www.hoymercedes.com.ar\/principal\/wp-content\/uploads\/2026\/08\/WhatsApp-Image-2026-08-30-at-19.19.56-edited-1024x576.jpeg 1024w, https:\/\/www.hoymercedes.com.ar\/principal\/wp-content\/uploads\/2026\/08\/WhatsApp-Image-2026-08-30-at-19.19.56-edited-150x84.jpeg 150w\" sizes=\"auto, (max-width: 1200px) 100vw, 1200px\" \/><\/figure>\n\n\n\n<p class=\"wp-block-paragraph\">El <strong>Golf Club Mercedes<\/strong> disput\u00f3 este s\u00e1bado un nuevo torneo <strong>Medal<\/strong>, correspondiente a la \u00faltima fecha de clasificaci\u00f3n para el <strong>Campeonato del GCM<\/strong>.<\/p>\n\n\n\n<p class=\"wp-block-paragraph\">La jornada se desarroll\u00f3 con <strong>buen clima<\/strong>, temperaturas agradables y una cancha que tuvo todos sus horarios ocupados. Tras esta \u00faltima instancia, quedaron definidos los <strong>ocho mejores jugadores de cada categor\u00eda<\/strong>.<\/p>\n\n\n\n<p class=\"wp-block-paragraph\"><strong>Clasificados<\/strong><\/p>\n\n\n\n<p class=\"wp-block-paragraph\"><strong>Categor\u00eda Scratch<\/strong><\/p>\n\n\n\n<ol class=\"wp-block-list\">\n<li><strong>Facundo Barnetche<\/strong>, campe\u00f3n 2025.<\/li>\n\n\n\n<li><strong>Guillermo Mendiola<\/strong>.<\/li>\n\n\n\n<li><strong>Gonzalo Barnetche<\/strong>.<\/li>\n\n\n\n<li><strong>Jorge Moussegne<\/strong>.<\/li>\n\n\n\n<li><strong>Germ\u00e1n Stopiello<\/strong>.<\/li>\n\n\n\n<li><strong>Jorge D\u00edaz<\/strong>.<\/li>\n\n\n\n<li><strong>Rafael Renaldo<\/strong>.<\/li>\n\n\n\n<li><strong>Javier Mancusi<\/strong>.<\/li>\n<\/ol>\n\n\n\n<p class=\"wp-block-paragraph\"><strong>Categor\u00eda 10 a 16<\/strong><\/p>\n\n\n\n<ol class=\"wp-block-list\">\n<li><strong>Manuel Uncal<\/strong>.<\/li>\n\n\n\n<li><strong>Mart\u00edn Timossi<\/strong>.<\/li>\n\n\n\n<li><strong>Mat\u00edas Zumpano<\/strong>.<\/li>\n\n\n\n<li><strong>Roberto Indurain<\/strong>.<\/li>\n\n\n\n<li><strong>Hugo Rojas<\/strong>.<\/li>\n\n\n\n<li><strong>Eduardo Rocha<\/strong>.<\/li>\n\n\n\n<li><strong>Pablo Duarte<\/strong>.<\/li>\n\n\n\n<li><strong>Mariano Despalanques<\/strong>.<\/li>\n<\/ol>\n\n\n\n<p class=\"wp-block-paragraph\"><strong>Categor\u00eda 17 a 24<\/strong><\/p>\n\n\n\n<ol class=\"wp-block-list\">\n<li><strong>Lucas V\u00e1zquez<\/strong>.<\/li>\n\n\n\n<li><strong>Armando Monti<\/strong>.<\/li>\n\n\n\n<li><strong>Valent\u00edn Ojea<\/strong>.<\/li>\n\n\n\n<li><strong>Leandro Giacobone<\/strong>.<\/li>\n\n\n\n<li><strong>Gonzalo Garc\u00eda<\/strong>.<\/li>\n\n\n\n<li><strong>Ram\u00f3n Badano<\/strong>.<\/li>\n\n\n\n<li><strong>Marcelo Pietrafesa<\/strong>.<\/li>\n\n\n\n<li><strong>Daniel Bonamino<\/strong>.<\/li>\n<\/ol>\n\n\n\n<p class=\"wp-block-paragraph\"><strong>Categor\u00eda 25 en adelante<\/strong><\/p>\n\n\n\n<ol class=\"wp-block-list\">\n<li><strong>Gabriela L\u00f3pez<\/strong>.<\/li>\n\n\n\n<li><strong>Marcelo Lossino<\/strong> y <strong>Julio De Bonis<\/strong>, igualados.<\/li>\n\n\n\n<li><strong>Ariel Pitluk<\/strong>.<\/li>\n\n\n\n<li><strong>Agust\u00edn A. P\u00e9rez<\/strong>.<\/li>\n\n\n\n<li><strong>Lucas Tessore<\/strong>.<\/li>\n\n\n\n<li><strong>Felipe Manion<\/strong>.<\/li>\n\n\n\n<li><strong>Ruth Maruca<\/strong>.<\/li>\n<\/ol>\n\n\n\n<p class=\"wp-block-paragraph\"><strong>Los Barnetche, campeones en parejas<\/strong><\/p>\n\n\n\n<p class=\"wp-block-paragraph\">Por otra parte, este domingo se disput\u00f3 la final del <strong>Torneo de Parejas con Handicap<\/strong>.<\/p>\n\n\n\n<p class=\"wp-block-paragraph\">En un encuentro muy equilibrado, <strong>Facundo y Gonzalo Barnetche<\/strong> derrotaron a <strong>Omar y Lucas V\u00e1zquez<\/strong> y se consagraron campeones del <strong>2026<\/strong>.<\/p>\n","protected":false},"excerpt":{"rendered":"<p>El Golf Club Mercedes disput\u00f3 este s\u00e1bado un nuevo torneo Medal, correspondiente a la \u00faltima fecha de clasificaci\u00f3n para el &#8230; <a title=\"El Golf Club Mercedes defini\u00f3 a los clasificados para el Campeonato 2026\" class=\"read-more\" href=\"https:\/\/www.hoymercedes.com.ar\/principal\/2026\/08\/31\/el-golf-club-mercedes-definio-a-los-clasificados-para-el-campeonato-2026\/\" aria-label=\"Leer m\u00e1s sobre El Golf Club Mercedes defini\u00f3 a los clasificados para el Campeonato 2026\">Leer m\u00e1s<\/a><\/p>\n","protected":false},"author":1,"featured_media":201282,"comment_status":"closed","ping_status":"open","sticky":false,"template":"","format":"standard","meta":{"_monsterinsights_skip_tracking":false,"_jetpack_newsletter_access":"","_jetpack_dont_email_post_to_subs":false,"_jetpack_newsletter_tier_id":0,"_jetpack_memberships_contains_paywalled_content":false,"_jetpack_feature_clip_id":0,"_jetpack_memberships_contains_paid_content":false,"footnotes":"","jetpack_publicize_message":"{title}\n\n{excerpt}\n\n{url}","jetpack_publicize_feature_enabled":true,"jetpack_social_post_already_shared":true,"jetpack_social_options":{"image_generator_settings":{"template":"highway","default_image_id":0,"font":"","enabled":false},"version":2},"_wpas_customize_per_network":false,"jetpack_post_was_ever_published":false},"categories":[21],"tags":[],"class_list":["post-201280","post","type-post","status-publish","format-standard","has-post-thumbnail","hentry","category-deportes","generate-columns","tablet-grid-50","mobile-grid-100","grid-parent","grid-50"],"jetpack_publicize_connections":[],"wps_subtitle":"","jetpack_sharing_enabled":true,"jetpack_featured_media_url":"https:\/\/www.hoymercedes.com.ar\/principal\/wp-content\/uploads\/2026\/08\/WhatsApp-Image-2026-08-30-at-19.19.56-edited.jpeg","_links":{"self":[{"href":"https:\/\/www.hoymercedes.com.ar\/principal\/wp-json\/wp\/v2\/posts\/201280","targetHints":{"allow":["GET"]}}],"collection":[{"href":"https:\/\/www.hoymercedes.com.ar\/principal\/wp-json\/wp\/v2\/posts"}],"about":[{"href":"https:\/\/www.hoymercedes.com.ar\/principal\/wp-json\/wp\/v2\/types\/post"}],"author":[{"embeddable":true,"href":"https:\/\/www.hoymercedes.com.ar\/principal\/wp-json\/wp\/v2\/users\/1"}],"replies":[{"embeddable":true,"href":"https:\/\/www.hoymercedes.com.ar\/principal\/wp-json\/wp\/v2\/comments?post=201280"}],"version-history":[{"count":1,"href":"https:\/\/www.hoymercedes.com.ar\/principal\/wp-json\/wp\/v2\/posts\/201280\/revisions"}],"predecessor-version":[{"id":201283,"href":"https:\/\/www.hoymercedes.com.ar\/principal\/wp-json\/wp\/v2\/posts\/201280\/revisions\/201283"}],"wp:featuredmedia":[{"embeddable":true,"href":"https:\/\/www.hoymercedes.com.ar\/principal\/wp-json\/wp\/v2\/media\/201282"}],"wp:attachment":[{"href":"https:\/\/www.hoymercedes.com.ar\/principal\/wp-json\/wp\/v2\/media?parent=201280"}],"wp:term":[{"taxonomy":"category","embeddable":true,"href":"https:\/\/www.hoymercedes.com.ar\/principal\/wp-json\/wp\/v2\/categories?post=201280"},{"taxonomy":"post_tag","embeddable":true,"href":"https:\/\/www.hoymercedes.com.ar\/principal\/wp-json\/wp\/v2\/tags?post=201280"}],"curies":[{"name":"wp","href":"https:\/\/api.w.org\/{rel}","templated":true}]}}