{"id":201284,"date":"2026-08-31T12:03:00","date_gmt":"2026-08-31T15:03:00","guid":{"rendered":"https:\/\/www.hoymercedes.com.ar\/principal\/?p=201284"},"modified":"2026-08-30T21:10:26","modified_gmt":"2026-08-31T00:10:26","slug":"se-disputo-la-sexta-fecha-de-la-liga-mercedina-de-tenis-de-mesa","status":"publish","type":"post","link":"https:\/\/www.hoymercedes.com.ar\/principal\/2026\/08\/31\/se-disputo-la-sexta-fecha-de-la-liga-mercedina-de-tenis-de-mesa\/","title":{"rendered":"Se disput\u00f3 la sexta fecha de la Liga Mercedina de Tenis de Mesa"},"content":{"rendered":"\n<p class=\"wp-block-paragraph\">El viernes <strong>28 de agosto<\/strong> se jug\u00f3 la <strong>sexta fecha de la Liga Mercedina de Tenis de Mesa<\/strong>, organizada bajo la coordinaci\u00f3n de <strong>Alejandro Russo<\/strong>.<\/p>\n\n\n\n<p class=\"wp-block-paragraph\">La jornada tuvo lugar en el predio deportivo <strong>Mart\u00edn Rodr\u00edguez<\/strong> y cont\u00f3 con la participaci\u00f3n de <strong>m\u00e1s de 30 jugadores<\/strong>, distribuidos en cuatro categor\u00edas.<\/p>\n\n\n\n<p class=\"wp-block-paragraph\"><strong>Podios de la fecha<\/strong><\/p>\n\n\n\n<p class=\"wp-block-paragraph\"><strong>Primera<\/strong><\/p>\n\n\n\n<ol class=\"wp-block-list\">\n<li><strong>Alejandro Russo<\/strong>.<\/li>\n\n\n\n<li><strong>Javier Russo<\/strong>.<\/li>\n\n\n\n<li><strong>Valent\u00edn Vivas<\/strong>.<\/li>\n<\/ol>\n\n\n\n<p class=\"wp-block-paragraph\"><strong>Segunda<\/strong><\/p>\n\n\n\n<ol class=\"wp-block-list\">\n<li><strong>Mateo Medrano<\/strong>.<\/li>\n\n\n\n<li><strong>Gonzalo Cazenave<\/strong>.<\/li>\n\n\n\n<li><strong>Bautista Cerverizzo<\/strong>.<\/li>\n<\/ol>\n\n\n\n<p class=\"wp-block-paragraph\"><strong>Tercera A<\/strong><\/p>\n\n\n\n<ol class=\"wp-block-list\">\n<li><strong>Joaqu\u00edn Chena<\/strong>.<\/li>\n\n\n\n<li><strong>Ariel Vivas<\/strong>.<\/li>\n\n\n\n<li><strong>Carlos Illanes<\/strong>.<\/li>\n<\/ol>\n\n\n\n<p class=\"wp-block-paragraph\"><strong>Tercera B<\/strong><\/p>\n\n\n\n<ol class=\"wp-block-list\">\n<li><strong>Juan Pablo Breier<\/strong>.<\/li>\n\n\n\n<li><strong>Iv\u00e1n Pereyra<\/strong>.<\/li>\n\n\n\n<li><strong>Camilo Parra<\/strong>.<\/li>\n<\/ol>\n\n\n\n<p class=\"wp-block-paragraph\"><strong>Las posiciones del ranking<\/strong><\/p>\n\n\n\n<p class=\"wp-block-paragraph\">Cuando restan <strong>tres fechas<\/strong> para el cierre de la temporada, las principales posiciones son las siguientes:<\/p>\n\n\n\n<p class=\"wp-block-paragraph\"><strong>Primera<\/strong><\/p>\n\n\n\n<ol class=\"wp-block-list\">\n<li><strong>Javier Russo<\/strong>, 69 puntos.<\/li>\n\n\n\n<li><strong>Christian Cerverizzo<\/strong>, 61.<\/li>\n\n\n\n<li><strong>Valent\u00edn Vivas<\/strong>, 54.<\/li>\n\n\n\n<li><strong>Alejandro Russo<\/strong>, 45.<\/li>\n<\/ol>\n\n\n\n<p class=\"wp-block-paragraph\"><strong>Segunda<\/strong><\/p>\n\n\n\n<ol class=\"wp-block-list\">\n<li><strong>Bautista Cerverizzo<\/strong>, 60 puntos.<\/li>\n\n\n\n<li><strong>Gonzalo Cazenave<\/strong>, 57.<\/li>\n\n\n\n<li><strong>Illanes L.<\/strong>, 57.<\/li>\n\n\n\n<li><strong>Charaf M.<\/strong>, 46.<\/li>\n<\/ol>\n\n\n\n<p class=\"wp-block-paragraph\"><strong>Tercera A<\/strong><\/p>\n\n\n\n<ol class=\"wp-block-list\">\n<li><strong>Joaqu\u00edn Chena<\/strong>, 77 puntos.<\/li>\n\n\n\n<li><strong>Federico Zoccali<\/strong>, 67.<\/li>\n\n\n\n<li><strong>Vita G.<\/strong>, 52.<\/li>\n\n\n\n<li><strong>Carlos Illanes<\/strong>, 51.<\/li>\n<\/ol>\n\n\n\n<p class=\"wp-block-paragraph\"><strong>Tercera B<\/strong><\/p>\n\n\n\n<ol class=\"wp-block-list\">\n<li><strong>Iv\u00e1n Pereyra<\/strong>, 53 puntos.<\/li>\n\n\n\n<li><strong>Garc\u00eda S.<\/strong>, 30.<\/li>\n\n\n\n<li><strong>Camilo Parra<\/strong>, 28.<\/li>\n\n\n\n<li><strong>L\u00f3pez F.<\/strong>, 21.<\/li>\n<\/ol>\n\n\n\n<figure class=\"wp-block-gallery has-nested-images columns-default is-cropped wp-block-gallery-1 is-layout-flex wp-block-gallery-is-layout-flex\">\n<figure class=\"wp-block-image size-large\"><img loading=\"lazy\" decoding=\"async\" width=\"771\" height=\"1024\" data-attachment-id=\"201287\" data-permalink=\"https:\/\/www.hoymercedes.com.ar\/principal\/2026\/08\/31\/se-disputo-la-sexta-fecha-de-la-liga-mercedina-de-tenis-de-mesa\/whatsapp-image-2026-08-30-at-09-58-01-2\/#main\" data-orig-file=\"https:\/\/www.hoymercedes.com.ar\/principal\/wp-content\/uploads\/2026\/08\/WhatsApp-Image-2026-08-30-at-09.58.01-2.jpeg\" data-orig-size=\"1204,1600\" data-comments-opened=\"0\" data-image-title=\"WhatsApp Image 2026-08-30 at 09.58.01 (2)\" data-image-description=\"\" data-image-caption=\"\" data-large-file=\"https:\/\/www.hoymercedes.com.ar\/principal\/wp-content\/uploads\/2026\/08\/WhatsApp-Image-2026-08-30-at-09.58.01-2-771x1024.jpeg\" data-id=\"201287\" src=\"https:\/\/www.hoymercedes.com.ar\/principal\/wp-content\/uploads\/2026\/08\/WhatsApp-Image-2026-08-30-at-09.58.01-2-771x1024.jpeg\" alt=\"\" class=\"wp-image-201287\" srcset=\"https:\/\/www.hoymercedes.com.ar\/principal\/wp-content\/uploads\/2026\/08\/WhatsApp-Image-2026-08-30-at-09.58.01-2-771x1024.jpeg 771w, https:\/\/www.hoymercedes.com.ar\/principal\/wp-content\/uploads\/2026\/08\/WhatsApp-Image-2026-08-30-at-09.58.01-2-113x150.jpeg 113w, https:\/\/www.hoymercedes.com.ar\/principal\/wp-content\/uploads\/2026\/08\/WhatsApp-Image-2026-08-30-at-09.58.01-2-467x620.jpeg 467w, https:\/\/www.hoymercedes.com.ar\/principal\/wp-content\/uploads\/2026\/08\/WhatsApp-Image-2026-08-30-at-09.58.01-2-1156x1536.jpeg 1156w, https:\/\/www.hoymercedes.com.ar\/principal\/wp-content\/uploads\/2026\/08\/WhatsApp-Image-2026-08-30-at-09.58.01-2.jpeg 1204w\" sizes=\"auto, (max-width: 771px) 100vw, 771px\" \/><\/figure>\n\n\n\n<figure class=\"wp-block-image size-large\"><img loading=\"lazy\" decoding=\"async\" width=\"1024\" height=\"576\" data-attachment-id=\"201285\" data-permalink=\"https:\/\/www.hoymercedes.com.ar\/principal\/2026\/08\/31\/se-disputo-la-sexta-fecha-de-la-liga-mercedina-de-tenis-de-mesa\/whatsapp-image-2026-08-30-at-09-58-01-1\/#main\" data-orig-file=\"https:\/\/www.hoymercedes.com.ar\/principal\/wp-content\/uploads\/2026\/08\/WhatsApp-Image-2026-08-30-at-09.58.01-1.jpeg\" data-orig-size=\"1600,900\" data-comments-opened=\"0\" data-image-title=\"WhatsApp Image 2026-08-30 at 09.58.01 (1)\" data-image-description=\"\" data-image-caption=\"\" data-large-file=\"https:\/\/www.hoymercedes.com.ar\/principal\/wp-content\/uploads\/2026\/08\/WhatsApp-Image-2026-08-30-at-09.58.01-1-1024x576.jpeg\" data-id=\"201285\" src=\"https:\/\/www.hoymercedes.com.ar\/principal\/wp-content\/uploads\/2026\/08\/WhatsApp-Image-2026-08-30-at-09.58.01-1-1024x576.jpeg\" alt=\"\" class=\"wp-image-201285\" srcset=\"https:\/\/www.hoymercedes.com.ar\/principal\/wp-content\/uploads\/2026\/08\/WhatsApp-Image-2026-08-30-at-09.58.01-1-1024x576.jpeg 1024w, https:\/\/www.hoymercedes.com.ar\/principal\/wp-content\/uploads\/2026\/08\/WhatsApp-Image-2026-08-30-at-09.58.01-1-150x84.jpeg 150w, https:\/\/www.hoymercedes.com.ar\/principal\/wp-content\/uploads\/2026\/08\/WhatsApp-Image-2026-08-30-at-09.58.01-1-630x354.jpeg 630w, https:\/\/www.hoymercedes.com.ar\/principal\/wp-content\/uploads\/2026\/08\/WhatsApp-Image-2026-08-30-at-09.58.01-1-1536x864.jpeg 1536w, https:\/\/www.hoymercedes.com.ar\/principal\/wp-content\/uploads\/2026\/08\/WhatsApp-Image-2026-08-30-at-09.58.01-1.jpeg 1600w\" sizes=\"auto, (max-width: 1024px) 100vw, 1024px\" \/><\/figure>\n\n\n\n<figure class=\"wp-block-image size-large\"><img loading=\"lazy\" decoding=\"async\" width=\"1024\" height=\"771\" data-attachment-id=\"201288\" data-permalink=\"https:\/\/www.hoymercedes.com.ar\/principal\/2026\/08\/31\/se-disputo-la-sexta-fecha-de-la-liga-mercedina-de-tenis-de-mesa\/whatsapp-image-2026-08-30-at-09-58-00\/#main\" data-orig-file=\"https:\/\/www.hoymercedes.com.ar\/principal\/wp-content\/uploads\/2026\/08\/WhatsApp-Image-2026-08-30-at-09.58.00.jpeg\" data-orig-size=\"1600,1204\" data-comments-opened=\"0\" data-image-title=\"WhatsApp Image 2026-08-30 at 09.58.00\" data-image-description=\"\" data-image-caption=\"\" data-large-file=\"https:\/\/www.hoymercedes.com.ar\/principal\/wp-content\/uploads\/2026\/08\/WhatsApp-Image-2026-08-30-at-09.58.00-1024x771.jpeg\" data-id=\"201288\" src=\"https:\/\/www.hoymercedes.com.ar\/principal\/wp-content\/uploads\/2026\/08\/WhatsApp-Image-2026-08-30-at-09.58.00-1024x771.jpeg\" alt=\"\" class=\"wp-image-201288\" srcset=\"https:\/\/www.hoymercedes.com.ar\/principal\/wp-content\/uploads\/2026\/08\/WhatsApp-Image-2026-08-30-at-09.58.00-1024x771.jpeg 1024w, https:\/\/www.hoymercedes.com.ar\/principal\/wp-content\/uploads\/2026\/08\/WhatsApp-Image-2026-08-30-at-09.58.00-150x113.jpeg 150w, https:\/\/www.hoymercedes.com.ar\/principal\/wp-content\/uploads\/2026\/08\/WhatsApp-Image-2026-08-30-at-09.58.00-630x474.jpeg 630w, https:\/\/www.hoymercedes.com.ar\/principal\/wp-content\/uploads\/2026\/08\/WhatsApp-Image-2026-08-30-at-09.58.00-1536x1156.jpeg 1536w, https:\/\/www.hoymercedes.com.ar\/principal\/wp-content\/uploads\/2026\/08\/WhatsApp-Image-2026-08-30-at-09.58.00.jpeg 1600w\" sizes=\"auto, (max-width: 1024px) 100vw, 1024px\" \/><\/figure>\n<\/figure>\n\n\n\n<figure class=\"wp-block-image size-large\"><img loading=\"lazy\" decoding=\"async\" width=\"1024\" height=\"768\" data-attachment-id=\"201289\" data-permalink=\"https:\/\/www.hoymercedes.com.ar\/principal\/2026\/08\/31\/se-disputo-la-sexta-fecha-de-la-liga-mercedina-de-tenis-de-mesa\/whatsapp-image-2026-08-30-at-09-58-01-3\/#main\" data-orig-file=\"https:\/\/www.hoymercedes.com.ar\/principal\/wp-content\/uploads\/2026\/08\/WhatsApp-Image-2026-08-30-at-09.58.01-3.jpeg\" data-orig-size=\"1280,960\" data-comments-opened=\"0\" data-image-title=\"WhatsApp Image 2026-08-30 at 09.58.01\" data-image-description=\"\" data-image-caption=\"\" data-large-file=\"https:\/\/www.hoymercedes.com.ar\/principal\/wp-content\/uploads\/2026\/08\/WhatsApp-Image-2026-08-30-at-09.58.01-3-1024x768.jpeg\" src=\"https:\/\/www.hoymercedes.com.ar\/principal\/wp-content\/uploads\/2026\/08\/WhatsApp-Image-2026-08-30-at-09.58.01-3-1024x768.jpeg\" alt=\"\" class=\"wp-image-201289\" srcset=\"https:\/\/www.hoymercedes.com.ar\/principal\/wp-content\/uploads\/2026\/08\/WhatsApp-Image-2026-08-30-at-09.58.01-3-1024x768.jpeg 1024w, https:\/\/www.hoymercedes.com.ar\/principal\/wp-content\/uploads\/2026\/08\/WhatsApp-Image-2026-08-30-at-09.58.01-3-630x473.jpeg 630w, https:\/\/www.hoymercedes.com.ar\/principal\/wp-content\/uploads\/2026\/08\/WhatsApp-Image-2026-08-30-at-09.58.01-3-150x113.jpeg 150w, https:\/\/www.hoymercedes.com.ar\/principal\/wp-content\/uploads\/2026\/08\/WhatsApp-Image-2026-08-30-at-09.58.01-3.jpeg 1280w\" sizes=\"auto, (max-width: 1024px) 100vw, 1024px\" \/><\/figure>\n","protected":false},"excerpt":{"rendered":"<p>El viernes 28 de agosto se jug\u00f3 la sexta fecha de la Liga Mercedina de Tenis de Mesa, organizada bajo &#8230; <a title=\"Se disput\u00f3 la sexta fecha de la Liga Mercedina de Tenis de Mesa\" class=\"read-more\" href=\"https:\/\/www.hoymercedes.com.ar\/principal\/2026\/08\/31\/se-disputo-la-sexta-fecha-de-la-liga-mercedina-de-tenis-de-mesa\/\" aria-label=\"Leer m\u00e1s sobre Se disput\u00f3 la sexta fecha de la Liga Mercedina de Tenis de Mesa\">Leer m\u00e1s<\/a><\/p>\n","protected":false},"author":1,"featured_media":201287,"comment_status":"closed","ping_status":"open","sticky":false,"template":"","format":"standard","meta":{"_monsterinsights_skip_tracking":false,"_jetpack_newsletter_access":"","_jetpack_dont_email_post_to_subs":false,"_jetpack_newsletter_tier_id":0,"_jetpack_memberships_contains_paywalled_content":false,"_jetpack_feature_clip_id":0,"_jetpack_memberships_contains_paid_content":false,"footnotes":"","jetpack_publicize_message":"{title}\n\n{excerpt}\n\n{url}","jetpack_publicize_feature_enabled":true,"jetpack_social_post_already_shared":true,"jetpack_social_options":{"image_generator_settings":{"template":"highway","default_image_id":0,"font":"","enabled":false},"version":2},"_wpas_customize_per_network":false,"jetpack_post_was_ever_published":false},"categories":[21],"tags":[],"class_list":["post-201284","post","type-post","status-publish","format-standard","has-post-thumbnail","hentry","category-deportes","generate-columns","tablet-grid-50","mobile-grid-100","grid-parent","grid-50"],"jetpack_publicize_connections":[],"wps_subtitle":"","jetpack_sharing_enabled":true,"jetpack_featured_media_url":"https:\/\/www.hoymercedes.com.ar\/principal\/wp-content\/uploads\/2026\/08\/WhatsApp-Image-2026-08-30-at-09.58.01-2.jpeg","_links":{"self":[{"href":"https:\/\/www.hoymercedes.com.ar\/principal\/wp-json\/wp\/v2\/posts\/201284","targetHints":{"allow":["GET"]}}],"collection":[{"href":"https:\/\/www.hoymercedes.com.ar\/principal\/wp-json\/wp\/v2\/posts"}],"about":[{"href":"https:\/\/www.hoymercedes.com.ar\/principal\/wp-json\/wp\/v2\/types\/post"}],"author":[{"embeddable":true,"href":"https:\/\/www.hoymercedes.com.ar\/principal\/wp-json\/wp\/v2\/users\/1"}],"replies":[{"embeddable":true,"href":"https:\/\/www.hoymercedes.com.ar\/principal\/wp-json\/wp\/v2\/comments?post=201284"}],"version-history":[{"count":1,"href":"https:\/\/www.hoymercedes.com.ar\/principal\/wp-json\/wp\/v2\/posts\/201284\/revisions"}],"predecessor-version":[{"id":201290,"href":"https:\/\/www.hoymercedes.com.ar\/principal\/wp-json\/wp\/v2\/posts\/201284\/revisions\/201290"}],"wp:featuredmedia":[{"embeddable":true,"href":"https:\/\/www.hoymercedes.com.ar\/principal\/wp-json\/wp\/v2\/media\/201287"}],"wp:attachment":[{"href":"https:\/\/www.hoymercedes.com.ar\/principal\/wp-json\/wp\/v2\/media?parent=201284"}],"wp:term":[{"taxonomy":"category","embeddable":true,"href":"https:\/\/www.hoymercedes.com.ar\/principal\/wp-json\/wp\/v2\/categories?post=201284"},{"taxonomy":"post_tag","embeddable":true,"href":"https:\/\/www.hoymercedes.com.ar\/principal\/wp-json\/wp\/v2\/tags?post=201284"}],"curies":[{"name":"wp","href":"https:\/\/api.w.org\/{rel}","templated":true}]}}