{"id":201296,"date":"2026-08-31T15:08:00","date_gmt":"2026-08-31T18:08:00","guid":{"rendered":"https:\/\/www.hoymercedes.com.ar\/principal\/?p=201296"},"modified":"2026-08-31T11:16:10","modified_gmt":"2026-08-31T14:16:10","slug":"unlu-muestra-de-cine-y-educacion-proyectar-memoria-desafiar-lo-educativo-a-50-anos-del-golpe","status":"publish","type":"post","link":"https:\/\/www.hoymercedes.com.ar\/principal\/2026\/08\/31\/unlu-muestra-de-cine-y-educacion-proyectar-memoria-desafiar-lo-educativo-a-50-anos-del-golpe\/","title":{"rendered":"UNLu: Muestra de Cine y Educaci\u00f3n \u00abProyectar Memoria, desafiar lo educativo a 50 a\u00f1os del golpe\u00bb"},"content":{"rendered":"\n<p class=\"wp-block-paragraph\"><strong>Del 2 al 5 de septiembre<\/strong>, se llevar\u00e1 a cabo la <strong>2da Muestra Audiovisual de Cine y Educaci\u00f3n<\/strong>, una iniciativa organizada por el Espacio Audiovisual del Departamento de Educaci\u00f3n de la Universidad Nacional de Luj\u00e1n (UNLu). El evento contar\u00e1 con sedes en <strong>Luj\u00e1n, San Miguel, Moreno y San Fernando<\/strong>, adem\u00e1s de exhibiciones virtuales a trav\u00e9s de la plataforma bonaerense <strong>Bafilma<\/strong>.<\/p>\n\n\n\n<p class=\"wp-block-paragraph\">Bajo el eje de la memoria y los derechos humanos, el festival reunir\u00e1 <strong>40 producciones<\/strong> entre largos y cortometrajes, acompa\u00f1adas por mesas de debate con realizadores, docentes, estudiantes y referentes sociales. Adem\u00e1s, un jurado integrado por Ver\u00f3nica Parodi, Ana Paula Saab y Benjam\u00edn Naishtat premiar\u00e1 al mejor cortometraje entre casi 200 obras postuladas a nivel internacional.<\/p>\n\n\n\n<p class=\"wp-block-paragraph\"><strong>Cronograma destacado<\/strong><\/p>\n\n\n\n<ul class=\"wp-block-list\">\n<li><strong>Mi\u00e9rcoles 2\/9 (Apertura) | 17:00 hs \u2013 Auditorio Central UNLu (Luj\u00e1n):<\/strong>Apertura oficial con autoridades del Instituto Cultural bonaerense, proyecci\u00f3n de materiales producidos por la UNLu y el estreno de <em>\u201cPara hacer una pel\u00edcula s\u00f3lo hace falta un arma\u201d<\/em> (Santiago Sein).<\/li>\n\n\n\n<li><strong>Jueves 3\/9:<\/strong>\n<ul class=\"wp-block-list\">\n<li><strong>09:00 hs \u2013 Teatro Trinidad Guevara (Luj\u00e1n):<\/strong> Cortos y debate junto al Consejo Local de Ni\u00f1ez y Adolescencia.<\/li>\n\n\n\n<li><strong>18:00 hs \u2013 Sede UNLu San Miguel:<\/strong> Proyecciones y la mesa <em>\u201cRepresi\u00f3n ayer y hoy. El arma de la comunicaci\u00f3n\u201d<\/em>, con la participaci\u00f3n del fotoperiodista Pablo Grillo.<\/li>\n<\/ul>\n<\/li>\n\n\n\n<li><strong>Viernes 4\/9 \u2013 ISFD N\u00b0 21 \u00abRicardo Rojas\u00bb (Moreno):<\/strong>\n<ul class=\"wp-block-list\">\n<li><strong>09:30 hs:<\/strong> <em>\u201cTraslados\u201d<\/em> (Nicol\u00e1s Gil Lavedra) y <em>\u201cLa hija indigna\u201d<\/em> (Abril Dores), con debate junto al Colectivo Historias Desobedientes.<\/li>\n\n\n\n<li><strong>18:00 hs:<\/strong> <em>\u201cTodo documento de civilizaci\u00f3n\u201d<\/em> y <em>\u201cJuntada\u201d<\/em>, con la presencia de la cineasta Tatiana Maz\u00fa Gonz\u00e1lez y Familiares y Amigos de Luciano Arruga.<\/li>\n<\/ul>\n<\/li>\n\n\n\n<li><strong>S\u00e1bado 5\/9 (Cierre):<\/strong>\n<ul class=\"wp-block-list\">\n<li><strong>10:00 hs \u2013 Espacio Comunitario Barrio El Milenio (Moreno):<\/strong> Estreno de <em>\u201cEl evangelio de la revoluci\u00f3n\u201d<\/em> (Fran\u00e7ois-Xavier Drouet) y debate con Curas en Opci\u00f3n por los Pobres y Madre Tierra.<\/li>\n\n\n\n<li><strong>19:00 hs \u2013 Centro Cultural Do\u00f1a Ana de Matos (Luj\u00e1n):<\/strong> Estreno de <em>\u201cLS83\u201d<\/em> (Herman Szwarcbart) y charla abierta con el escritor Mart\u00edn Kohan.<\/li>\n<\/ul>\n<\/li>\n<\/ul>\n\n\n\n<p class=\"wp-block-paragraph\"><strong>Exhibici\u00f3n online<\/strong><\/p>\n\n\n\n<p class=\"wp-block-paragraph\">En paralelo, a trav\u00e9s de la plataforma <strong>Bafilma<\/strong>, el p\u00fablico podr\u00e1 acceder a una selecci\u00f3n de cortometrajes y a los largometrajes <em>Corresponsal<\/em>, <em>\u00c1lbum de familia<\/em>, <em>26206\/Tintina<\/em> y <em>Revelar<\/em>.<\/p>\n","protected":false},"excerpt":{"rendered":"<p>Del 2 al 5 de septiembre, se llevar\u00e1 a cabo la 2da Muestra Audiovisual de Cine y Educaci\u00f3n, una iniciativa &#8230; <a title=\"UNLu: Muestra de Cine y Educaci\u00f3n \u00abProyectar Memoria, desafiar lo educativo a 50 a\u00f1os del golpe\u00bb\" class=\"read-more\" href=\"https:\/\/www.hoymercedes.com.ar\/principal\/2026\/08\/31\/unlu-muestra-de-cine-y-educacion-proyectar-memoria-desafiar-lo-educativo-a-50-anos-del-golpe\/\" aria-label=\"Leer m\u00e1s sobre UNLu: Muestra de Cine y Educaci\u00f3n \u00abProyectar Memoria, desafiar lo educativo a 50 a\u00f1os del golpe\u00bb\">Leer m\u00e1s<\/a><\/p>\n","protected":false},"author":1,"featured_media":201297,"comment_status":"closed","ping_status":"open","sticky":false,"template":"","format":"standard","meta":{"_monsterinsights_skip_tracking":false,"_jetpack_newsletter_access":"","_jetpack_dont_email_post_to_subs":false,"_jetpack_newsletter_tier_id":0,"_jetpack_memberships_contains_paywalled_content":false,"_jetpack_feature_clip_id":0,"_jetpack_memberships_contains_paid_content":false,"footnotes":"","jetpack_publicize_message":"{title}\n\n{excerpt}\n\n{url}","jetpack_publicize_feature_enabled":true,"jetpack_social_post_already_shared":true,"jetpack_social_options":{"image_generator_settings":{"template":"highway","default_image_id":0,"font":"","enabled":false},"version":2},"_wpas_customize_per_network":false,"jetpack_post_was_ever_published":false},"categories":[23],"tags":[21352,21354],"class_list":["post-201296","post","type-post","status-publish","format-standard","has-post-thumbnail","hentry","category-educacion","tag-proyectar-memoria","tag-cine-unlu","generate-columns","tablet-grid-50","mobile-grid-100","grid-parent","grid-50"],"jetpack_publicize_connections":[],"wps_subtitle":"","jetpack_sharing_enabled":true,"jetpack_featured_media_url":"https:\/\/www.hoymercedes.com.ar\/principal\/wp-content\/uploads\/2026\/08\/cine-mundial-78-3.jpg","_links":{"self":[{"href":"https:\/\/www.hoymercedes.com.ar\/principal\/wp-json\/wp\/v2\/posts\/201296","targetHints":{"allow":["GET"]}}],"collection":[{"href":"https:\/\/www.hoymercedes.com.ar\/principal\/wp-json\/wp\/v2\/posts"}],"about":[{"href":"https:\/\/www.hoymercedes.com.ar\/principal\/wp-json\/wp\/v2\/types\/post"}],"author":[{"embeddable":true,"href":"https:\/\/www.hoymercedes.com.ar\/principal\/wp-json\/wp\/v2\/users\/1"}],"replies":[{"embeddable":true,"href":"https:\/\/www.hoymercedes.com.ar\/principal\/wp-json\/wp\/v2\/comments?post=201296"}],"version-history":[{"count":1,"href":"https:\/\/www.hoymercedes.com.ar\/principal\/wp-json\/wp\/v2\/posts\/201296\/revisions"}],"predecessor-version":[{"id":201298,"href":"https:\/\/www.hoymercedes.com.ar\/principal\/wp-json\/wp\/v2\/posts\/201296\/revisions\/201298"}],"wp:featuredmedia":[{"embeddable":true,"href":"https:\/\/www.hoymercedes.com.ar\/principal\/wp-json\/wp\/v2\/media\/201297"}],"wp:attachment":[{"href":"https:\/\/www.hoymercedes.com.ar\/principal\/wp-json\/wp\/v2\/media?parent=201296"}],"wp:term":[{"taxonomy":"category","embeddable":true,"href":"https:\/\/www.hoymercedes.com.ar\/principal\/wp-json\/wp\/v2\/categories?post=201296"},{"taxonomy":"post_tag","embeddable":true,"href":"https:\/\/www.hoymercedes.com.ar\/principal\/wp-json\/wp\/v2\/tags?post=201296"}],"curies":[{"name":"wp","href":"https:\/\/api.w.org\/{rel}","templated":true}]}}