{"id":2013,"date":"2011-02-04T15:13:25","date_gmt":"2011-02-04T15:13:25","guid":{"rendered":"http:\/\/www.hoymercedes.com.ar\/principal\/?p=2013"},"modified":"2011-02-04T15:13:25","modified_gmt":"2011-02-04T15:13:25","slug":"fomentistas-mercedinos-se-reunieron-para-programar-sus-tareas-a-lo-largo-del-2011","status":"publish","type":"post","link":"https:\/\/www.hoymercedes.com.ar\/principal\/2011\/02\/04\/fomentistas-mercedinos-se-reunieron-para-programar-sus-tareas-a-lo-largo-del-2011\/","title":{"rendered":"Fomentistas mercedinos: Se reunieron para programar sus tareas a lo largo del 2011"},"content":{"rendered":"<figure id=\"attachment_2015\" aria-describedby=\"caption-attachment-2015\" style=\"width: 290px\" class=\"wp-caption alignleft\"><a href=\"https:\/\/www.hoymercedes.com.ar\/principal\/wp-content\/uploads\/2011\/02\/alejandrasantana.jpg\"><img loading=\"lazy\" decoding=\"async\" data-attachment-id=\"2015\" data-permalink=\"https:\/\/www.hoymercedes.com.ar\/principal\/2011\/02\/04\/fomentistas-mercedinos-se-reunieron-para-programar-sus-tareas-a-lo-largo-del-2011\/alejandrasantana\/#main\" data-orig-file=\"https:\/\/www.hoymercedes.com.ar\/principal\/wp-content\/uploads\/2011\/02\/alejandrasantana.jpg\" data-orig-size=\"400,294\" data-comments-opened=\"1\" data-image-meta=\"{&quot;aperture&quot;:&quot;2.8&quot;,&quot;credit&quot;:&quot;&quot;,&quot;camera&quot;:&quot;COOLPIX L10&quot;,&quot;caption&quot;:&quot;&quot;,&quot;created_timestamp&quot;:&quot;1296462043&quot;,&quot;copyright&quot;:&quot;Copyright 2006&quot;,&quot;focal_length&quot;:&quot;6.2&quot;,&quot;iso&quot;:&quot;64&quot;,&quot;shutter_speed&quot;:&quot;0.013422818791946&quot;,&quot;title&quot;:&quot;&quot;}\" data-image-title=\"alejandrasantana\" data-image-description=\"\" data-image-caption=\"\" data-large-file=\"https:\/\/www.hoymercedes.com.ar\/principal\/wp-content\/uploads\/2011\/02\/alejandrasantana.jpg\" class=\"size-medium wp-image-2015\" title=\"alejandrasantana\" src=\"https:\/\/www.hoymercedes.com.ar\/principal\/wp-content\/uploads\/2011\/02\/alejandrasantana-300x220.jpg\" alt=\"\" width=\"300\" height=\"220\" srcset=\"https:\/\/www.hoymercedes.com.ar\/principal\/wp-content\/uploads\/2011\/02\/alejandrasantana-300x220.jpg 300w, https:\/\/www.hoymercedes.com.ar\/principal\/wp-content\/uploads\/2011\/02\/alejandrasantana.jpg 400w\" sizes=\"auto, (max-width: 300px) 100vw, 300px\" \/><\/a><figcaption id=\"caption-attachment-2015\" class=\"wp-caption-text\">Alejandra Santana<\/figcaption><\/figure>\n<p style=\"text-align: justify;\">Un grupo de alrededor de cuarenta fomentistas de diferentes barrios de la ciudad se reuni\u00f3 en las \u00faltimas horas para intentar coordinar la realizaci\u00f3n de trabajos necesarios en los diferentes sectores de la ciudad\u00a0 debido a que esta tarea que habitualmente se efectuaba ebn el seno de la Federaci\u00f3n de Sociedades de Fomentos ya no se puede efectuar porque la misma se encuentra en un virtual estado de acefal\u00eda.<\/p>\n<p style=\"text-align: justify;\">La se\u00f1ora Alejandra Santana concurri\u00f3 ayer\u00a0 en horas de la tarde al Palacio Municipal para entrevistarse\u00a0 con el jefe comunal de nuestra ciudad expresando \u201c la reuni\u00f3n que mantuvimos entre los fomentistas fue en la sede del bario La Amistad y all\u00ed se confeccion\u00f3 un acta donde se dejaron expresamente aclarados cuales son los proyectos cada uno de los barrios representados en el encuentro\u00a0 ten\u00edan para el presente a\u00f1o 2011.<\/p>\n<p style=\"text-align: justify;\">M\u00e1s all\u00e1 de esto y una vez concluida dicha parte de la reuni\u00f3n no fueron pocos los fomentistas que preguntaron en que estado se encontraba la Federaci\u00f3n de Sociedades de Fomentos, si el mandato se hab\u00eda vencido, si se hab\u00edan registrado renuncias de integrantes de la Comisi\u00f3n Directiva, a cargo de quien se encontraba la misma y otra serie de temas como por ejemplo si hab\u00eda dinero y qui\u00e9n lo ten\u00eda.<\/p>\n<p style=\"text-align: justify;\">Entre aquellos que aun siguen integrando la comisi\u00f3n directiva de la Federaci\u00f3n, son solo dos, por lo cual se debe entender que la entidad se encuentra en estado de acefal\u00eda, est\u00e1 el Tesorero qui\u00e9n dio un amplio informe, se trata del se\u00f1or Mario Delgado qui\u00e9n hizo un an\u00e1lisis concreto de la situaci\u00f3n que se est\u00e1 viviendo en dicha organizaci\u00f3n.<\/p>\n<p style=\"text-align: justify;\">\n<p style=\"text-align: justify;\">Expllic\u00f3 que lo ideal seria que esta personas que aun quedan trabajando en lo que era la Federaci\u00f3n propicien una amplia convocatoria a todas las sociedades de fomentos de la ciudad para volver a normalizar la Federaci\u00f3n, pero para hacer dicha convocatoria primero se deber\u00eda contar con la presentaci\u00f3n de la Memoria y Balance de los ejercicios en los que no se hayan cumplido dicho requisito y necesariamente con quien era el presidente para dar su informe y luego de ello si se estar\u00eda en condiciones de efectuar el llamado a una asamblea general a todas las organizaciones barriales que se encuentren debidamente en regla, es decir con todos los puntos exigible bien cumplidos para s\u00ed volver a consagrar una comisi\u00f3n para la entidad madre..<\/p>\n<p style=\"text-align: justify;\">Esto seguramente demandar\u00e1\u00a0 un tiempo debido a que son varias las sociedades de fomentos con mandatos vencidos que deber\u00e1n regularizar la situaci\u00f3n para poder votar al momento de elegir a los nuevos responsables de la Federaci\u00f3n y para ello se va a cntar con toda la colaboraci\u00f3n del Municipio especialmente en la parte\u00a0 legal para hacer la convocatoria y luego con la presencia de veedor municipal en cada bario el d\u00eda de la elecci\u00f3n.<\/p>\n<p style=\"text-align: justify;\">La idea, al menos de los que participamos de la reuni\u00f3n en el bario La Amistad, es que puedan concurrir a la asamblea de normalizaci\u00f3n de la Federaci\u00f3n con derecho a voto la mayor cantidad posible de sociedades de fomento de nuestra ciudad, se esa forma saldr\u00e1 una Federaci\u00f3n legitimada por todos los sectores de la ciudad.<\/p>\n<p style=\"text-align: justify;\">\n<p style=\"text-align: justify;\">Justamente esta reuni\u00f3n con el intendente es para decirle que los fomentistas que nos reunimos la semana pasada pretendemos mantener una reuni\u00f3n con \u00e9l, as\u00ed que si nos da fecha opara el encuentro vamos a decidir donde y como lo hacemos, es decir que nos reunimos todos o lo har\u00e1 un grupo designado por quienes estuvimos en el Barrio La Amistad\u201d.<\/p>\n<p style=\"text-align: justify;\">Empate en una elecci\u00f3n<\/p>\n<p style=\"text-align: justify;\">Durante el fin de semana se llev\u00f3 a cabo la elecci\u00f3n de nuevas autoridades en la Sociedad de Fomento del Barrio San Justo habi\u00e9ndose presentado dos listas.<\/p>\n<p style=\"text-align: justify;\">El veedor municipal, Dr. Roberto Flores precis\u00f3 \u201chabiendo aguardado diez minutos m\u00e1s luego del horario fijado como cierre para la recepci\u00f3n de votos,programado para las 20.00\u00a0 se decidi\u00f3 de comuna acuerdo entre los representantes de la lista y la veedur\u00eda dar por concluido el acto eleccionario y al proceder a la realizaci\u00f3n de escrutinio nos encontramos con la sorpresa que hab\u00eda votado un total de 96 vecinos y que cada una de las lista hab\u00eda tenido 48 votos a su favor, es decir que se produjo un empate algo que por lo menos yo que comenc\u00e9 a ser veedor municipal cuando era intendente el Dr.\u00a0 Julio C\u00e9sar Gioscio no hab\u00eda visto antes.<\/p>\n<p style=\"text-align: justify;\">A manera de broma dije en el lugar que iba a tirar la moneda pero la realidad indica que ahora los responsables de ambas listas deber\u00e1n ponerse acuerdo y llamar a una nueva elecci\u00f3n\u201d.<\/p>\n","protected":false},"excerpt":{"rendered":"<p>Un grupo de alrededor de cuarenta fomentistas de diferentes barrios de la ciudad se reuni\u00f3 en las \u00faltimas horas para &#8230; <a title=\"Fomentistas mercedinos: Se reunieron para programar sus tareas a lo largo del 2011\" class=\"read-more\" href=\"https:\/\/www.hoymercedes.com.ar\/principal\/2011\/02\/04\/fomentistas-mercedinos-se-reunieron-para-programar-sus-tareas-a-lo-largo-del-2011\/\" aria-label=\"Leer m\u00e1s sobre Fomentistas mercedinos: Se reunieron para programar sus tareas a lo largo del 2011\">Leer m\u00e1s<\/a><\/p>\n","protected":false},"author":1,"featured_media":0,"comment_status":"open","ping_status":"open","sticky":false,"template":"","format":"standard","meta":{"_monsterinsights_skip_tracking":false,"_monsterinsights_sitenote_active":false,"_monsterinsights_sitenote_note":"","_monsterinsights_sitenote_category":0,"jetpack_post_was_ever_published":false,"_jetpack_newsletter_access":"","_jetpack_dont_email_post_to_subs":false,"_jetpack_newsletter_tier_id":0,"_jetpack_memberships_contains_paywalled_content":false,"_jetpack_memberships_contains_paid_content":false,"footnotes":"","jetpack_publicize_message":"","jetpack_publicize_feature_enabled":true,"jetpack_social_post_already_shared":false,"jetpack_social_options":{"image_generator_settings":{"template":"highway","default_image_id":0,"font":"","enabled":false},"version":2},"_wpas_customize_per_network":false},"categories":[5],"tags":[438],"class_list":["post-2013","post","type-post","status-publish","format-standard","hentry","category-politica","tag-alejandro-santana","generate-columns","tablet-grid-50","mobile-grid-100","grid-parent","grid-50"],"jetpack_publicize_connections":[],"jetpack_featured_media_url":"","wps_subtitle":"","jetpack_sharing_enabled":true,"_links":{"self":[{"href":"https:\/\/www.hoymercedes.com.ar\/principal\/wp-json\/wp\/v2\/posts\/2013","targetHints":{"allow":["GET"]}}],"collection":[{"href":"https:\/\/www.hoymercedes.com.ar\/principal\/wp-json\/wp\/v2\/posts"}],"about":[{"href":"https:\/\/www.hoymercedes.com.ar\/principal\/wp-json\/wp\/v2\/types\/post"}],"author":[{"embeddable":true,"href":"https:\/\/www.hoymercedes.com.ar\/principal\/wp-json\/wp\/v2\/users\/1"}],"replies":[{"embeddable":true,"href":"https:\/\/www.hoymercedes.com.ar\/principal\/wp-json\/wp\/v2\/comments?post=2013"}],"version-history":[{"count":0,"href":"https:\/\/www.hoymercedes.com.ar\/principal\/wp-json\/wp\/v2\/posts\/2013\/revisions"}],"wp:attachment":[{"href":"https:\/\/www.hoymercedes.com.ar\/principal\/wp-json\/wp\/v2\/media?parent=2013"}],"wp:term":[{"taxonomy":"category","embeddable":true,"href":"https:\/\/www.hoymercedes.com.ar\/principal\/wp-json\/wp\/v2\/categories?post=2013"},{"taxonomy":"post_tag","embeddable":true,"href":"https:\/\/www.hoymercedes.com.ar\/principal\/wp-json\/wp\/v2\/tags?post=2013"}],"curies":[{"name":"wp","href":"https:\/\/api.w.org\/{rel}","templated":true}]}}