{"id":201302,"date":"2026-09-01T18:49:00","date_gmt":"2026-09-01T21:49:00","guid":{"rendered":"https:\/\/www.hoymercedes.com.ar\/principal\/?p=201302"},"modified":"2026-08-31T11:53:09","modified_gmt":"2026-08-31T14:53:09","slug":"anses-anuncio-el-calendario-de-pago-de-septiembre","status":"publish","type":"post","link":"https:\/\/www.hoymercedes.com.ar\/principal\/2026\/09\/01\/anses-anuncio-el-calendario-de-pago-de-septiembre\/","title":{"rendered":"ANSES anunci\u00f3 el calendario de pago de septiembre"},"content":{"rendered":"\n<p class=\"wp-block-paragraph\">El organismo nacional, ANSES, comunico el calendario de pagos del mes de\u00a0septiembre\u00a0para jubilados, pensionados y titulares de Pensiones No Contributivas, Asignaci\u00f3n Universal por Hijo, Asignaciones Familiares, Asignaci\u00f3n por Embarazo, por Prenatal, por Maternidad, de Pago \u00danico y Prestaci\u00f3n por Desempleo.<\/p>\n\n\n\n<p class=\"wp-block-paragraph\"><strong>Jubilaciones y pensiones que no superen un haber m\u00ednimo<\/strong><br>\u2022 DNI terminados en 0: 8 de septiembre<br>\u2022 DNI terminados en 1: 9 de septiembre<br>\u2022 DNI terminados en 2: 10 de septiembre<br>\u2022 DNI terminados en 3: 11 de septiembre<br>\u2022 DNI terminados en 4: 14 de septiembre\u00a0\u00a0\u00a0\u00a0\u00a0\u00a0\u00a0<br>\u2022 DNI terminados en 5: 15 de septiembre<br>\u2022 DNI terminados en 6: 16 de septiembre<br>\u2022 DNI terminados en 7: 17 de septiembre<br>\u2022 DNI terminados en 8: 18 de septiembre<br>\u2022 DNI terminados en 9: 21 de septiembre<\/p>\n\n\n\n<p class=\"wp-block-paragraph\"><strong>Jubilaciones y pensiones que superen un haber m\u00ednimo<\/strong><br>\u2022 DNI terminados en 0 y 1: 22 de septiembre<br>\u2022 DNI terminados en 2 y 3: 23 de septiembre<br>\u2022 DNI terminados en 4 y 5: 24 de septiembre<br>\u2022 DNI terminados en 6 y 7: 25 de septiembrechada <\/p>\n\n\n\n<p class=\"wp-block-paragraph\">\u2022 DNI terminados en 8 y 9: 28 de septiembre<\/p>\n\n\n\n<p class=\"wp-block-paragraph\"><strong>Asignaci\u00f3n Universal por Hijo y Asignaci\u00f3n Familiar por Hijo<\/strong><br>\u2022 DNI terminados en 0: 8 de septiembre<br>\u2022 DNI terminados en 1: 9 de septiembre<br>\u2022 DNI terminados en 2: 10 de septiembre<br>\u2022 DNI terminados en 3: 11 de septiembre<br>\u2022 DNI terminados en 4: 14 de septiembre<br>\u2022 DNI terminados en 5: 15 de septiembre<br>\u2022 DNI terminados en 6: 16 de septiembre<br>\u2022 DNI terminados en 7: 17 de septiembre<br>\u2022 DNI terminados en 8: 18 de septiembre<br>\u2022 DNI terminados en 9: 21 de septiembre<\/p>\n\n\n\n<p class=\"wp-block-paragraph\"><strong>Asignaci\u00f3n por Embarazo<\/strong><br>\u2022 DNI terminados en 0: 10 de septiembre<br>\u2022 DNI terminados en 1: 11 de septiembre<br>\u2022 DNI terminados en 2: 14 de septiembre<br>\u2022 DNI terminados en 3: 15 de septiembre<br>\u2022 DNI terminados en 4: 16 de septiembre<br>\u2022 DNI terminados en 5: 17 de septiembre<br>\u2022 DNI terminados en 6: 18 de septiembre<br>\u2022 DNI terminados en 7: 21 de septiembre<br>\u2022 DNI terminados en 8: 22 de septiembre<br>\u2022 DNI terminados en 9: 23 de septiembre<\/p>\n\n\n\n<p class=\"wp-block-paragraph\"><strong>Asignaci\u00f3n por Prenatal<\/strong><br>\u2022 DNI terminados en 0 y 1: 10 de septiembre<br>\u2022 DNI terminados en 2 y 3: 11 de septiembre<br>\u2022 DNI terminados en 4 y 5: 14 de septiembre<br>\u2022 DNI terminados en 6 y 7: 15 de septiembre<br>\u2022 DNI terminados en 8 y 9: 16 de septiembre<\/p>\n\n\n\n<p class=\"wp-block-paragraph\"><strong>Asignaci\u00f3n por Maternidad<\/strong><br>\u2022 Todas las terminaciones de documento: 10 de septiembre al 09 de octubre<\/p>\n\n\n\n<p class=\"wp-block-paragraph\"><strong>Asignaciones Pago \u00danico (Matrimonio, Nacimiento, Adopci\u00f3n)<\/strong><br>\u2022 Todas las terminaciones de documento: 09 de septiembre al 09 de octubre<\/p>\n\n\n\n<p class=\"wp-block-paragraph\"><strong>Pensiones No Contributivas<\/strong><br>\u2022 DNI terminados en 0 y 1: 8 de septiembre<br>\u2022 DNI terminados en 2 y 3: 9 de septiembre<br>\u2022 DNI terminados en 4 y 5: 10 de septiembre<br>\u2022 DNI terminados en 6 y 7: 11 de septiembre<br>\u2022 DNI terminados en 8 y 9: 14 de septiembre<\/p>\n\n\n\n<p class=\"wp-block-paragraph\"><strong>Asignaciones Familiares de Pensiones No Contributivas<\/strong><br>\u2022 Todas las terminaciones de documento: 08 de septiembre al 09 de octubre.<\/p>\n\n\n\n<p class=\"wp-block-paragraph\"><strong>Prestaci\u00f3n por Desempleo<\/strong><br>\u2022 DNI terminados en 0 y 1: 22 de septiembre<br>\u2022 DNI terminados en 2 y 3: 23 de septiembre<br>\u2022 DNI terminados en 4 y 5: 24 de septiembre<br>\u2022 DNI terminados en 6 y 7: 25 de septiembre<br>\u2022 DNI terminados en 8 y 9: 28 de septiembre<\/p>\n","protected":false},"excerpt":{"rendered":"<p>El organismo nacional, ANSES, comunico el calendario de pagos del mes de\u00a0septiembre\u00a0para jubilados, pensionados y titulares de Pensiones No Contributivas, &#8230; <a title=\"ANSES anunci\u00f3 el calendario de pago de septiembre\" class=\"read-more\" href=\"https:\/\/www.hoymercedes.com.ar\/principal\/2026\/09\/01\/anses-anuncio-el-calendario-de-pago-de-septiembre\/\" aria-label=\"Leer m\u00e1s sobre ANSES anunci\u00f3 el calendario de pago de septiembre\">Leer m\u00e1s<\/a><\/p>\n","protected":false},"author":1,"featured_media":172442,"comment_status":"closed","ping_status":"open","sticky":false,"template":"","format":"standard","meta":{"_monsterinsights_skip_tracking":false,"_jetpack_newsletter_access":"","_jetpack_dont_email_post_to_subs":false,"_jetpack_newsletter_tier_id":0,"_jetpack_memberships_contains_paywalled_content":false,"_jetpack_feature_clip_id":0,"_jetpack_memberships_contains_paid_content":false,"footnotes":"","jetpack_publicize_message":"{title}\n\n{excerpt}\n\n{url}","jetpack_publicize_feature_enabled":true,"jetpack_social_post_already_shared":true,"jetpack_social_options":{"image_generator_settings":{"template":"highway","default_image_id":0,"font":"","enabled":false},"version":2},"_wpas_customize_per_network":false,"jetpack_post_was_ever_published":false},"categories":[17182],"tags":[4,21356,7944,14392,21357],"class_list":["post-201302","post","type-post","status-publish","format-standard","has-post-thumbnail","hentry","category-nacion","tag-anses","tag-calendario-pago","tag-jubilados","tag-nacion-2","tag-pension-2","generate-columns","tablet-grid-50","mobile-grid-100","grid-parent","grid-50"],"jetpack_publicize_connections":[],"wps_subtitle":"","jetpack_sharing_enabled":true,"jetpack_featured_media_url":"https:\/\/www.hoymercedes.com.ar\/principal\/wp-content\/uploads\/2024\/02\/ansesmercedesa.jpg","_links":{"self":[{"href":"https:\/\/www.hoymercedes.com.ar\/principal\/wp-json\/wp\/v2\/posts\/201302","targetHints":{"allow":["GET"]}}],"collection":[{"href":"https:\/\/www.hoymercedes.com.ar\/principal\/wp-json\/wp\/v2\/posts"}],"about":[{"href":"https:\/\/www.hoymercedes.com.ar\/principal\/wp-json\/wp\/v2\/types\/post"}],"author":[{"embeddable":true,"href":"https:\/\/www.hoymercedes.com.ar\/principal\/wp-json\/wp\/v2\/users\/1"}],"replies":[{"embeddable":true,"href":"https:\/\/www.hoymercedes.com.ar\/principal\/wp-json\/wp\/v2\/comments?post=201302"}],"version-history":[{"count":1,"href":"https:\/\/www.hoymercedes.com.ar\/principal\/wp-json\/wp\/v2\/posts\/201302\/revisions"}],"predecessor-version":[{"id":201303,"href":"https:\/\/www.hoymercedes.com.ar\/principal\/wp-json\/wp\/v2\/posts\/201302\/revisions\/201303"}],"wp:featuredmedia":[{"embeddable":true,"href":"https:\/\/www.hoymercedes.com.ar\/principal\/wp-json\/wp\/v2\/media\/172442"}],"wp:attachment":[{"href":"https:\/\/www.hoymercedes.com.ar\/principal\/wp-json\/wp\/v2\/media?parent=201302"}],"wp:term":[{"taxonomy":"category","embeddable":true,"href":"https:\/\/www.hoymercedes.com.ar\/principal\/wp-json\/wp\/v2\/categories?post=201302"},{"taxonomy":"post_tag","embeddable":true,"href":"https:\/\/www.hoymercedes.com.ar\/principal\/wp-json\/wp\/v2\/tags?post=201302"}],"curies":[{"name":"wp","href":"https:\/\/api.w.org\/{rel}","templated":true}]}}