{"id":201306,"date":"2026-09-01T09:04:00","date_gmt":"2026-09-01T12:04:00","guid":{"rendered":"https:\/\/www.hoymercedes.com.ar\/principal\/?p=201306"},"modified":"2026-08-31T15:05:12","modified_gmt":"2026-08-31T18:05:12","slug":"el-fronton-goleo-a-armenio-y-se-mantiene-como-lider-de-la-primera-c","status":"publish","type":"post","link":"https:\/\/www.hoymercedes.com.ar\/principal\/2026\/09\/01\/el-fronton-goleo-a-armenio-y-se-mantiene-como-lider-de-la-primera-c\/","title":{"rendered":"El Front\u00f3n gole\u00f3 a Armenio y se mantiene como l\u00edder de la Primera C"},"content":{"rendered":"\n<figure class=\"wp-block-image size-full\"><img loading=\"lazy\" decoding=\"async\" width=\"1024\" height=\"768\" data-attachment-id=\"201307\" data-permalink=\"https:\/\/www.hoymercedes.com.ar\/principal\/2026\/09\/01\/el-fronton-goleo-a-armenio-y-se-mantiene-como-lider-de-la-primera-c\/image-1033\/#main\" data-orig-file=\"https:\/\/www.hoymercedes.com.ar\/principal\/wp-content\/uploads\/2026\/08\/image-162.png\" data-orig-size=\"1024,768\" data-comments-opened=\"0\" data-image-title=\"image\" data-image-description=\"\" data-image-caption=\"\" data-large-file=\"https:\/\/www.hoymercedes.com.ar\/principal\/wp-content\/uploads\/2026\/08\/image-162.png\" src=\"https:\/\/www.hoymercedes.com.ar\/principal\/wp-content\/uploads\/2026\/08\/image-162.png\" alt=\"\" class=\"wp-image-201307\" srcset=\"https:\/\/www.hoymercedes.com.ar\/principal\/wp-content\/uploads\/2026\/08\/image-162.png 1024w, https:\/\/www.hoymercedes.com.ar\/principal\/wp-content\/uploads\/2026\/08\/image-162-150x112.png 150w, https:\/\/www.hoymercedes.com.ar\/principal\/wp-content\/uploads\/2026\/08\/image-162-630x473.png 630w\" sizes=\"auto, (max-width: 1024px) 100vw, 1024px\" \/><\/figure>\n\n\n\n<p class=\"wp-block-paragraph\">El equipo femenino de <strong>El Front\u00f3n<\/strong> derrot\u00f3 <strong>4-0 a Deportivo Armenio<\/strong> por la <strong>14\u00aa fecha de la Primera C de AFA<\/strong> y contin\u00faa en lo m\u00e1s alto de la tabla de posiciones.<\/p>\n\n\n\n<p class=\"wp-block-paragraph\">El partido se disput\u00f3 durante el fin de semana del <strong>29 y 30 de agosto<\/strong>. <strong>Dai Schiro<\/strong> marc\u00f3 dos goles, mientras que <strong>Milagros Guerra<\/strong> y <strong>Yamila Garc\u00eda<\/strong> completaron la goleada.<\/p>\n\n\n\n<p class=\"wp-block-paragraph\">Con este resultado, El Front\u00f3n lleg\u00f3 a los <strong>40 puntos<\/strong> y se mantiene como \u00fanico l\u00edder. <strong>Barracas Central<\/strong> ocupa el segundo lugar con 37 unidades, aunque tiene un partido menos disputado. M\u00e1s atr\u00e1s aparecen <strong>Almagro<\/strong>, con 34, y <strong>Arsenal<\/strong>, con 26.<\/p>\n\n\n\n<p class=\"wp-block-paragraph\"><strong>Otros resultados de la fecha<\/strong><\/p>\n\n\n\n<ul class=\"wp-block-list\">\n<li>Barracas Central 3-0 Deportivo Merlo.<\/li>\n\n\n\n<li>Flandria 0-1 Arsenal.<\/li>\n\n\n\n<li>Puerto Nuevo 1-2 Atlanta.<\/li>\n\n\n\n<li>Los Andes 0-6 Almagro.<\/li>\n\n\n\n<li>Libre: Argentino de Quilmes.<\/li>\n<\/ul>\n\n\n\n<p class=\"wp-block-paragraph\"><strong>Actividad en el Torneo Regional Federal<\/strong><\/p>\n\n\n\n<p class=\"wp-block-paragraph\">El Front\u00f3n tambi\u00e9n afront\u00f3 compromisos por el <strong>Torneo Regional Federal<\/strong>. La categor\u00eda <strong>Sub 13<\/strong> perdi\u00f3 <strong>3-1 ante Brandsen<\/strong> en el partido de ida de la segunda ronda.<\/p>\n\n\n\n<p class=\"wp-block-paragraph\">Por su parte, la <strong>Primera Divisi\u00f3n<\/strong> igual\u00f3 <strong>0-0 con Rivadavia<\/strong>, en el encuentro de ida correspondiente a la tercera ronda.<\/p>\n","protected":false},"excerpt":{"rendered":"<p>El equipo femenino de El Front\u00f3n derrot\u00f3 4-0 a Deportivo Armenio por la 14\u00aa fecha de la Primera C de &#8230; <a title=\"El Front\u00f3n gole\u00f3 a Armenio y se mantiene como l\u00edder de la Primera C\" class=\"read-more\" href=\"https:\/\/www.hoymercedes.com.ar\/principal\/2026\/09\/01\/el-fronton-goleo-a-armenio-y-se-mantiene-como-lider-de-la-primera-c\/\" aria-label=\"Leer m\u00e1s sobre El Front\u00f3n gole\u00f3 a Armenio y se mantiene como l\u00edder de la Primera C\">Leer m\u00e1s<\/a><\/p>\n","protected":false},"author":1,"featured_media":201307,"comment_status":"closed","ping_status":"open","sticky":false,"template":"","format":"standard","meta":{"_monsterinsights_skip_tracking":false,"_jetpack_newsletter_access":"","_jetpack_dont_email_post_to_subs":false,"_jetpack_newsletter_tier_id":0,"_jetpack_memberships_contains_paywalled_content":false,"_jetpack_feature_clip_id":0,"_jetpack_memberships_contains_paid_content":false,"footnotes":"","jetpack_publicize_message":"{title}\n\n{excerpt}\n\n{url}","jetpack_publicize_feature_enabled":true,"jetpack_social_post_already_shared":true,"jetpack_social_options":{"image_generator_settings":{"template":"highway","default_image_id":0,"font":"","enabled":false},"version":2},"_wpas_customize_per_network":false,"jetpack_post_was_ever_published":false},"categories":[21],"tags":[],"class_list":["post-201306","post","type-post","status-publish","format-standard","has-post-thumbnail","hentry","category-deportes","generate-columns","tablet-grid-50","mobile-grid-100","grid-parent","grid-50"],"jetpack_publicize_connections":[],"wps_subtitle":"","jetpack_sharing_enabled":true,"jetpack_featured_media_url":"https:\/\/www.hoymercedes.com.ar\/principal\/wp-content\/uploads\/2026\/08\/image-162.png","_links":{"self":[{"href":"https:\/\/www.hoymercedes.com.ar\/principal\/wp-json\/wp\/v2\/posts\/201306","targetHints":{"allow":["GET"]}}],"collection":[{"href":"https:\/\/www.hoymercedes.com.ar\/principal\/wp-json\/wp\/v2\/posts"}],"about":[{"href":"https:\/\/www.hoymercedes.com.ar\/principal\/wp-json\/wp\/v2\/types\/post"}],"author":[{"embeddable":true,"href":"https:\/\/www.hoymercedes.com.ar\/principal\/wp-json\/wp\/v2\/users\/1"}],"replies":[{"embeddable":true,"href":"https:\/\/www.hoymercedes.com.ar\/principal\/wp-json\/wp\/v2\/comments?post=201306"}],"version-history":[{"count":1,"href":"https:\/\/www.hoymercedes.com.ar\/principal\/wp-json\/wp\/v2\/posts\/201306\/revisions"}],"predecessor-version":[{"id":201308,"href":"https:\/\/www.hoymercedes.com.ar\/principal\/wp-json\/wp\/v2\/posts\/201306\/revisions\/201308"}],"wp:featuredmedia":[{"embeddable":true,"href":"https:\/\/www.hoymercedes.com.ar\/principal\/wp-json\/wp\/v2\/media\/201307"}],"wp:attachment":[{"href":"https:\/\/www.hoymercedes.com.ar\/principal\/wp-json\/wp\/v2\/media?parent=201306"}],"wp:term":[{"taxonomy":"category","embeddable":true,"href":"https:\/\/www.hoymercedes.com.ar\/principal\/wp-json\/wp\/v2\/categories?post=201306"},{"taxonomy":"post_tag","embeddable":true,"href":"https:\/\/www.hoymercedes.com.ar\/principal\/wp-json\/wp\/v2\/tags?post=201306"}],"curies":[{"name":"wp","href":"https:\/\/api.w.org\/{rel}","templated":true}]}}