{"id":201309,"date":"2026-09-01T10:06:00","date_gmt":"2026-09-01T13:06:00","guid":{"rendered":"https:\/\/www.hoymercedes.com.ar\/principal\/?p=201309"},"modified":"2026-08-31T15:07:39","modified_gmt":"2026-08-31T18:07:39","slug":"proponen-trasladar-la-capital-bonaerense-de-la-plata-a-junin","status":"publish","type":"post","link":"https:\/\/www.hoymercedes.com.ar\/principal\/2026\/09\/01\/proponen-trasladar-la-capital-bonaerense-de-la-plata-a-junin\/","title":{"rendered":"Proponen trasladar la capital bonaerense de La Plata a Jun\u00edn"},"content":{"rendered":"\n<figure class=\"wp-block-image size-large\"><img loading=\"lazy\" decoding=\"async\" width=\"1024\" height=\"682\" data-attachment-id=\"201310\" data-permalink=\"https:\/\/www.hoymercedes.com.ar\/principal\/2026\/09\/01\/proponen-trasladar-la-capital-bonaerense-de-la-plata-a-junin\/image-1037\/#main\" data-orig-file=\"https:\/\/www.hoymercedes.com.ar\/principal\/wp-content\/uploads\/2026\/08\/image-166.png\" data-orig-size=\"1400,932\" data-comments-opened=\"0\" data-image-title=\"image\" data-image-description=\"\" data-image-caption=\"\" data-large-file=\"https:\/\/www.hoymercedes.com.ar\/principal\/wp-content\/uploads\/2026\/08\/image-166-1024x682.png\" src=\"https:\/\/www.hoymercedes.com.ar\/principal\/wp-content\/uploads\/2026\/08\/image-166-1024x682.png\" alt=\"\" class=\"wp-image-201310\" srcset=\"https:\/\/www.hoymercedes.com.ar\/principal\/wp-content\/uploads\/2026\/08\/image-166-1024x682.png 1024w, https:\/\/www.hoymercedes.com.ar\/principal\/wp-content\/uploads\/2026\/08\/image-166-150x100.png 150w, https:\/\/www.hoymercedes.com.ar\/principal\/wp-content\/uploads\/2026\/08\/image-166-630x419.png 630w, https:\/\/www.hoymercedes.com.ar\/principal\/wp-content\/uploads\/2026\/08\/image-166.png 1400w\" sizes=\"auto, (max-width: 1024px) 100vw, 1024px\" \/><\/figure>\n\n\n\n<p class=\"wp-block-paragraph\">El exdiputado nacional <strong>Miguel Saredi<\/strong> y el ensayista <strong>Luis Gotte<\/strong> plantearon trasladar la capital administrativa de la provincia de Buenos Aires desde <strong>La Plata hacia Jun\u00edn<\/strong>.<\/p>\n\n\n\n<p class=\"wp-block-paragraph\">La propuesta est\u00e1 desarrollada en el libro <em>\u201cJun\u00edn, capital de los bonaerenses\u201d<\/em>, publicado por <strong>Editorial Dunken<\/strong>, y apunta a descentralizar el funcionamiento del Estado provincial y fortalecer el rol de las ciudades del interior.<\/p>\n\n\n\n<p class=\"wp-block-paragraph\"><strong>Un nuevo esquema territorial<\/strong><\/p>\n\n\n\n<p class=\"wp-block-paragraph\">Seg\u00fan el planteo, Jun\u00edn concentrar\u00eda la sede del gobernador y de un Poder Ejecutivo provincial reducido, mientras que La Plata conservar\u00eda un perfil vinculado con la <strong>cultura y la educaci\u00f3n<\/strong>. Mar del Plata, en tanto, tendr\u00eda un papel central como ciudad tur\u00edstica.<\/p>\n\n\n\n<p class=\"wp-block-paragraph\">Los autores sostienen que el traslado podr\u00eda realizarse aprovechando infraestructura existente y mediante una reorganizaci\u00f3n funcional, sin necesidad de ejecutar grandes obras ni generar importantes erogaciones presupuestarias.<\/p>\n\n\n\n<p class=\"wp-block-paragraph\">La iniciativa tambi\u00e9n propone un eje territorial integrado por <strong>Jun\u00edn, Tandil y Bah\u00eda Blanca<\/strong>, junto con un mayor impulso a las actividades industriales, agroalimentarias y tecnol\u00f3gicas.<\/p>\n\n\n\n<p class=\"wp-block-paragraph\"><strong>Los argumentos de la propuesta<\/strong><\/p>\n\n\n\n<p class=\"wp-block-paragraph\">Saredi y Gotte consideran que la concentraci\u00f3n poblacional y administrativa en el conurbano bonaerense profundiz\u00f3 problemas como el hacinamiento, la contaminaci\u00f3n y la presi\u00f3n sobre los recursos estrat\u00e9gicos.<\/p>\n\n\n\n<p class=\"wp-block-paragraph\">En paralelo, advierten sobre el despoblamiento de distintas localidades del interior y plantean avanzar hacia un modelo con mayor equilibrio territorial, protagonismo de los municipios y una administraci\u00f3n m\u00e1s cercana a las zonas productivas.<\/p>\n\n\n\n<p class=\"wp-block-paragraph\">La propuesta busca instalar el debate sobre la organizaci\u00f3n territorial de la provincia y el modelo de desarrollo para las pr\u00f3ximas d\u00e9cadas, aunque se trata de un planteo presentado por los autores en su libro.<\/p>\n","protected":false},"excerpt":{"rendered":"<p>El exdiputado nacional Miguel Saredi y el ensayista Luis Gotte plantearon trasladar la capital administrativa de la provincia de Buenos &#8230; <a title=\"Proponen trasladar la capital bonaerense de La Plata a Jun\u00edn\" class=\"read-more\" href=\"https:\/\/www.hoymercedes.com.ar\/principal\/2026\/09\/01\/proponen-trasladar-la-capital-bonaerense-de-la-plata-a-junin\/\" aria-label=\"Leer m\u00e1s sobre Proponen trasladar la capital bonaerense de La Plata a Jun\u00edn\">Leer m\u00e1s<\/a><\/p>\n","protected":false},"author":1,"featured_media":201310,"comment_status":"closed","ping_status":"open","sticky":false,"template":"","format":"standard","meta":{"_monsterinsights_skip_tracking":false,"_jetpack_newsletter_access":"","_jetpack_dont_email_post_to_subs":false,"_jetpack_newsletter_tier_id":0,"_jetpack_memberships_contains_paywalled_content":false,"_jetpack_feature_clip_id":0,"_jetpack_memberships_contains_paid_content":false,"footnotes":"","jetpack_publicize_message":"{title}\n\n{excerpt}\n\n{url}","jetpack_publicize_feature_enabled":true,"jetpack_social_post_already_shared":true,"jetpack_social_options":{"image_generator_settings":{"template":"highway","default_image_id":0,"font":"","enabled":false},"version":2},"_wpas_customize_per_network":false,"jetpack_post_was_ever_published":false},"categories":[8],"tags":[],"class_list":["post-201309","post","type-post","status-publish","format-standard","has-post-thumbnail","hentry","category-sociedad","generate-columns","tablet-grid-50","mobile-grid-100","grid-parent","grid-50"],"jetpack_publicize_connections":[],"wps_subtitle":"","jetpack_sharing_enabled":true,"jetpack_featured_media_url":"https:\/\/www.hoymercedes.com.ar\/principal\/wp-content\/uploads\/2026\/08\/image-166.png","_links":{"self":[{"href":"https:\/\/www.hoymercedes.com.ar\/principal\/wp-json\/wp\/v2\/posts\/201309","targetHints":{"allow":["GET"]}}],"collection":[{"href":"https:\/\/www.hoymercedes.com.ar\/principal\/wp-json\/wp\/v2\/posts"}],"about":[{"href":"https:\/\/www.hoymercedes.com.ar\/principal\/wp-json\/wp\/v2\/types\/post"}],"author":[{"embeddable":true,"href":"https:\/\/www.hoymercedes.com.ar\/principal\/wp-json\/wp\/v2\/users\/1"}],"replies":[{"embeddable":true,"href":"https:\/\/www.hoymercedes.com.ar\/principal\/wp-json\/wp\/v2\/comments?post=201309"}],"version-history":[{"count":1,"href":"https:\/\/www.hoymercedes.com.ar\/principal\/wp-json\/wp\/v2\/posts\/201309\/revisions"}],"predecessor-version":[{"id":201311,"href":"https:\/\/www.hoymercedes.com.ar\/principal\/wp-json\/wp\/v2\/posts\/201309\/revisions\/201311"}],"wp:featuredmedia":[{"embeddable":true,"href":"https:\/\/www.hoymercedes.com.ar\/principal\/wp-json\/wp\/v2\/media\/201310"}],"wp:attachment":[{"href":"https:\/\/www.hoymercedes.com.ar\/principal\/wp-json\/wp\/v2\/media?parent=201309"}],"wp:term":[{"taxonomy":"category","embeddable":true,"href":"https:\/\/www.hoymercedes.com.ar\/principal\/wp-json\/wp\/v2\/categories?post=201309"},{"taxonomy":"post_tag","embeddable":true,"href":"https:\/\/www.hoymercedes.com.ar\/principal\/wp-json\/wp\/v2\/tags?post=201309"}],"curies":[{"name":"wp","href":"https:\/\/api.w.org\/{rel}","templated":true}]}}