{"id":201312,"date":"2026-09-02T09:08:00","date_gmt":"2026-09-02T12:08:00","guid":{"rendered":"https:\/\/www.hoymercedes.com.ar\/principal\/?p=201312"},"modified":"2026-08-31T15:09:05","modified_gmt":"2026-08-31T18:09:05","slug":"joaquin-de-la-torre-propuso-federalizar-los-27-municipios-del-conurbano","status":"publish","type":"post","link":"https:\/\/www.hoymercedes.com.ar\/principal\/2026\/09\/02\/joaquin-de-la-torre-propuso-federalizar-los-27-municipios-del-conurbano\/","title":{"rendered":"Joaqu\u00edn de la Torre propuso federalizar los 27 municipios del conurbano"},"content":{"rendered":"\n<figure class=\"wp-block-image size-large\"><img loading=\"lazy\" decoding=\"async\" width=\"1024\" height=\"768\" data-attachment-id=\"201313\" data-permalink=\"https:\/\/www.hoymercedes.com.ar\/principal\/2026\/09\/02\/joaquin-de-la-torre-propuso-federalizar-los-27-municipios-del-conurbano\/image-1038\/#main\" data-orig-file=\"https:\/\/www.hoymercedes.com.ar\/principal\/wp-content\/uploads\/2026\/08\/image-167.png\" data-orig-size=\"1040,780\" data-comments-opened=\"0\" data-image-title=\"image\" data-image-description=\"\" data-image-caption=\"\" data-large-file=\"https:\/\/www.hoymercedes.com.ar\/principal\/wp-content\/uploads\/2026\/08\/image-167-1024x768.png\" src=\"https:\/\/www.hoymercedes.com.ar\/principal\/wp-content\/uploads\/2026\/08\/image-167-1024x768.png\" alt=\"\" class=\"wp-image-201313\" srcset=\"https:\/\/www.hoymercedes.com.ar\/principal\/wp-content\/uploads\/2026\/08\/image-167-1024x768.png 1024w, https:\/\/www.hoymercedes.com.ar\/principal\/wp-content\/uploads\/2026\/08\/image-167-150x113.png 150w, https:\/\/www.hoymercedes.com.ar\/principal\/wp-content\/uploads\/2026\/08\/image-167-630x473.png 630w, https:\/\/www.hoymercedes.com.ar\/principal\/wp-content\/uploads\/2026\/08\/image-167.png 1040w\" sizes=\"auto, (max-width: 1024px) 100vw, 1024px\" \/><\/figure>\n\n\n\n<p class=\"wp-block-paragraph\">El exintendente de <strong>San Miguel<\/strong> y exsenador bonaerense <strong>Joaqu\u00edn de la Torre<\/strong> plante\u00f3 federalizar los <strong>27 distritos del conurbano<\/strong> y retirar esas jurisdicciones de la \u00f3rbita del Gobierno de la provincia de Buenos Aires.<\/p>\n\n\n\n<p class=\"wp-block-paragraph\">La propuesta contempla que esos municipios pasen a depender \u00fanicamente del <strong>Estado nacional y de sus respectivos gobiernos locales<\/strong>, con intendentes elegidos por los vecinos, pero sin participaci\u00f3n en las elecciones para gobernador, senadores o diputados provinciales.<\/p>\n\n\n\n<p class=\"wp-block-paragraph\"><strong>Los argumentos del exintendente<\/strong><\/p>\n\n\n\n<p class=\"wp-block-paragraph\">De la Torre sostuvo que gran parte de los servicios que reciben los habitantes del conurbano ya son prestados por organismos nacionales o por los propios municipios.<\/p>\n\n\n\n<p class=\"wp-block-paragraph\">En ese sentido, mencion\u00f3 el agua, el gas, la electricidad, los trenes y los colectivos. Tambi\u00e9n afirm\u00f3 que los municipios asumen buena parte de los costos vinculados con la salud y la seguridad, mientras que la Provincia aporta principalmente los salarios de los polic\u00edas.<\/p>\n\n\n\n<p class=\"wp-block-paragraph\">El exfuncionario consider\u00f3 que <strong>Gendarmer\u00eda<\/strong> podr\u00eda instalarse de manera permanente en el conurbano para cumplir tareas ordinarias de seguridad. Adem\u00e1s, propuso eliminar el impuesto a los <strong>Ingresos Brutos<\/strong> en esos distritos, al que calific\u00f3 como perjudicial para comerciantes y consumidores.<\/p>\n\n\n\n<p class=\"wp-block-paragraph\"><strong>Una propuesta que se suma a otros proyectos<\/strong><\/p>\n\n\n\n<p class=\"wp-block-paragraph\">De la Torre explic\u00f3 que su planteo surgi\u00f3 como respuesta a los problemas que se agravaron en la regi\u00f3n durante los \u00faltimos a\u00f1os y que podr\u00eda coexistir con la iniciativa del exsenador nacional <strong>Esteban Bullrich<\/strong>, quien propuso dividir la provincia de Buenos Aires en cinco nuevas jurisdicciones.<\/p>\n\n\n\n<p class=\"wp-block-paragraph\">Seg\u00fan el exintendente, si se crearan distritos federales, la decisi\u00f3n de dividir los municipios dejar\u00eda de estar en manos de la Provincia y pasar\u00eda a depender de la Naci\u00f3n.<\/p>\n\n\n\n<p class=\"wp-block-paragraph\">La propuesta fue presentada en declaraciones radiales y se suma al debate sobre la organizaci\u00f3n territorial, administrativa y pol\u00edtica de la provincia de Buenos Aires.<\/p>\n","protected":false},"excerpt":{"rendered":"<p>El exintendente de San Miguel y exsenador bonaerense Joaqu\u00edn de la Torre plante\u00f3 federalizar los 27 distritos del conurbano y &#8230; <a title=\"Joaqu\u00edn de la Torre propuso federalizar los 27 municipios del conurbano\" class=\"read-more\" href=\"https:\/\/www.hoymercedes.com.ar\/principal\/2026\/09\/02\/joaquin-de-la-torre-propuso-federalizar-los-27-municipios-del-conurbano\/\" aria-label=\"Leer m\u00e1s sobre Joaqu\u00edn de la Torre propuso federalizar los 27 municipios del conurbano\">Leer m\u00e1s<\/a><\/p>\n","protected":false},"author":1,"featured_media":201313,"comment_status":"closed","ping_status":"open","sticky":false,"template":"","format":"standard","meta":{"_monsterinsights_skip_tracking":false,"_jetpack_newsletter_access":"","_jetpack_dont_email_post_to_subs":false,"_jetpack_newsletter_tier_id":0,"_jetpack_memberships_contains_paywalled_content":false,"_jetpack_feature_clip_id":0,"_jetpack_memberships_contains_paid_content":false,"footnotes":"","jetpack_publicize_message":"{title}\n\n{excerpt}\n\n{url}","jetpack_publicize_feature_enabled":true,"jetpack_social_post_already_shared":true,"jetpack_social_options":{"image_generator_settings":{"template":"highway","default_image_id":0,"font":"","enabled":false},"version":2},"_wpas_customize_per_network":false,"jetpack_post_was_ever_published":false},"categories":[5],"tags":[],"class_list":["post-201312","post","type-post","status-publish","format-standard","has-post-thumbnail","hentry","category-politica","generate-columns","tablet-grid-50","mobile-grid-100","grid-parent","grid-50"],"jetpack_publicize_connections":[],"wps_subtitle":"","jetpack_sharing_enabled":true,"jetpack_featured_media_url":"https:\/\/www.hoymercedes.com.ar\/principal\/wp-content\/uploads\/2026\/08\/image-167.png","_links":{"self":[{"href":"https:\/\/www.hoymercedes.com.ar\/principal\/wp-json\/wp\/v2\/posts\/201312","targetHints":{"allow":["GET"]}}],"collection":[{"href":"https:\/\/www.hoymercedes.com.ar\/principal\/wp-json\/wp\/v2\/posts"}],"about":[{"href":"https:\/\/www.hoymercedes.com.ar\/principal\/wp-json\/wp\/v2\/types\/post"}],"author":[{"embeddable":true,"href":"https:\/\/www.hoymercedes.com.ar\/principal\/wp-json\/wp\/v2\/users\/1"}],"replies":[{"embeddable":true,"href":"https:\/\/www.hoymercedes.com.ar\/principal\/wp-json\/wp\/v2\/comments?post=201312"}],"version-history":[{"count":1,"href":"https:\/\/www.hoymercedes.com.ar\/principal\/wp-json\/wp\/v2\/posts\/201312\/revisions"}],"predecessor-version":[{"id":201314,"href":"https:\/\/www.hoymercedes.com.ar\/principal\/wp-json\/wp\/v2\/posts\/201312\/revisions\/201314"}],"wp:featuredmedia":[{"embeddable":true,"href":"https:\/\/www.hoymercedes.com.ar\/principal\/wp-json\/wp\/v2\/media\/201313"}],"wp:attachment":[{"href":"https:\/\/www.hoymercedes.com.ar\/principal\/wp-json\/wp\/v2\/media?parent=201312"}],"wp:term":[{"taxonomy":"category","embeddable":true,"href":"https:\/\/www.hoymercedes.com.ar\/principal\/wp-json\/wp\/v2\/categories?post=201312"},{"taxonomy":"post_tag","embeddable":true,"href":"https:\/\/www.hoymercedes.com.ar\/principal\/wp-json\/wp\/v2\/tags?post=201312"}],"curies":[{"name":"wp","href":"https:\/\/api.w.org\/{rel}","templated":true}]}}