{"id":201315,"date":"2026-08-31T16:15:00","date_gmt":"2026-08-31T19:15:00","guid":{"rendered":"https:\/\/www.hoymercedes.com.ar\/principal\/?p=201315"},"modified":"2026-08-31T15:16:49","modified_gmt":"2026-08-31T18:16:49","slug":"la-libertad-avanza-reunio-a-referentes-de-mercedes-en-una-capacitacion-en-tigre","status":"publish","type":"post","link":"https:\/\/www.hoymercedes.com.ar\/principal\/2026\/08\/31\/la-libertad-avanza-reunio-a-referentes-de-mercedes-en-una-capacitacion-en-tigre\/","title":{"rendered":"La Libertad Avanza reuni\u00f3 a referentes de Mercedes en una capacitaci\u00f3n en Tigre"},"content":{"rendered":"\n<figure class=\"wp-block-image size-large\"><img loading=\"lazy\" decoding=\"async\" width=\"1110\" height=\"624\" data-attachment-id=\"201317\" data-permalink=\"https:\/\/www.hoymercedes.com.ar\/principal\/2026\/08\/31\/la-libertad-avanza-reunio-a-referentes-de-mercedes-en-una-capacitacion-en-tigre\/chatgpt-image-31-ago-2026-15_14_07-2\/#main\" data-orig-file=\"https:\/\/www.hoymercedes.com.ar\/principal\/wp-content\/uploads\/2026\/08\/ChatGPT-Image-31-ago-2026-15_14_07-edited.png\" data-orig-size=\"1110,624\" data-comments-opened=\"0\" data-image-title=\"ChatGPT Image 31 ago 2026, 15_14_07\" data-image-description=\"\" data-image-caption=\"\" data-large-file=\"https:\/\/www.hoymercedes.com.ar\/principal\/wp-content\/uploads\/2026\/08\/ChatGPT-Image-31-ago-2026-15_14_07-edited-1024x576.png\" src=\"https:\/\/www.hoymercedes.com.ar\/principal\/wp-content\/uploads\/2026\/08\/ChatGPT-Image-31-ago-2026-15_14_07-edited.png\" alt=\"\" class=\"wp-image-201317\" srcset=\"https:\/\/www.hoymercedes.com.ar\/principal\/wp-content\/uploads\/2026\/08\/ChatGPT-Image-31-ago-2026-15_14_07-edited.png 1110w, https:\/\/www.hoymercedes.com.ar\/principal\/wp-content\/uploads\/2026\/08\/ChatGPT-Image-31-ago-2026-15_14_07-edited-630x354.png 630w, https:\/\/www.hoymercedes.com.ar\/principal\/wp-content\/uploads\/2026\/08\/ChatGPT-Image-31-ago-2026-15_14_07-edited-1024x576.png 1024w, https:\/\/www.hoymercedes.com.ar\/principal\/wp-content\/uploads\/2026\/08\/ChatGPT-Image-31-ago-2026-15_14_07-edited-150x84.png 150w\" sizes=\"auto, (max-width: 1110px) 100vw, 1110px\" \/><\/figure>\n\n\n\n<p class=\"wp-block-paragraph\">Referentes de <strong>La Libertad Avanza de Mercedes<\/strong> participaron de una jornada de formaci\u00f3n t\u00e9cnica y pol\u00edtica realizada en el partido de <strong>Tigre<\/strong>, con la mirada puesta en el armado territorial de la <strong>Primera Secci\u00f3n Electoral<\/strong> y en las elecciones de <strong>2027<\/strong>.<\/p>\n\n\n\n<p class=\"wp-block-paragraph\">La actividad, denominada <strong>\u201cConstruyendo la libertad de los municipios\u201d<\/strong>, fue organizada por la <strong>EFDAP<\/strong> y reuni\u00f3 a dirigentes y representantes de distintos distritos bonaerenses.<\/p>\n\n\n\n<p class=\"wp-block-paragraph\">Por Mercedes participaron el coordinador distrital <strong>Rafael Vel\u00e1squez<\/strong>, la consejera escolar <strong>Paula C\u00f3rdoba<\/strong>, <strong>Ver\u00f3nica Echeverr\u00eda<\/strong> y <strong>Quique Burgui<\/strong>, junto con directores de los espacios <strong>CCA y DA<\/strong>. Tambi\u00e9n asistieron <strong>Luciana Di Catarina<\/strong> y <strong>Marilina Bustelo<\/strong>.<\/p>\n\n\n\n<p class=\"wp-block-paragraph\"><strong>Formaci\u00f3n pol\u00edtica y territorial<\/strong><\/p>\n\n\n\n<p class=\"wp-block-paragraph\">El plenario cont\u00f3 con la participaci\u00f3n del senador provincial <strong>Luciano Olivera<\/strong>, las diputadas nacionales <strong>Miriam Niveyro<\/strong> y <strong>Fernanda Coiti\u00f1o<\/strong>, la dirigenta <strong>Claudia del Valle<\/strong> y el diputado provincial <strong>Juan Pedro Aquino<\/strong>.<\/p>\n\n\n\n<p class=\"wp-block-paragraph\">Durante el encuentro se abordaron herramientas de gesti\u00f3n y organizaci\u00f3n municipal, adem\u00e1s de lineamientos para fortalecer la presencia partidaria en los distritos.<\/p>\n\n\n\n<p class=\"wp-block-paragraph\">Los referentes presentes destacaron el liderazgo de <strong>Sebasti\u00e1n Pareja<\/strong> al frente de La Libertad Avanza en la provincia de Buenos Aires y ratificaron la continuidad de la denominada <strong>\u201cbatalla cultural\u201d<\/strong>, en sinton\u00eda con la gesti\u00f3n del presidente <strong>Javier Milei<\/strong>.<\/p>\n","protected":false},"excerpt":{"rendered":"<p>Referentes de La Libertad Avanza de Mercedes participaron de una jornada de formaci\u00f3n t\u00e9cnica y pol\u00edtica realizada en el partido &#8230; <a title=\"La Libertad Avanza reuni\u00f3 a referentes de Mercedes en una capacitaci\u00f3n en Tigre\" class=\"read-more\" href=\"https:\/\/www.hoymercedes.com.ar\/principal\/2026\/08\/31\/la-libertad-avanza-reunio-a-referentes-de-mercedes-en-una-capacitacion-en-tigre\/\" aria-label=\"Leer m\u00e1s sobre La Libertad Avanza reuni\u00f3 a referentes de Mercedes en una capacitaci\u00f3n en Tigre\">Leer m\u00e1s<\/a><\/p>\n","protected":false},"author":1,"featured_media":201317,"comment_status":"closed","ping_status":"open","sticky":false,"template":"","format":"standard","meta":{"_monsterinsights_skip_tracking":false,"_jetpack_newsletter_access":"","_jetpack_dont_email_post_to_subs":false,"_jetpack_newsletter_tier_id":0,"_jetpack_memberships_contains_paywalled_content":false,"_jetpack_feature_clip_id":0,"_jetpack_memberships_contains_paid_content":false,"footnotes":"","jetpack_publicize_message":"{title}\n\n{excerpt}\n\n{url}","jetpack_publicize_feature_enabled":true,"jetpack_social_post_already_shared":true,"jetpack_social_options":{"image_generator_settings":{"template":"highway","default_image_id":0,"font":"","enabled":false},"version":2},"_wpas_customize_per_network":false,"jetpack_post_was_ever_published":false},"categories":[5],"tags":[],"class_list":["post-201315","post","type-post","status-publish","format-standard","has-post-thumbnail","hentry","category-politica","generate-columns","tablet-grid-50","mobile-grid-100","grid-parent","grid-50"],"jetpack_publicize_connections":[],"wps_subtitle":"","jetpack_sharing_enabled":true,"jetpack_featured_media_url":"https:\/\/www.hoymercedes.com.ar\/principal\/wp-content\/uploads\/2026\/08\/ChatGPT-Image-31-ago-2026-15_14_07-edited.png","_links":{"self":[{"href":"https:\/\/www.hoymercedes.com.ar\/principal\/wp-json\/wp\/v2\/posts\/201315","targetHints":{"allow":["GET"]}}],"collection":[{"href":"https:\/\/www.hoymercedes.com.ar\/principal\/wp-json\/wp\/v2\/posts"}],"about":[{"href":"https:\/\/www.hoymercedes.com.ar\/principal\/wp-json\/wp\/v2\/types\/post"}],"author":[{"embeddable":true,"href":"https:\/\/www.hoymercedes.com.ar\/principal\/wp-json\/wp\/v2\/users\/1"}],"replies":[{"embeddable":true,"href":"https:\/\/www.hoymercedes.com.ar\/principal\/wp-json\/wp\/v2\/comments?post=201315"}],"version-history":[{"count":1,"href":"https:\/\/www.hoymercedes.com.ar\/principal\/wp-json\/wp\/v2\/posts\/201315\/revisions"}],"predecessor-version":[{"id":201318,"href":"https:\/\/www.hoymercedes.com.ar\/principal\/wp-json\/wp\/v2\/posts\/201315\/revisions\/201318"}],"wp:featuredmedia":[{"embeddable":true,"href":"https:\/\/www.hoymercedes.com.ar\/principal\/wp-json\/wp\/v2\/media\/201317"}],"wp:attachment":[{"href":"https:\/\/www.hoymercedes.com.ar\/principal\/wp-json\/wp\/v2\/media?parent=201315"}],"wp:term":[{"taxonomy":"category","embeddable":true,"href":"https:\/\/www.hoymercedes.com.ar\/principal\/wp-json\/wp\/v2\/categories?post=201315"},{"taxonomy":"post_tag","embeddable":true,"href":"https:\/\/www.hoymercedes.com.ar\/principal\/wp-json\/wp\/v2\/tags?post=201315"}],"curies":[{"name":"wp","href":"https:\/\/api.w.org\/{rel}","templated":true}]}}