{"id":201323,"date":"2026-08-31T19:28:00","date_gmt":"2026-08-31T22:28:00","guid":{"rendered":"https:\/\/www.hoymercedes.com.ar\/principal\/?p=201323"},"modified":"2026-08-31T15:34:11","modified_gmt":"2026-08-31T18:34:11","slug":"proponen-completar-la-autovia-de-la-ruta-5-entre-mercedes-y-santa-rosa-en-cuatro-anos","status":"publish","type":"post","link":"https:\/\/www.hoymercedes.com.ar\/principal\/2026\/08\/31\/proponen-completar-la-autovia-de-la-ruta-5-entre-mercedes-y-santa-rosa-en-cuatro-anos\/","title":{"rendered":"Proponen completar la autov\u00eda de la Ruta 5 entre Mercedes y Santa Rosa en cuatro a\u00f1os"},"content":{"rendered":"\n<figure class=\"wp-block-image size-large\"><img loading=\"lazy\" decoding=\"async\" width=\"1024\" height=\"768\" data-attachment-id=\"201325\" data-permalink=\"https:\/\/www.hoymercedes.com.ar\/principal\/2026\/08\/31\/proponen-completar-la-autovia-de-la-ruta-5-entre-mercedes-y-santa-rosa-en-cuatro-anos\/chatgpt-image-31-ago-2026-15_31_13\/#main\" data-orig-file=\"https:\/\/www.hoymercedes.com.ar\/principal\/wp-content\/uploads\/2026\/08\/ChatGPT-Image-31-ago-2026-15_31_13.png\" data-orig-size=\"1448,1086\" data-comments-opened=\"0\" data-image-title=\"ChatGPT Image 31 ago 2026, 15_31_13\" data-image-description=\"\" data-image-caption=\"\" data-large-file=\"https:\/\/www.hoymercedes.com.ar\/principal\/wp-content\/uploads\/2026\/08\/ChatGPT-Image-31-ago-2026-15_31_13-1024x768.png\" src=\"https:\/\/www.hoymercedes.com.ar\/principal\/wp-content\/uploads\/2026\/08\/ChatGPT-Image-31-ago-2026-15_31_13-1024x768.png\" alt=\"\" class=\"wp-image-201325\" srcset=\"https:\/\/www.hoymercedes.com.ar\/principal\/wp-content\/uploads\/2026\/08\/ChatGPT-Image-31-ago-2026-15_31_13-1024x768.png 1024w, https:\/\/www.hoymercedes.com.ar\/principal\/wp-content\/uploads\/2026\/08\/ChatGPT-Image-31-ago-2026-15_31_13-150x112.png 150w, https:\/\/www.hoymercedes.com.ar\/principal\/wp-content\/uploads\/2026\/08\/ChatGPT-Image-31-ago-2026-15_31_13-630x473.png 630w, https:\/\/www.hoymercedes.com.ar\/principal\/wp-content\/uploads\/2026\/08\/ChatGPT-Image-31-ago-2026-15_31_13.png 1448w\" sizes=\"auto, (max-width: 1024px) 100vw, 1024px\" \/><\/figure>\n\n\n\n<p class=\"wp-block-paragraph\">El ingeniero civil <strong>Oscar Potetti<\/strong> present\u00f3 el <strong>\u201cPlan Autov\u00eda Ruta 5 S\u00ed o S\u00ed\u201d<\/strong>, una propuesta para transformar en autov\u00eda los <strong>511 kil\u00f3metros<\/strong> del corredor que une Mercedes con Santa Rosa en un plazo de cuatro a\u00f1os.<\/p>\n\n\n\n<p class=\"wp-block-paragraph\">El planteo surge en un contexto de preocupaci\u00f3n por el aumento de los accidentes fatales y el deterioro de la ruta, adem\u00e1s del crecimiento del tr\u00e1nsito pesado que circula por ese trazado.<\/p>\n\n\n\n<p class=\"wp-block-paragraph\"><strong>Una obra en distintos frentes<\/strong><\/p>\n\n\n\n<p class=\"wp-block-paragraph\">Potetti sostiene que los trabajos podr\u00edan ejecutarse durante un \u00fanico per\u00edodo de gobierno mediante la apertura simult\u00e1nea de distintos frentes de obra.<\/p>\n\n\n\n<p class=\"wp-block-paragraph\">Como primera medida, propuso licitar de inmediato el tramo <strong>Mercedes-Bragado<\/strong>, mientras se actualizan los proyectos ejecutivos correspondientes al resto del recorrido hasta Santa Rosa.<\/p>\n\n\n\n<p class=\"wp-block-paragraph\">El ingeniero se\u00f1al\u00f3 que las proyecciones elaboradas por <strong>Vialidad Nacional en 2016<\/strong> no contemplaron el incremento del transporte pesado generado por el desarrollo de <strong>Vaca Muerta<\/strong>. Seg\u00fan explic\u00f3, la falta de capacidad operativa del Ferrocarril Sarmiento llev\u00f3 a trasladar por cami\u00f3n grandes vol\u00famenes de arena sil\u00edcea y equipos de perforaci\u00f3n, acelerando el desgaste del pavimento.<\/p>\n\n\n\n<p class=\"wp-block-paragraph\"><strong>Infraestructura y financiamiento<\/strong><\/p>\n\n\n\n<p class=\"wp-block-paragraph\">El plan contempla la construcci\u00f3n de <strong>colectoras de doble mano<\/strong>, distribuidores en altura en los accesos a las ciudades y un sistema de inspecci\u00f3n digital para controlar el avance de las obras.<\/p>\n\n\n\n<p class=\"wp-block-paragraph\">Potetti indic\u00f3 que la zona de influencia de la Ruta Nacional 5 alcanza a unas <strong>670.000 personas<\/strong> y concentra una importante actividad agropecuaria, aunque consider\u00f3 que la infraestructura vial no acompa\u00f1\u00f3 ese crecimiento.<\/p>\n\n\n\n<p class=\"wp-block-paragraph\">La inversi\u00f3n estimada para completar el corredor asciende a <strong>3.000 millones de d\u00f3lares<\/strong>. En ese sentido, el ingeniero plante\u00f3 la necesidad de alcanzar un compromiso pol\u00edtico entre los futuros candidatos presidenciales para garantizar el financiamiento y la continuidad de los trabajos.<\/p>\n","protected":false},"excerpt":{"rendered":"<p>El ingeniero civil Oscar Potetti present\u00f3 el \u201cPlan Autov\u00eda Ruta 5 S\u00ed o S\u00ed\u201d, una propuesta para transformar en autov\u00eda &#8230; <a title=\"Proponen completar la autov\u00eda de la Ruta 5 entre Mercedes y Santa Rosa en cuatro a\u00f1os\" class=\"read-more\" href=\"https:\/\/www.hoymercedes.com.ar\/principal\/2026\/08\/31\/proponen-completar-la-autovia-de-la-ruta-5-entre-mercedes-y-santa-rosa-en-cuatro-anos\/\" aria-label=\"Leer m\u00e1s sobre Proponen completar la autov\u00eda de la Ruta 5 entre Mercedes y Santa Rosa en cuatro a\u00f1os\">Leer m\u00e1s<\/a><\/p>\n","protected":false},"author":1,"featured_media":201325,"comment_status":"closed","ping_status":"open","sticky":false,"template":"","format":"standard","meta":{"_monsterinsights_skip_tracking":false,"_jetpack_newsletter_access":"","_jetpack_dont_email_post_to_subs":false,"_jetpack_newsletter_tier_id":0,"_jetpack_memberships_contains_paywalled_content":false,"_jetpack_feature_clip_id":0,"_jetpack_memberships_contains_paid_content":false,"footnotes":"","jetpack_publicize_message":"{title}\n\n{excerpt}\n\n{url}","jetpack_publicize_feature_enabled":true,"jetpack_social_post_already_shared":true,"jetpack_social_options":{"image_generator_settings":{"template":"highway","default_image_id":0,"font":"","enabled":false},"version":2},"_wpas_customize_per_network":false,"jetpack_post_was_ever_published":false},"categories":[8],"tags":[],"class_list":["post-201323","post","type-post","status-publish","format-standard","has-post-thumbnail","hentry","category-sociedad","generate-columns","tablet-grid-50","mobile-grid-100","grid-parent","grid-50"],"jetpack_publicize_connections":[],"wps_subtitle":"","jetpack_sharing_enabled":true,"jetpack_featured_media_url":"https:\/\/www.hoymercedes.com.ar\/principal\/wp-content\/uploads\/2026\/08\/ChatGPT-Image-31-ago-2026-15_31_13.png","_links":{"self":[{"href":"https:\/\/www.hoymercedes.com.ar\/principal\/wp-json\/wp\/v2\/posts\/201323","targetHints":{"allow":["GET"]}}],"collection":[{"href":"https:\/\/www.hoymercedes.com.ar\/principal\/wp-json\/wp\/v2\/posts"}],"about":[{"href":"https:\/\/www.hoymercedes.com.ar\/principal\/wp-json\/wp\/v2\/types\/post"}],"author":[{"embeddable":true,"href":"https:\/\/www.hoymercedes.com.ar\/principal\/wp-json\/wp\/v2\/users\/1"}],"replies":[{"embeddable":true,"href":"https:\/\/www.hoymercedes.com.ar\/principal\/wp-json\/wp\/v2\/comments?post=201323"}],"version-history":[{"count":1,"href":"https:\/\/www.hoymercedes.com.ar\/principal\/wp-json\/wp\/v2\/posts\/201323\/revisions"}],"predecessor-version":[{"id":201326,"href":"https:\/\/www.hoymercedes.com.ar\/principal\/wp-json\/wp\/v2\/posts\/201323\/revisions\/201326"}],"wp:featuredmedia":[{"embeddable":true,"href":"https:\/\/www.hoymercedes.com.ar\/principal\/wp-json\/wp\/v2\/media\/201325"}],"wp:attachment":[{"href":"https:\/\/www.hoymercedes.com.ar\/principal\/wp-json\/wp\/v2\/media?parent=201323"}],"wp:term":[{"taxonomy":"category","embeddable":true,"href":"https:\/\/www.hoymercedes.com.ar\/principal\/wp-json\/wp\/v2\/categories?post=201323"},{"taxonomy":"post_tag","embeddable":true,"href":"https:\/\/www.hoymercedes.com.ar\/principal\/wp-json\/wp\/v2\/tags?post=201323"}],"curies":[{"name":"wp","href":"https:\/\/api.w.org\/{rel}","templated":true}]}}