{"id":201327,"date":"2026-09-01T12:00:00","date_gmt":"2026-09-01T15:00:00","guid":{"rendered":"https:\/\/www.hoymercedes.com.ar\/principal\/?p=201327"},"modified":"2026-08-31T15:35:34","modified_gmt":"2026-08-31T18:35:34","slug":"vandalizaron-el-local-de-la-libertad-avanza-en-suipacha","status":"publish","type":"post","link":"https:\/\/www.hoymercedes.com.ar\/principal\/2026\/09\/01\/vandalizaron-el-local-de-la-libertad-avanza-en-suipacha\/","title":{"rendered":"Vandalizaron el local de La Libertad Avanza en Suipacha"},"content":{"rendered":"\n<figure class=\"wp-block-image size-full\"><img loading=\"lazy\" decoding=\"async\" width=\"800\" height=\"459\" data-attachment-id=\"201328\" data-permalink=\"https:\/\/www.hoymercedes.com.ar\/principal\/2026\/09\/01\/vandalizaron-el-local-de-la-libertad-avanza-en-suipacha\/image-1041\/#main\" data-orig-file=\"https:\/\/www.hoymercedes.com.ar\/principal\/wp-content\/uploads\/2026\/08\/image-170.png\" data-orig-size=\"800,459\" data-comments-opened=\"0\" data-image-title=\"image\" data-image-description=\"\" data-image-caption=\"\" data-large-file=\"https:\/\/www.hoymercedes.com.ar\/principal\/wp-content\/uploads\/2026\/08\/image-170.png\" src=\"https:\/\/www.hoymercedes.com.ar\/principal\/wp-content\/uploads\/2026\/08\/image-170.png\" alt=\"\" class=\"wp-image-201328\" srcset=\"https:\/\/www.hoymercedes.com.ar\/principal\/wp-content\/uploads\/2026\/08\/image-170.png 800w, https:\/\/www.hoymercedes.com.ar\/principal\/wp-content\/uploads\/2026\/08\/image-170-150x86.png 150w, https:\/\/www.hoymercedes.com.ar\/principal\/wp-content\/uploads\/2026\/08\/image-170-630x361.png 630w\" sizes=\"auto, (max-width: 800px) 100vw, 800px\" \/><\/figure>\n\n\n\n<p class=\"wp-block-paragraph\">El local partidario de <strong>La Libertad Avanza en Suipacha<\/strong>, ubicado sobre <strong>calle 25 de Mayo<\/strong>, fue vandalizado, seg\u00fan inform\u00f3 el propio espacio pol\u00edtico.<\/p>\n\n\n\n<p class=\"wp-block-paragraph\">Desde la agrupaci\u00f3n expresaron su repudio y manifestaron su expectativa de que las autoridades puedan identificar a los responsables. Hasta el momento no se difundieron mayores precisiones sobre c\u00f3mo ocurri\u00f3 el hecho ni sobre las posibles actuaciones iniciadas.<\/p>\n\n\n\n<p class=\"wp-block-paragraph\"><strong>El comunicado del espacio<\/strong><\/p>\n\n\n\n<p class=\"wp-block-paragraph\">La Libertad Avanza Suipacha se\u00f1al\u00f3 que el local se sostiene con el esfuerzo de sus militantes y que las reparaciones necesarias ser\u00e1n afrontadas por la propia organizaci\u00f3n.<\/p>\n\n\n\n<p class=\"wp-block-paragraph\">\u201cDesde La Libertad Avanza Suipacha repudiamos en\u00e9rgicamente la vandalizaci\u00f3n de nuestro local y esperamos que se pueda determinar qui\u00e9nes fueron sus responsables\u201d, expresaron.<\/p>\n\n\n\n<p class=\"wp-block-paragraph\">Desde el sector, conducido localmente por <strong>Claudia Del Valle<\/strong>, vincularon el episodio con las diferencias pol\u00edticas existentes a nivel nacional. Tambi\u00e9n afirmaron que continuar\u00e1n recorriendo los barrios, presentando proyectos y manteniendo el contacto con los vecinos.<\/p>\n\n\n\n<p class=\"wp-block-paragraph\">\u201cMientas eligen da\u00f1ar y expresarse con violencia, nosotros vamos a seguir trabajando por el vecino de Suipacha\u201d, sostuvieron desde la agrupaci\u00f3n.<\/p>\n\n\n\n<p class=\"wp-block-paragraph\">Por \u00faltimo, se\u00f1alaron que el hecho no modificar\u00e1 su actividad pol\u00edtica y remarcaron: \u201cNo nos intimidan ni nos van a hacer retroceder. Las paredes se limpian y las ideas se defienden trabajando\u201d.<\/p>\n","protected":false},"excerpt":{"rendered":"<p>El local partidario de La Libertad Avanza en Suipacha, ubicado sobre calle 25 de Mayo, fue vandalizado, seg\u00fan inform\u00f3 el &#8230; <a title=\"Vandalizaron el local de La Libertad Avanza en Suipacha\" class=\"read-more\" href=\"https:\/\/www.hoymercedes.com.ar\/principal\/2026\/09\/01\/vandalizaron-el-local-de-la-libertad-avanza-en-suipacha\/\" aria-label=\"Leer m\u00e1s sobre Vandalizaron el local de La Libertad Avanza en Suipacha\">Leer m\u00e1s<\/a><\/p>\n","protected":false},"author":1,"featured_media":201328,"comment_status":"closed","ping_status":"open","sticky":false,"template":"","format":"standard","meta":{"_monsterinsights_skip_tracking":false,"_jetpack_newsletter_access":"","_jetpack_dont_email_post_to_subs":false,"_jetpack_newsletter_tier_id":0,"_jetpack_memberships_contains_paywalled_content":false,"_jetpack_feature_clip_id":0,"_jetpack_memberships_contains_paid_content":false,"footnotes":"","jetpack_publicize_message":"{title}\n\n{excerpt}\n\n{url}","jetpack_publicize_feature_enabled":true,"jetpack_social_post_already_shared":true,"jetpack_social_options":{"image_generator_settings":{"template":"highway","default_image_id":0,"font":"","enabled":false},"version":2},"_wpas_customize_per_network":false,"jetpack_post_was_ever_published":false},"categories":[5],"tags":[],"class_list":["post-201327","post","type-post","status-publish","format-standard","has-post-thumbnail","hentry","category-politica","generate-columns","tablet-grid-50","mobile-grid-100","grid-parent","grid-50"],"jetpack_publicize_connections":[],"wps_subtitle":"","jetpack_sharing_enabled":true,"jetpack_featured_media_url":"https:\/\/www.hoymercedes.com.ar\/principal\/wp-content\/uploads\/2026\/08\/image-170.png","_links":{"self":[{"href":"https:\/\/www.hoymercedes.com.ar\/principal\/wp-json\/wp\/v2\/posts\/201327","targetHints":{"allow":["GET"]}}],"collection":[{"href":"https:\/\/www.hoymercedes.com.ar\/principal\/wp-json\/wp\/v2\/posts"}],"about":[{"href":"https:\/\/www.hoymercedes.com.ar\/principal\/wp-json\/wp\/v2\/types\/post"}],"author":[{"embeddable":true,"href":"https:\/\/www.hoymercedes.com.ar\/principal\/wp-json\/wp\/v2\/users\/1"}],"replies":[{"embeddable":true,"href":"https:\/\/www.hoymercedes.com.ar\/principal\/wp-json\/wp\/v2\/comments?post=201327"}],"version-history":[{"count":1,"href":"https:\/\/www.hoymercedes.com.ar\/principal\/wp-json\/wp\/v2\/posts\/201327\/revisions"}],"predecessor-version":[{"id":201329,"href":"https:\/\/www.hoymercedes.com.ar\/principal\/wp-json\/wp\/v2\/posts\/201327\/revisions\/201329"}],"wp:featuredmedia":[{"embeddable":true,"href":"https:\/\/www.hoymercedes.com.ar\/principal\/wp-json\/wp\/v2\/media\/201328"}],"wp:attachment":[{"href":"https:\/\/www.hoymercedes.com.ar\/principal\/wp-json\/wp\/v2\/media?parent=201327"}],"wp:term":[{"taxonomy":"category","embeddable":true,"href":"https:\/\/www.hoymercedes.com.ar\/principal\/wp-json\/wp\/v2\/categories?post=201327"},{"taxonomy":"post_tag","embeddable":true,"href":"https:\/\/www.hoymercedes.com.ar\/principal\/wp-json\/wp\/v2\/tags?post=201327"}],"curies":[{"name":"wp","href":"https:\/\/api.w.org\/{rel}","templated":true}]}}