{"id":201330,"date":"2026-09-01T13:36:00","date_gmt":"2026-09-01T16:36:00","guid":{"rendered":"https:\/\/www.hoymercedes.com.ar\/principal\/?p=201330"},"modified":"2026-08-31T15:38:17","modified_gmt":"2026-08-31T18:38:17","slug":"el-gobierno-postergo-hasta-octubre-la-suba-de-impuestos-a-los-combustibles","status":"publish","type":"post","link":"https:\/\/www.hoymercedes.com.ar\/principal\/2026\/09\/01\/el-gobierno-postergo-hasta-octubre-la-suba-de-impuestos-a-los-combustibles\/","title":{"rendered":"El Gobierno posterg\u00f3 hasta octubre la suba de impuestos a los combustibles"},"content":{"rendered":"\n<figure class=\"wp-block-image size-full\"><img loading=\"lazy\" decoding=\"async\" width=\"730\" height=\"411\" data-attachment-id=\"181546\" data-permalink=\"https:\/\/www.hoymercedes.com.ar\/principal\/2024\/12\/29\/el-viernes-ypf-aumentara-el-precio-de-sus-combustibles\/ypf\/#main\" data-orig-file=\"https:\/\/www.hoymercedes.com.ar\/principal\/wp-content\/uploads\/2024\/12\/YPF.webp\" data-orig-size=\"730,411\" data-comments-opened=\"0\" data-image-title=\"YPF aumenta los precios\" data-image-description=\"&lt;p&gt;YPF aumenta los precios&lt;\/p&gt;\n\" data-image-caption=\"&lt;p&gt;YPF aumenta los precios&lt;\/p&gt;\n\" data-large-file=\"https:\/\/www.hoymercedes.com.ar\/principal\/wp-content\/uploads\/2024\/12\/YPF.webp\" src=\"https:\/\/www.hoymercedes.com.ar\/principal\/wp-content\/uploads\/2024\/12\/YPF.webp\" alt=\"YPF aumenta los precios\" class=\"wp-image-181546\" srcset=\"https:\/\/www.hoymercedes.com.ar\/principal\/wp-content\/uploads\/2024\/12\/YPF.webp 730w, https:\/\/www.hoymercedes.com.ar\/principal\/wp-content\/uploads\/2024\/12\/YPF-630x355.webp 630w, https:\/\/www.hoymercedes.com.ar\/principal\/wp-content\/uploads\/2024\/12\/YPF-150x84.webp 150w\" sizes=\"auto, (max-width: 730px) 100vw, 730px\" \/><figcaption class=\"wp-element-caption\">YPF aumenta los precios<\/figcaption><\/figure>\n\n\n\n<p class=\"wp-block-paragraph\">El Gobierno nacional decidi\u00f3 trasladar al <strong>1\u00b0 de octubre de 2026<\/strong> la aplicaci\u00f3n del aumento previsto en el impuesto a los combustibles, que deb\u00eda comenzar a regir este lunes <strong>1\u00b0 de septiembre<\/strong>.<\/p>\n\n\n\n<p class=\"wp-block-paragraph\">La medida fue oficializada mediante el <strong>Decreto 829\/2026<\/strong>, publicado en el Bolet\u00edn Oficial y firmado por <strong>Javier Milei, Diego Santilli y Luis Caputo<\/strong>.<\/p>\n\n\n\n<p class=\"wp-block-paragraph\"><strong>Ajustes acumulados<\/strong><\/p>\n\n\n\n<p class=\"wp-block-paragraph\">La actualizaci\u00f3n incluye incrementos pendientes correspondientes a <strong>2024, 2025 y parte de 2026<\/strong>, que hab\u00edan sido postergados por distintas normas.<\/p>\n\n\n\n<p class=\"wp-block-paragraph\">Los impuestos alcanzan a la <strong>nafta sin plomo, la nafta virgen y el gasoil<\/strong>. La Ley 23.966 establece que los montos se actualicen de acuerdo con la variaci\u00f3n del <strong>\u00cdndice de Precios al Consumidor (IPC)<\/strong> informado por el INDEC.<\/p>\n\n\n\n<p class=\"wp-block-paragraph\">La <strong>Agencia de Recaudaci\u00f3n y Control Aduanero (ARCA)<\/strong> realiza esas actualizaciones en enero, abril, julio y octubre, tomando como referencia la evoluci\u00f3n de los precios durante el trimestre previo.<\/p>\n\n\n\n<p class=\"wp-block-paragraph\"><strong>Impacto en los surtidores<\/strong><\/p>\n\n\n\n<p class=\"wp-block-paragraph\">El decreto no elimina el aumento, sino que posterga su aplicaci\u00f3n hasta octubre. La decisi\u00f3n busca evitar que los importes acumulados se trasladen de manera inmediata al precio de los combustibles.<\/p>\n\n\n\n<p class=\"wp-block-paragraph\">Analistas y sectores del transporte seguir\u00e1n de cerca el impacto de la medida, mientras que las estaciones de servicio deber\u00e1n evaluar c\u00f3mo incidir\u00e1 la actualizaci\u00f3n cuando entre finalmente en vigencia.<\/p>\n","protected":false},"excerpt":{"rendered":"<p>El Gobierno nacional decidi\u00f3 trasladar al 1\u00b0 de octubre de 2026 la aplicaci\u00f3n del aumento previsto en el impuesto a &#8230; <a title=\"El Gobierno posterg\u00f3 hasta octubre la suba de impuestos a los combustibles\" class=\"read-more\" href=\"https:\/\/www.hoymercedes.com.ar\/principal\/2026\/09\/01\/el-gobierno-postergo-hasta-octubre-la-suba-de-impuestos-a-los-combustibles\/\" aria-label=\"Leer m\u00e1s sobre El Gobierno posterg\u00f3 hasta octubre la suba de impuestos a los combustibles\">Leer m\u00e1s<\/a><\/p>\n","protected":false},"author":1,"featured_media":181546,"comment_status":"closed","ping_status":"open","sticky":false,"template":"","format":"standard","meta":{"_monsterinsights_skip_tracking":false,"_jetpack_newsletter_access":"","_jetpack_dont_email_post_to_subs":false,"_jetpack_newsletter_tier_id":0,"_jetpack_memberships_contains_paywalled_content":false,"_jetpack_feature_clip_id":0,"_jetpack_memberships_contains_paid_content":false,"footnotes":"","jetpack_publicize_message":"{title}\n\n{excerpt}\n\n{url}","jetpack_publicize_feature_enabled":true,"jetpack_social_post_already_shared":true,"jetpack_social_options":{"image_generator_settings":{"template":"highway","default_image_id":0,"font":"","enabled":false},"version":2},"_wpas_customize_per_network":false,"jetpack_post_was_ever_published":false},"categories":[8],"tags":[],"class_list":["post-201330","post","type-post","status-publish","format-standard","has-post-thumbnail","hentry","category-sociedad","generate-columns","tablet-grid-50","mobile-grid-100","grid-parent","grid-50"],"jetpack_publicize_connections":[],"wps_subtitle":"","jetpack_sharing_enabled":true,"jetpack_featured_media_url":"https:\/\/www.hoymercedes.com.ar\/principal\/wp-content\/uploads\/2024\/12\/YPF.webp","_links":{"self":[{"href":"https:\/\/www.hoymercedes.com.ar\/principal\/wp-json\/wp\/v2\/posts\/201330","targetHints":{"allow":["GET"]}}],"collection":[{"href":"https:\/\/www.hoymercedes.com.ar\/principal\/wp-json\/wp\/v2\/posts"}],"about":[{"href":"https:\/\/www.hoymercedes.com.ar\/principal\/wp-json\/wp\/v2\/types\/post"}],"author":[{"embeddable":true,"href":"https:\/\/www.hoymercedes.com.ar\/principal\/wp-json\/wp\/v2\/users\/1"}],"replies":[{"embeddable":true,"href":"https:\/\/www.hoymercedes.com.ar\/principal\/wp-json\/wp\/v2\/comments?post=201330"}],"version-history":[{"count":1,"href":"https:\/\/www.hoymercedes.com.ar\/principal\/wp-json\/wp\/v2\/posts\/201330\/revisions"}],"predecessor-version":[{"id":201331,"href":"https:\/\/www.hoymercedes.com.ar\/principal\/wp-json\/wp\/v2\/posts\/201330\/revisions\/201331"}],"wp:featuredmedia":[{"embeddable":true,"href":"https:\/\/www.hoymercedes.com.ar\/principal\/wp-json\/wp\/v2\/media\/181546"}],"wp:attachment":[{"href":"https:\/\/www.hoymercedes.com.ar\/principal\/wp-json\/wp\/v2\/media?parent=201330"}],"wp:term":[{"taxonomy":"category","embeddable":true,"href":"https:\/\/www.hoymercedes.com.ar\/principal\/wp-json\/wp\/v2\/categories?post=201330"},{"taxonomy":"post_tag","embeddable":true,"href":"https:\/\/www.hoymercedes.com.ar\/principal\/wp-json\/wp\/v2\/tags?post=201330"}],"curies":[{"name":"wp","href":"https:\/\/api.w.org\/{rel}","templated":true}]}}