{"id":201332,"date":"2026-09-01T13:39:00","date_gmt":"2026-09-01T16:39:00","guid":{"rendered":"https:\/\/www.hoymercedes.com.ar\/principal\/?p=201332"},"modified":"2026-08-31T15:40:27","modified_gmt":"2026-08-31T18:40:27","slug":"unas-25-personas-participaron-del-primer-encuentro-para-conversar-en-italiano","status":"publish","type":"post","link":"https:\/\/www.hoymercedes.com.ar\/principal\/2026\/09\/01\/unas-25-personas-participaron-del-primer-encuentro-para-conversar-en-italiano\/","title":{"rendered":"Unas 25 personas participaron del primer encuentro para conversar en italiano"},"content":{"rendered":"\n<figure class=\"wp-block-image size-full\"><img loading=\"lazy\" decoding=\"async\" width=\"800\" height=\"600\" data-attachment-id=\"201333\" data-permalink=\"https:\/\/www.hoymercedes.com.ar\/principal\/2026\/09\/01\/unas-25-personas-participaron-del-primer-encuentro-para-conversar-en-italiano\/image-1042\/#main\" data-orig-file=\"https:\/\/www.hoymercedes.com.ar\/principal\/wp-content\/uploads\/2026\/08\/image-171.png\" data-orig-size=\"800,600\" data-comments-opened=\"0\" data-image-title=\"image\" data-image-description=\"\" data-image-caption=\"\" data-large-file=\"https:\/\/www.hoymercedes.com.ar\/principal\/wp-content\/uploads\/2026\/08\/image-171.png\" src=\"https:\/\/www.hoymercedes.com.ar\/principal\/wp-content\/uploads\/2026\/08\/image-171.png\" alt=\"\" class=\"wp-image-201333\" srcset=\"https:\/\/www.hoymercedes.com.ar\/principal\/wp-content\/uploads\/2026\/08\/image-171.png 800w, https:\/\/www.hoymercedes.com.ar\/principal\/wp-content\/uploads\/2026\/08\/image-171-150x113.png 150w, https:\/\/www.hoymercedes.com.ar\/principal\/wp-content\/uploads\/2026\/08\/image-171-630x473.png 630w\" sizes=\"auto, (max-width: 800px) 100vw, 800px\" \/><\/figure>\n\n\n\n<p class=\"wp-block-paragraph\">El viernes <strong>28 de agosto<\/strong> se realiz\u00f3 en Mercedes la primera edici\u00f3n de <strong>\u201cPrendiamo un caff\u00e8 e parliamo\u201d<\/strong>, una propuesta destinada a compartir la lengua y la cultura italiana en un \u00e1mbito de encuentro y conversaci\u00f3n.<\/p>\n\n\n\n<p class=\"wp-block-paragraph\">La actividad fue organizada por las profesoras <strong>Anal\u00eda P\u00e9rez<\/strong> y <strong>Marisa Lettieri<\/strong> y tuvo lugar en <strong>Topo\u2019s Pizzer\u00eda Cafeter\u00eda<\/strong>. La convocatoria reuni\u00f3 a unas <strong>25 personas<\/strong>, entre estudiantes del idioma, vecinos que lo aprendieron en alg\u00fan momento y personas interesadas en mantener una conversaci\u00f3n en italiano.<\/p>\n\n\n\n<p class=\"wp-block-paragraph\"><strong>Caf\u00e9, charla y cultura<\/strong><\/p>\n\n\n\n<p class=\"wp-block-paragraph\">El encuentro se extendi\u00f3 durante aproximadamente <strong>dos horas<\/strong> y se desarroll\u00f3 con una din\u00e1mica que incluy\u00f3 conversaciones, canciones y momentos de intercambio. Tambi\u00e9n hubo opciones <strong>sin gluten<\/strong> para los asistentes.<\/p>\n\n\n\n<p class=\"wp-block-paragraph\">La actividad fue gratuita y busc\u00f3 generar un espacio abierto para mantener vivas las tradiciones italianas presentes en la comunidad local.<\/p>\n\n\n\n<p class=\"wp-block-paragraph\">Las organizadoras agradecieron especialmente a <strong>Ezequiel Montuori<\/strong>, propietario de Topo\u2019s, por facilitar el lugar y acompa\u00f1ar la iniciativa.<\/p>\n\n\n\n<p class=\"wp-block-paragraph\">La respuesta del p\u00fablico super\u00f3 las expectativas y los participantes solicitaron una nueva edici\u00f3n, que ser\u00e1 organizada durante el mes de <strong>septiembre<\/strong>.<\/p>\n","protected":false},"excerpt":{"rendered":"<p>El viernes 28 de agosto se realiz\u00f3 en Mercedes la primera edici\u00f3n de \u201cPrendiamo un caff\u00e8 e parliamo\u201d, una propuesta &#8230; <a title=\"Unas 25 personas participaron del primer encuentro para conversar en italiano\" class=\"read-more\" href=\"https:\/\/www.hoymercedes.com.ar\/principal\/2026\/09\/01\/unas-25-personas-participaron-del-primer-encuentro-para-conversar-en-italiano\/\" aria-label=\"Leer m\u00e1s sobre Unas 25 personas participaron del primer encuentro para conversar en italiano\">Leer m\u00e1s<\/a><\/p>\n","protected":false},"author":1,"featured_media":201333,"comment_status":"closed","ping_status":"open","sticky":false,"template":"","format":"standard","meta":{"_monsterinsights_skip_tracking":false,"_jetpack_newsletter_access":"","_jetpack_dont_email_post_to_subs":false,"_jetpack_newsletter_tier_id":0,"_jetpack_memberships_contains_paywalled_content":false,"_jetpack_feature_clip_id":0,"_jetpack_memberships_contains_paid_content":false,"footnotes":"","jetpack_publicize_message":"{title}\n\n{excerpt}\n\n{url}","jetpack_publicize_feature_enabled":true,"jetpack_social_post_already_shared":true,"jetpack_social_options":{"image_generator_settings":{"template":"highway","default_image_id":0,"font":"","enabled":false},"version":2},"_wpas_customize_per_network":false,"jetpack_post_was_ever_published":false},"categories":[8],"tags":[],"class_list":["post-201332","post","type-post","status-publish","format-standard","has-post-thumbnail","hentry","category-sociedad","generate-columns","tablet-grid-50","mobile-grid-100","grid-parent","grid-50"],"jetpack_publicize_connections":[],"wps_subtitle":"","jetpack_sharing_enabled":true,"jetpack_featured_media_url":"https:\/\/www.hoymercedes.com.ar\/principal\/wp-content\/uploads\/2026\/08\/image-171.png","_links":{"self":[{"href":"https:\/\/www.hoymercedes.com.ar\/principal\/wp-json\/wp\/v2\/posts\/201332","targetHints":{"allow":["GET"]}}],"collection":[{"href":"https:\/\/www.hoymercedes.com.ar\/principal\/wp-json\/wp\/v2\/posts"}],"about":[{"href":"https:\/\/www.hoymercedes.com.ar\/principal\/wp-json\/wp\/v2\/types\/post"}],"author":[{"embeddable":true,"href":"https:\/\/www.hoymercedes.com.ar\/principal\/wp-json\/wp\/v2\/users\/1"}],"replies":[{"embeddable":true,"href":"https:\/\/www.hoymercedes.com.ar\/principal\/wp-json\/wp\/v2\/comments?post=201332"}],"version-history":[{"count":1,"href":"https:\/\/www.hoymercedes.com.ar\/principal\/wp-json\/wp\/v2\/posts\/201332\/revisions"}],"predecessor-version":[{"id":201334,"href":"https:\/\/www.hoymercedes.com.ar\/principal\/wp-json\/wp\/v2\/posts\/201332\/revisions\/201334"}],"wp:featuredmedia":[{"embeddable":true,"href":"https:\/\/www.hoymercedes.com.ar\/principal\/wp-json\/wp\/v2\/media\/201333"}],"wp:attachment":[{"href":"https:\/\/www.hoymercedes.com.ar\/principal\/wp-json\/wp\/v2\/media?parent=201332"}],"wp:term":[{"taxonomy":"category","embeddable":true,"href":"https:\/\/www.hoymercedes.com.ar\/principal\/wp-json\/wp\/v2\/categories?post=201332"},{"taxonomy":"post_tag","embeddable":true,"href":"https:\/\/www.hoymercedes.com.ar\/principal\/wp-json\/wp\/v2\/tags?post=201332"}],"curies":[{"name":"wp","href":"https:\/\/api.w.org\/{rel}","templated":true}]}}