{"id":201336,"date":"2026-09-02T10:00:00","date_gmt":"2026-09-02T13:00:00","guid":{"rendered":"https:\/\/www.hoymercedes.com.ar\/principal\/?p=201336"},"modified":"2026-08-31T15:52:33","modified_gmt":"2026-08-31T18:52:33","slug":"aldana-chavez-represento-a-mercedes-en-el-lanzamiento-de-emprende-joven","status":"publish","type":"post","link":"https:\/\/www.hoymercedes.com.ar\/principal\/2026\/09\/02\/aldana-chavez-represento-a-mercedes-en-el-lanzamiento-de-emprende-joven\/","title":{"rendered":"Aldana Ch\u00e1vez represent\u00f3 a Mercedes en el lanzamiento de \u201cEmprende Joven\u201d"},"content":{"rendered":"\n<figure class=\"wp-block-image size-large\"><img loading=\"lazy\" decoding=\"async\" width=\"1024\" height=\"683\" data-attachment-id=\"201337\" data-permalink=\"https:\/\/www.hoymercedes.com.ar\/principal\/2026\/09\/02\/aldana-chavez-represento-a-mercedes-en-el-lanzamiento-de-emprende-joven\/image-1043\/#main\" data-orig-file=\"https:\/\/www.hoymercedes.com.ar\/principal\/wp-content\/uploads\/2026\/08\/image-172.png\" data-orig-size=\"1208,806\" data-comments-opened=\"0\" data-image-title=\"image\" data-image-description=\"\" data-image-caption=\"\" data-large-file=\"https:\/\/www.hoymercedes.com.ar\/principal\/wp-content\/uploads\/2026\/08\/image-172-1024x683.png\" src=\"https:\/\/www.hoymercedes.com.ar\/principal\/wp-content\/uploads\/2026\/08\/image-172-1024x683.png\" alt=\"\" class=\"wp-image-201337\" srcset=\"https:\/\/www.hoymercedes.com.ar\/principal\/wp-content\/uploads\/2026\/08\/image-172-1024x683.png 1024w, https:\/\/www.hoymercedes.com.ar\/principal\/wp-content\/uploads\/2026\/08\/image-172-150x100.png 150w, https:\/\/www.hoymercedes.com.ar\/principal\/wp-content\/uploads\/2026\/08\/image-172-630x420.png 630w, https:\/\/www.hoymercedes.com.ar\/principal\/wp-content\/uploads\/2026\/08\/image-172.png 1208w\" sizes=\"auto, (max-width: 1024px) 100vw, 1024px\" \/><\/figure>\n\n\n\n<p class=\"wp-block-paragraph\">La Municipalidad de Mercedes particip\u00f3 del lanzamiento de <strong>\u201cEmprende Joven\u201d<\/strong>, un programa impulsado por el <strong>Ministerio de Desarrollo de la Comunidad de la provincia de Buenos Aires<\/strong> para acompa\u00f1ar a j\u00f3venes emprendedores.<\/p>\n\n\n\n<p class=\"wp-block-paragraph\">En representaci\u00f3n del Municipio asisti\u00f3 <strong>Aldana Ch\u00e1vez<\/strong>, directora de Fortalecimiento Productivo, quien particip\u00f3 del encuentro junto con representantes de otros municipios bonaerenses y universidades.<\/p>\n\n\n\n<p class=\"wp-block-paragraph\">La actividad estuvo encabezada por el subsecretario de Econom\u00eda Popular, <strong>Daniel Men\u00e9ndez<\/strong>, y la directora provincial de Juventudes, <strong>Ayel\u00e9n L\u00f3pez<\/strong>.<\/p>\n\n\n\n<p class=\"wp-block-paragraph\"><strong>Capacitaci\u00f3n y asistencia t\u00e9cnica<\/strong><\/p>\n\n\n\n<p class=\"wp-block-paragraph\">El programa est\u00e1 destinado a j\u00f3venes de entre <strong>16 y 30 a\u00f1os<\/strong> que cuenten con un emprendimiento en marcha. La propuesta incluye instancias de <strong>capacitaci\u00f3n, mentor\u00edas, acompa\u00f1amiento t\u00e9cnico y generaci\u00f3n de redes<\/strong>.<\/p>\n\n\n\n<p class=\"wp-block-paragraph\">Entre los contenidos previstos se encuentran la aplicaci\u00f3n de <strong>inteligencia artificial<\/strong>, gesti\u00f3n, comercializaci\u00f3n digital, construcci\u00f3n de marca, planificaci\u00f3n estrat\u00e9gica y sostenibilidad.<\/p>\n\n\n\n<p class=\"wp-block-paragraph\">\u201cEmprende Joven\u201d contempla proyectos vinculados con servicios, oficios, econom\u00eda circular, sustentabilidad, artesan\u00edas, gastronom\u00eda, dise\u00f1o e indumentaria, entre otras actividades.<\/p>\n\n\n\n<p class=\"wp-block-paragraph\">Los encuentros se desarrollar\u00e1n en formatos presenciales y virtuales, con el objetivo de que los participantes puedan incorporar herramientas y aplicarlas directamente en sus emprendimientos.<\/p>\n","protected":false},"excerpt":{"rendered":"<p>La Municipalidad de Mercedes particip\u00f3 del lanzamiento de \u201cEmprende Joven\u201d, un programa impulsado por el Ministerio de Desarrollo de la &#8230; <a title=\"Aldana Ch\u00e1vez represent\u00f3 a Mercedes en el lanzamiento de \u201cEmprende Joven\u201d\" class=\"read-more\" href=\"https:\/\/www.hoymercedes.com.ar\/principal\/2026\/09\/02\/aldana-chavez-represento-a-mercedes-en-el-lanzamiento-de-emprende-joven\/\" aria-label=\"Leer m\u00e1s sobre Aldana Ch\u00e1vez represent\u00f3 a Mercedes en el lanzamiento de \u201cEmprende Joven\u201d\">Leer m\u00e1s<\/a><\/p>\n","protected":false},"author":1,"featured_media":201337,"comment_status":"closed","ping_status":"open","sticky":false,"template":"","format":"standard","meta":{"_monsterinsights_skip_tracking":false,"_jetpack_newsletter_access":"","_jetpack_dont_email_post_to_subs":false,"_jetpack_newsletter_tier_id":0,"_jetpack_memberships_contains_paywalled_content":false,"_jetpack_feature_clip_id":0,"_jetpack_memberships_contains_paid_content":false,"footnotes":"","jetpack_publicize_message":"{title}\n\n{excerpt}\n\n{url}","jetpack_publicize_feature_enabled":true,"jetpack_social_post_already_shared":true,"jetpack_social_options":{"image_generator_settings":{"template":"highway","default_image_id":0,"font":"","enabled":false},"version":2},"_wpas_customize_per_network":false,"jetpack_post_was_ever_published":false},"categories":[8],"tags":[],"class_list":["post-201336","post","type-post","status-publish","format-standard","has-post-thumbnail","hentry","category-sociedad","generate-columns","tablet-grid-50","mobile-grid-100","grid-parent","grid-50"],"jetpack_publicize_connections":[],"wps_subtitle":"","jetpack_sharing_enabled":true,"jetpack_featured_media_url":"https:\/\/www.hoymercedes.com.ar\/principal\/wp-content\/uploads\/2026\/08\/image-172.png","_links":{"self":[{"href":"https:\/\/www.hoymercedes.com.ar\/principal\/wp-json\/wp\/v2\/posts\/201336","targetHints":{"allow":["GET"]}}],"collection":[{"href":"https:\/\/www.hoymercedes.com.ar\/principal\/wp-json\/wp\/v2\/posts"}],"about":[{"href":"https:\/\/www.hoymercedes.com.ar\/principal\/wp-json\/wp\/v2\/types\/post"}],"author":[{"embeddable":true,"href":"https:\/\/www.hoymercedes.com.ar\/principal\/wp-json\/wp\/v2\/users\/1"}],"replies":[{"embeddable":true,"href":"https:\/\/www.hoymercedes.com.ar\/principal\/wp-json\/wp\/v2\/comments?post=201336"}],"version-history":[{"count":1,"href":"https:\/\/www.hoymercedes.com.ar\/principal\/wp-json\/wp\/v2\/posts\/201336\/revisions"}],"predecessor-version":[{"id":201338,"href":"https:\/\/www.hoymercedes.com.ar\/principal\/wp-json\/wp\/v2\/posts\/201336\/revisions\/201338"}],"wp:featuredmedia":[{"embeddable":true,"href":"https:\/\/www.hoymercedes.com.ar\/principal\/wp-json\/wp\/v2\/media\/201337"}],"wp:attachment":[{"href":"https:\/\/www.hoymercedes.com.ar\/principal\/wp-json\/wp\/v2\/media?parent=201336"}],"wp:term":[{"taxonomy":"category","embeddable":true,"href":"https:\/\/www.hoymercedes.com.ar\/principal\/wp-json\/wp\/v2\/categories?post=201336"},{"taxonomy":"post_tag","embeddable":true,"href":"https:\/\/www.hoymercedes.com.ar\/principal\/wp-json\/wp\/v2\/tags?post=201336"}],"curies":[{"name":"wp","href":"https:\/\/api.w.org\/{rel}","templated":true}]}}