{"id":201339,"date":"2026-09-02T09:56:00","date_gmt":"2026-09-02T12:56:00","guid":{"rendered":"https:\/\/www.hoymercedes.com.ar\/principal\/?p=201339"},"modified":"2026-08-31T15:57:35","modified_gmt":"2026-08-31T18:57:35","slug":"realizaron-un-operativo-nocturno-de-prevencion-en-la-trocha","status":"publish","type":"post","link":"https:\/\/www.hoymercedes.com.ar\/principal\/2026\/09\/02\/realizaron-un-operativo-nocturno-de-prevencion-en-la-trocha\/","title":{"rendered":"Realizaron un operativo nocturno de prevenci\u00f3n en La Trocha"},"content":{"rendered":"\n<figure class=\"wp-block-image size-full\"><img loading=\"lazy\" decoding=\"async\" width=\"821\" height=\"660\" data-attachment-id=\"201340\" data-permalink=\"https:\/\/www.hoymercedes.com.ar\/principal\/2026\/09\/02\/realizaron-un-operativo-nocturno-de-prevencion-en-la-trocha\/sin-titulo-106\/#main\" data-orig-file=\"https:\/\/www.hoymercedes.com.ar\/principal\/wp-content\/uploads\/2026\/08\/Sin-titulo-20.png\" data-orig-size=\"821,660\" data-comments-opened=\"0\" data-image-title=\"Sin t\u00edtulo\" data-image-description=\"\" data-image-caption=\"\" data-large-file=\"https:\/\/www.hoymercedes.com.ar\/principal\/wp-content\/uploads\/2026\/08\/Sin-titulo-20.png\" src=\"https:\/\/www.hoymercedes.com.ar\/principal\/wp-content\/uploads\/2026\/08\/Sin-titulo-20.png\" alt=\"\" class=\"wp-image-201340\" srcset=\"https:\/\/www.hoymercedes.com.ar\/principal\/wp-content\/uploads\/2026\/08\/Sin-titulo-20.png 821w, https:\/\/www.hoymercedes.com.ar\/principal\/wp-content\/uploads\/2026\/08\/Sin-titulo-20-150x121.png 150w, https:\/\/www.hoymercedes.com.ar\/principal\/wp-content\/uploads\/2026\/08\/Sin-titulo-20-630x506.png 630w\" sizes=\"auto, (max-width: 821px) 100vw, 821px\" \/><\/figure>\n\n\n\n<p class=\"wp-block-paragraph\">Durante la noche del <strong>domingo<\/strong>, se llev\u00f3 adelante un operativo de prevenci\u00f3n y control en el sector de <strong>La Trocha<\/strong>, con la participaci\u00f3n de distintas fuerzas y \u00e1reas municipales.<\/p>\n\n\n\n<p class=\"wp-block-paragraph\">Del procedimiento participaron efectivos de la <strong>Polic\u00eda Comunal<\/strong>, la <strong>Polic\u00eda Motorizada<\/strong>, el <strong>GAD<\/strong>, personal de <strong>Tr\u00e1nsito<\/strong> y agentes de <strong>Tr\u00e1nsito Motorizado<\/strong>.<\/p>\n\n\n\n<p class=\"wp-block-paragraph\"><strong>Controles vehiculares<\/strong><\/p>\n\n\n\n<p class=\"wp-block-paragraph\">A lo largo del operativo se realizaron controles de veh\u00edculos y documentaci\u00f3n, adem\u00e1s de tareas preventivas destinadas a detectar conductas que pudieran poner en riesgo la seguridad vial.<\/p>\n\n\n\n<p class=\"wp-block-paragraph\">Como resultado, se procedi\u00f3 al <strong>secuestro de varias motocicletas<\/strong>.<\/p>\n\n\n\n<p class=\"wp-block-paragraph\">Desde las \u00e1reas intervinientes se\u00f1alaron que este tipo de controles continuar\u00e1 desarroll\u00e1ndose de manera sostenida y coordinada en distintos sectores de la ciudad, con el objetivo de reforzar la presencia preventiva y el cumplimiento de las normas de tr\u00e1nsito.<\/p>\n","protected":false},"excerpt":{"rendered":"<p>Durante la noche del domingo, se llev\u00f3 adelante un operativo de prevenci\u00f3n y control en el sector de La Trocha, &#8230; <a title=\"Realizaron un operativo nocturno de prevenci\u00f3n en La Trocha\" class=\"read-more\" href=\"https:\/\/www.hoymercedes.com.ar\/principal\/2026\/09\/02\/realizaron-un-operativo-nocturno-de-prevencion-en-la-trocha\/\" aria-label=\"Leer m\u00e1s sobre Realizaron un operativo nocturno de prevenci\u00f3n en La Trocha\">Leer m\u00e1s<\/a><\/p>\n","protected":false},"author":1,"featured_media":201340,"comment_status":"closed","ping_status":"open","sticky":false,"template":"","format":"standard","meta":{"_monsterinsights_skip_tracking":false,"_jetpack_newsletter_access":"","_jetpack_dont_email_post_to_subs":false,"_jetpack_newsletter_tier_id":0,"_jetpack_memberships_contains_paywalled_content":false,"_jetpack_feature_clip_id":0,"_jetpack_memberships_contains_paid_content":false,"footnotes":"","jetpack_publicize_message":"{title}\n\n{excerpt}\n\n{url}","jetpack_publicize_feature_enabled":true,"jetpack_social_post_already_shared":true,"jetpack_social_options":{"image_generator_settings":{"template":"highway","default_image_id":0,"font":"","enabled":false},"version":2},"_wpas_customize_per_network":false,"jetpack_post_was_ever_published":false},"categories":[8],"tags":[],"class_list":["post-201339","post","type-post","status-publish","format-standard","has-post-thumbnail","hentry","category-sociedad","generate-columns","tablet-grid-50","mobile-grid-100","grid-parent","grid-50"],"jetpack_publicize_connections":[],"wps_subtitle":"","jetpack_sharing_enabled":true,"jetpack_featured_media_url":"https:\/\/www.hoymercedes.com.ar\/principal\/wp-content\/uploads\/2026\/08\/Sin-titulo-20.png","_links":{"self":[{"href":"https:\/\/www.hoymercedes.com.ar\/principal\/wp-json\/wp\/v2\/posts\/201339","targetHints":{"allow":["GET"]}}],"collection":[{"href":"https:\/\/www.hoymercedes.com.ar\/principal\/wp-json\/wp\/v2\/posts"}],"about":[{"href":"https:\/\/www.hoymercedes.com.ar\/principal\/wp-json\/wp\/v2\/types\/post"}],"author":[{"embeddable":true,"href":"https:\/\/www.hoymercedes.com.ar\/principal\/wp-json\/wp\/v2\/users\/1"}],"replies":[{"embeddable":true,"href":"https:\/\/www.hoymercedes.com.ar\/principal\/wp-json\/wp\/v2\/comments?post=201339"}],"version-history":[{"count":1,"href":"https:\/\/www.hoymercedes.com.ar\/principal\/wp-json\/wp\/v2\/posts\/201339\/revisions"}],"predecessor-version":[{"id":201341,"href":"https:\/\/www.hoymercedes.com.ar\/principal\/wp-json\/wp\/v2\/posts\/201339\/revisions\/201341"}],"wp:featuredmedia":[{"embeddable":true,"href":"https:\/\/www.hoymercedes.com.ar\/principal\/wp-json\/wp\/v2\/media\/201340"}],"wp:attachment":[{"href":"https:\/\/www.hoymercedes.com.ar\/principal\/wp-json\/wp\/v2\/media?parent=201339"}],"wp:term":[{"taxonomy":"category","embeddable":true,"href":"https:\/\/www.hoymercedes.com.ar\/principal\/wp-json\/wp\/v2\/categories?post=201339"},{"taxonomy":"post_tag","embeddable":true,"href":"https:\/\/www.hoymercedes.com.ar\/principal\/wp-json\/wp\/v2\/tags?post=201339"}],"curies":[{"name":"wp","href":"https:\/\/api.w.org\/{rel}","templated":true}]}}