{"id":201342,"date":"2026-09-01T16:04:49","date_gmt":"2026-09-01T19:04:49","guid":{"rendered":"https:\/\/www.hoymercedes.com.ar\/principal\/?p=201342"},"modified":"2026-08-31T16:11:03","modified_gmt":"2026-08-31T19:11:03","slug":"la-agrupacion-9-de-julio-y-vecinos-organizaron-un-festejo-para-las-familias-del-barrio","status":"publish","type":"post","link":"https:\/\/www.hoymercedes.com.ar\/principal\/2026\/09\/01\/la-agrupacion-9-de-julio-y-vecinos-organizaron-un-festejo-para-las-familias-del-barrio\/","title":{"rendered":"La Agrupaci\u00f3n 9 de Julio y vecinos organizaron un festejo para las familias del barrio"},"content":{"rendered":"\n<figure class=\"wp-block-image size-large\"><img loading=\"lazy\" decoding=\"async\" width=\"1024\" height=\"408\" data-attachment-id=\"201343\" data-permalink=\"https:\/\/www.hoymercedes.com.ar\/principal\/2026\/09\/01\/la-agrupacion-9-de-julio-y-vecinos-organizaron-un-festejo-para-las-familias-del-barrio\/whatsapp-image-2026-08-31-at-11-59-57\/#main\" data-orig-file=\"https:\/\/www.hoymercedes.com.ar\/principal\/wp-content\/uploads\/2026\/08\/WhatsApp-Image-2026-08-31-at-11.59.57.jpeg\" data-orig-size=\"1391,554\" data-comments-opened=\"0\" data-image-title=\"WhatsApp Image 2026-08-31 at 11.59.57\" data-image-description=\"\" data-image-caption=\"\" data-large-file=\"https:\/\/www.hoymercedes.com.ar\/principal\/wp-content\/uploads\/2026\/08\/WhatsApp-Image-2026-08-31-at-11.59.57-1024x408.jpeg\" src=\"https:\/\/www.hoymercedes.com.ar\/principal\/wp-content\/uploads\/2026\/08\/WhatsApp-Image-2026-08-31-at-11.59.57-1024x408.jpeg\" alt=\"\" class=\"wp-image-201343\" srcset=\"https:\/\/www.hoymercedes.com.ar\/principal\/wp-content\/uploads\/2026\/08\/WhatsApp-Image-2026-08-31-at-11.59.57-1024x408.jpeg 1024w, https:\/\/www.hoymercedes.com.ar\/principal\/wp-content\/uploads\/2026\/08\/WhatsApp-Image-2026-08-31-at-11.59.57-150x60.jpeg 150w, https:\/\/www.hoymercedes.com.ar\/principal\/wp-content\/uploads\/2026\/08\/WhatsApp-Image-2026-08-31-at-11.59.57-630x251.jpeg 630w, https:\/\/www.hoymercedes.com.ar\/principal\/wp-content\/uploads\/2026\/08\/WhatsApp-Image-2026-08-31-at-11.59.57.jpeg 1391w\" sizes=\"auto, (max-width: 1024px) 100vw, 1024px\" \/><\/figure>\n\n\n\n<p class=\"wp-block-paragraph\">La calle <strong>26, entre 59 y 61<\/strong>, fue escenario este domingo <strong>30 de agosto<\/strong> de una jornada recreativa por el <strong>D\u00eda del Ni\u00f1o<\/strong>, organizada por la <strong>Agrupaci\u00f3n 9 de Julio<\/strong> junto con vecinos de la zona.<\/p>\n\n\n\n<p class=\"wp-block-paragraph\">La propuesta estuvo encabezada por <strong>Nahuel Torres Costa<\/strong> y su equipo de trabajo, quienes transformaron la cuadra en un espacio de encuentro para las familias. Durante la tarde, m\u00e1s de <strong>un centenar de personas<\/strong> participaron de las actividades y compartieron un picnic comunitario.<\/p>\n\n\n\n<p class=\"wp-block-paragraph\"><strong>Juegos, regalos y actividades<\/strong><\/p>\n\n\n\n<p class=\"wp-block-paragraph\">Los ni\u00f1os disfrutaron de una estaci\u00f3n de <strong>pochoclos libres<\/strong>, un pelotero inflable y obsequios preparados para cada uno de los presentes.<\/p>\n\n\n\n<p class=\"wp-block-paragraph\">Tambi\u00e9n se organizaron juegos interactivos, competencias grupales y din\u00e1micas recreativas con premios, a cargo de j\u00f3venes y militantes de la agrupaci\u00f3n.<\/p>\n\n\n\n<p class=\"wp-block-paragraph\"><strong>Acompa\u00f1amiento institucional<\/strong><\/p>\n\n\n\n<p class=\"wp-block-paragraph\">El festejo cont\u00f3 con la presencia de la jefa de PAMI, <strong>Daniela Canziani<\/strong>; la concejal <strong>Carolina Bessega<\/strong>; los dirigentes de la Agrupaci\u00f3n 9 de Julio <strong>Mart\u00edn Torres Costa<\/strong> y <strong>Gustavo San\u00f3<\/strong>; las referentes <strong>Eugenia Fontana<\/strong> y <strong>Jimena Rojas<\/strong>; el coordinador de la Juventud, <strong>Oscar Difalco<\/strong>, y <strong>Joaqu\u00edn Machado<\/strong>, junto con militantes del espacio.<\/p>\n\n\n\n<p class=\"wp-block-paragraph\">Desde la organizaci\u00f3n destacaron el trabajo conjunto con los vecinos y se\u00f1alaron: \u201cEl objetivo principal era regalarles un d\u00eda de alegr\u00eda y reencuentro a los ni\u00f1os y familias del barrio. Ver la sonrisa de m\u00e1s de cien chicos jugando juntos nos demuestra que el trabajo en conjunto vale la pena\u201d.<\/p>\n\n\n\n<figure class=\"wp-block-gallery has-nested-images columns-default is-cropped wp-block-gallery-1 is-layout-flex wp-block-gallery-is-layout-flex\">\n<figure class=\"wp-block-image size-large\"><img loading=\"lazy\" decoding=\"async\" width=\"472\" height=\"1024\" data-attachment-id=\"201344\" data-permalink=\"https:\/\/www.hoymercedes.com.ar\/principal\/2026\/09\/01\/la-agrupacion-9-de-julio-y-vecinos-organizaron-un-festejo-para-las-familias-del-barrio\/whatsapp-image-2026-08-31-at-12-04-48\/#main\" data-orig-file=\"https:\/\/www.hoymercedes.com.ar\/principal\/wp-content\/uploads\/2026\/08\/WhatsApp-Image-2026-08-31-at-12.04.48.jpeg\" data-orig-size=\"738,1600\" data-comments-opened=\"0\" data-image-title=\"WhatsApp Image 2026-08-31 at 12.04.48\" data-image-description=\"\" data-image-caption=\"\" data-large-file=\"https:\/\/www.hoymercedes.com.ar\/principal\/wp-content\/uploads\/2026\/08\/WhatsApp-Image-2026-08-31-at-12.04.48-472x1024.jpeg\" data-id=\"201344\" src=\"https:\/\/www.hoymercedes.com.ar\/principal\/wp-content\/uploads\/2026\/08\/WhatsApp-Image-2026-08-31-at-12.04.48-472x1024.jpeg\" alt=\"\" class=\"wp-image-201344\" srcset=\"https:\/\/www.hoymercedes.com.ar\/principal\/wp-content\/uploads\/2026\/08\/WhatsApp-Image-2026-08-31-at-12.04.48-472x1024.jpeg 472w, https:\/\/www.hoymercedes.com.ar\/principal\/wp-content\/uploads\/2026\/08\/WhatsApp-Image-2026-08-31-at-12.04.48-69x150.jpeg 69w, https:\/\/www.hoymercedes.com.ar\/principal\/wp-content\/uploads\/2026\/08\/WhatsApp-Image-2026-08-31-at-12.04.48-286x620.jpeg 286w, https:\/\/www.hoymercedes.com.ar\/principal\/wp-content\/uploads\/2026\/08\/WhatsApp-Image-2026-08-31-at-12.04.48-708x1536.jpeg 708w, https:\/\/www.hoymercedes.com.ar\/principal\/wp-content\/uploads\/2026\/08\/WhatsApp-Image-2026-08-31-at-12.04.48.jpeg 738w\" sizes=\"auto, (max-width: 472px) 100vw, 472px\" \/><\/figure>\n\n\n\n<figure class=\"wp-block-image size-large\"><img loading=\"lazy\" decoding=\"async\" width=\"768\" height=\"1024\" data-attachment-id=\"201346\" data-permalink=\"https:\/\/www.hoymercedes.com.ar\/principal\/2026\/09\/01\/la-agrupacion-9-de-julio-y-vecinos-organizaron-un-festejo-para-las-familias-del-barrio\/whatsapp-image-2026-08-31-at-12-04-47-1\/#main\" data-orig-file=\"https:\/\/www.hoymercedes.com.ar\/principal\/wp-content\/uploads\/2026\/08\/WhatsApp-Image-2026-08-31-at-12.04.47-1.jpeg\" data-orig-size=\"1200,1600\" data-comments-opened=\"0\" data-image-title=\"WhatsApp Image 2026-08-31 at 12.04.47 (1)\" data-image-description=\"\" data-image-caption=\"\" data-large-file=\"https:\/\/www.hoymercedes.com.ar\/principal\/wp-content\/uploads\/2026\/08\/WhatsApp-Image-2026-08-31-at-12.04.47-1-768x1024.jpeg\" data-id=\"201346\" src=\"https:\/\/www.hoymercedes.com.ar\/principal\/wp-content\/uploads\/2026\/08\/WhatsApp-Image-2026-08-31-at-12.04.47-1-768x1024.jpeg\" alt=\"\" class=\"wp-image-201346\" srcset=\"https:\/\/www.hoymercedes.com.ar\/principal\/wp-content\/uploads\/2026\/08\/WhatsApp-Image-2026-08-31-at-12.04.47-1-768x1024.jpeg 768w, https:\/\/www.hoymercedes.com.ar\/principal\/wp-content\/uploads\/2026\/08\/WhatsApp-Image-2026-08-31-at-12.04.47-1-113x150.jpeg 113w, https:\/\/www.hoymercedes.com.ar\/principal\/wp-content\/uploads\/2026\/08\/WhatsApp-Image-2026-08-31-at-12.04.47-1-465x620.jpeg 465w, https:\/\/www.hoymercedes.com.ar\/principal\/wp-content\/uploads\/2026\/08\/WhatsApp-Image-2026-08-31-at-12.04.47-1-1152x1536.jpeg 1152w, https:\/\/www.hoymercedes.com.ar\/principal\/wp-content\/uploads\/2026\/08\/WhatsApp-Image-2026-08-31-at-12.04.47-1.jpeg 1200w\" sizes=\"auto, (max-width: 768px) 100vw, 768px\" \/><\/figure>\n\n\n\n<figure class=\"wp-block-image size-large\"><img loading=\"lazy\" decoding=\"async\" width=\"768\" height=\"1024\" data-attachment-id=\"201345\" data-permalink=\"https:\/\/www.hoymercedes.com.ar\/principal\/2026\/09\/01\/la-agrupacion-9-de-julio-y-vecinos-organizaron-un-festejo-para-las-familias-del-barrio\/whatsapp-image-2026-08-31-at-12-04-47\/#main\" data-orig-file=\"https:\/\/www.hoymercedes.com.ar\/principal\/wp-content\/uploads\/2026\/08\/WhatsApp-Image-2026-08-31-at-12.04.47.jpeg\" data-orig-size=\"1200,1600\" data-comments-opened=\"0\" data-image-title=\"WhatsApp Image 2026-08-31 at 12.04.47\" data-image-description=\"\" data-image-caption=\"\" data-large-file=\"https:\/\/www.hoymercedes.com.ar\/principal\/wp-content\/uploads\/2026\/08\/WhatsApp-Image-2026-08-31-at-12.04.47-768x1024.jpeg\" data-id=\"201345\" src=\"https:\/\/www.hoymercedes.com.ar\/principal\/wp-content\/uploads\/2026\/08\/WhatsApp-Image-2026-08-31-at-12.04.47-768x1024.jpeg\" alt=\"\" class=\"wp-image-201345\" srcset=\"https:\/\/www.hoymercedes.com.ar\/principal\/wp-content\/uploads\/2026\/08\/WhatsApp-Image-2026-08-31-at-12.04.47-768x1024.jpeg 768w, https:\/\/www.hoymercedes.com.ar\/principal\/wp-content\/uploads\/2026\/08\/WhatsApp-Image-2026-08-31-at-12.04.47-113x150.jpeg 113w, https:\/\/www.hoymercedes.com.ar\/principal\/wp-content\/uploads\/2026\/08\/WhatsApp-Image-2026-08-31-at-12.04.47-465x620.jpeg 465w, https:\/\/www.hoymercedes.com.ar\/principal\/wp-content\/uploads\/2026\/08\/WhatsApp-Image-2026-08-31-at-12.04.47-1152x1536.jpeg 1152w, https:\/\/www.hoymercedes.com.ar\/principal\/wp-content\/uploads\/2026\/08\/WhatsApp-Image-2026-08-31-at-12.04.47.jpeg 1200w\" sizes=\"auto, (max-width: 768px) 100vw, 768px\" \/><\/figure>\n<\/figure>\n","protected":false},"excerpt":{"rendered":"<p>La calle 26, entre 59 y 61, fue escenario este domingo 30 de agosto de una jornada recreativa por el &#8230; <a title=\"La Agrupaci\u00f3n 9 de Julio y vecinos organizaron un festejo para las familias del barrio\" class=\"read-more\" href=\"https:\/\/www.hoymercedes.com.ar\/principal\/2026\/09\/01\/la-agrupacion-9-de-julio-y-vecinos-organizaron-un-festejo-para-las-familias-del-barrio\/\" aria-label=\"Leer m\u00e1s sobre La Agrupaci\u00f3n 9 de Julio y vecinos organizaron un festejo para las familias del barrio\">Leer m\u00e1s<\/a><\/p>\n","protected":false},"author":1,"featured_media":201343,"comment_status":"closed","ping_status":"open","sticky":false,"template":"","format":"standard","meta":{"_monsterinsights_skip_tracking":false,"_jetpack_newsletter_access":"","_jetpack_dont_email_post_to_subs":false,"_jetpack_newsletter_tier_id":0,"_jetpack_memberships_contains_paywalled_content":false,"_jetpack_feature_clip_id":0,"_jetpack_memberships_contains_paid_content":false,"footnotes":"","jetpack_publicize_message":"{title}\n\n{excerpt}\n\n{url}","jetpack_publicize_feature_enabled":true,"jetpack_social_post_already_shared":true,"jetpack_social_options":{"image_generator_settings":{"template":"highway","default_image_id":0,"font":"","enabled":false},"version":2},"_wpas_customize_per_network":false,"jetpack_post_was_ever_published":false},"categories":[5],"tags":[],"class_list":["post-201342","post","type-post","status-publish","format-standard","has-post-thumbnail","hentry","category-politica","generate-columns","tablet-grid-50","mobile-grid-100","grid-parent","grid-50"],"jetpack_publicize_connections":[],"wps_subtitle":"","jetpack_sharing_enabled":true,"jetpack_featured_media_url":"https:\/\/www.hoymercedes.com.ar\/principal\/wp-content\/uploads\/2026\/08\/WhatsApp-Image-2026-08-31-at-11.59.57.jpeg","_links":{"self":[{"href":"https:\/\/www.hoymercedes.com.ar\/principal\/wp-json\/wp\/v2\/posts\/201342","targetHints":{"allow":["GET"]}}],"collection":[{"href":"https:\/\/www.hoymercedes.com.ar\/principal\/wp-json\/wp\/v2\/posts"}],"about":[{"href":"https:\/\/www.hoymercedes.com.ar\/principal\/wp-json\/wp\/v2\/types\/post"}],"author":[{"embeddable":true,"href":"https:\/\/www.hoymercedes.com.ar\/principal\/wp-json\/wp\/v2\/users\/1"}],"replies":[{"embeddable":true,"href":"https:\/\/www.hoymercedes.com.ar\/principal\/wp-json\/wp\/v2\/comments?post=201342"}],"version-history":[{"count":1,"href":"https:\/\/www.hoymercedes.com.ar\/principal\/wp-json\/wp\/v2\/posts\/201342\/revisions"}],"predecessor-version":[{"id":201347,"href":"https:\/\/www.hoymercedes.com.ar\/principal\/wp-json\/wp\/v2\/posts\/201342\/revisions\/201347"}],"wp:featuredmedia":[{"embeddable":true,"href":"https:\/\/www.hoymercedes.com.ar\/principal\/wp-json\/wp\/v2\/media\/201343"}],"wp:attachment":[{"href":"https:\/\/www.hoymercedes.com.ar\/principal\/wp-json\/wp\/v2\/media?parent=201342"}],"wp:term":[{"taxonomy":"category","embeddable":true,"href":"https:\/\/www.hoymercedes.com.ar\/principal\/wp-json\/wp\/v2\/categories?post=201342"},{"taxonomy":"post_tag","embeddable":true,"href":"https:\/\/www.hoymercedes.com.ar\/principal\/wp-json\/wp\/v2\/tags?post=201342"}],"curies":[{"name":"wp","href":"https:\/\/api.w.org\/{rel}","templated":true}]}}