{"id":201348,"date":"2026-09-02T10:20:00","date_gmt":"2026-09-02T13:20:00","guid":{"rendered":"https:\/\/www.hoymercedes.com.ar\/principal\/?p=201348"},"modified":"2026-08-31T16:33:36","modified_gmt":"2026-08-31T19:33:36","slug":"pasion-gaucha-obtuvo-cuatro-primeros-premios-en-el-torneo-agydan","status":"publish","type":"post","link":"https:\/\/www.hoymercedes.com.ar\/principal\/2026\/09\/02\/pasion-gaucha-obtuvo-cuatro-primeros-premios-en-el-torneo-agydan\/","title":{"rendered":"Pasi\u00f3n Gaucha obtuvo cuatro primeros premios en el Torneo Agydan"},"content":{"rendered":"\n<figure class=\"wp-block-image size-large\"><img loading=\"lazy\" decoding=\"async\" width=\"768\" height=\"1024\" data-attachment-id=\"201349\" data-permalink=\"https:\/\/www.hoymercedes.com.ar\/principal\/2026\/09\/02\/pasion-gaucha-obtuvo-cuatro-primeros-premios-en-el-torneo-agydan\/b3b81841-2545-479f-b5d5-10b9543d2aba\/#main\" data-orig-file=\"https:\/\/www.hoymercedes.com.ar\/principal\/wp-content\/uploads\/2026\/08\/b3b81841-2545-479f-b5d5-10b9543d2aba.jpg\" data-orig-size=\"960,1280\" data-comments-opened=\"0\" data-image-title=\"b3b81841-2545-479f-b5d5-10b9543d2aba\" data-image-description=\"\" data-image-caption=\"\" data-large-file=\"https:\/\/www.hoymercedes.com.ar\/principal\/wp-content\/uploads\/2026\/08\/b3b81841-2545-479f-b5d5-10b9543d2aba-768x1024.jpg\" src=\"https:\/\/www.hoymercedes.com.ar\/principal\/wp-content\/uploads\/2026\/08\/b3b81841-2545-479f-b5d5-10b9543d2aba-768x1024.jpg\" alt=\"\" class=\"wp-image-201349\" srcset=\"https:\/\/www.hoymercedes.com.ar\/principal\/wp-content\/uploads\/2026\/08\/b3b81841-2545-479f-b5d5-10b9543d2aba-768x1024.jpg 768w, https:\/\/www.hoymercedes.com.ar\/principal\/wp-content\/uploads\/2026\/08\/b3b81841-2545-479f-b5d5-10b9543d2aba-113x150.jpg 113w, https:\/\/www.hoymercedes.com.ar\/principal\/wp-content\/uploads\/2026\/08\/b3b81841-2545-479f-b5d5-10b9543d2aba-465x620.jpg 465w, https:\/\/www.hoymercedes.com.ar\/principal\/wp-content\/uploads\/2026\/08\/b3b81841-2545-479f-b5d5-10b9543d2aba.jpg 960w\" sizes=\"auto, (max-width: 768px) 100vw, 768px\" \/><\/figure>\n\n\n\n<p class=\"wp-block-paragraph\">La <strong>Compa\u00f1\u00eda de Danza y Malambo Pasi\u00f3n Gaucha<\/strong> tuvo una destacada actuaci\u00f3n en la <strong>26\u00aa edici\u00f3n del Torneo de Danzas y Ritmos Agydan<\/strong>, donde obtuvo el primer puesto en las cuatro categor\u00edas en las que particip\u00f3.<\/p>\n\n\n\n<p class=\"wp-block-paragraph\">El certamen se realiz\u00f3 el s\u00e1bado <strong>22 de agosto<\/strong> en el <strong>Microestadio Universitario de la UTN<\/strong>, en Avellaneda, con la participaci\u00f3n de delegaciones de distintos puntos del pa\u00eds.<\/p>\n\n\n\n<p class=\"wp-block-paragraph\"><strong>Todos los puestos principales<\/strong><\/p>\n\n\n\n<p class=\"wp-block-paragraph\">La compa\u00f1\u00eda mercedina obtuvo los siguientes resultados:<\/p>\n\n\n\n<ul class=\"wp-block-list\">\n<li><strong>D\u00fao Infantil:<\/strong> primer premio para <strong>Isabella Fern\u00e1ndez y Alay Cannizzo<\/strong>.<\/li>\n\n\n\n<li><strong>D\u00fao Juvenil:<\/strong> primer premio para <strong>Aitana Amarillo y Valentina De la Torre<\/strong>.<\/li>\n\n\n\n<li><strong>D\u00fao Adulto:<\/strong> primer premio para <strong>Natalia Santaella y Axel Bartolomeo<\/strong>.<\/li>\n\n\n\n<li><strong>Conjunto Mix:<\/strong> primer premio para la compa\u00f1\u00eda.<\/li>\n<\/ul>\n\n\n\n<p class=\"wp-block-paragraph\">Adem\u00e1s, el jurado le otorg\u00f3 a Pasi\u00f3n Gaucha el <strong>Premio Especial a la Originalidad Coreogr\u00e1fica<\/strong>. Aitana Amarillo y Valentina De la Torre tambi\u00e9n recibieron la distinci\u00f3n a <strong>Mejores Bailarinas de la Competencia<\/strong>.<\/p>\n\n\n\n<p class=\"wp-block-paragraph\"><strong>Siete a\u00f1os de trayectoria<\/strong><\/p>\n\n\n\n<p class=\"wp-block-paragraph\">El director general de la compa\u00f1\u00eda, <strong>Axel Bartolomeo<\/strong>, destac\u00f3 el valor de los reconocimientos y agradeci\u00f3 el acompa\u00f1amiento de las familias, amigos, colegas y alumnos que colaboran con las distintas actividades destinadas a sostener el proyecto.<\/p>\n\n\n\n<p class=\"wp-block-paragraph\">Pasi\u00f3n Gaucha fue la primera compa\u00f1\u00eda de <strong>danza y malambo<\/strong> fundada en Mercedes y, en sus <strong>siete a\u00f1os de trayectoria<\/strong>, consolid\u00f3 su presencia en el folklore a trav\u00e9s de distintas presentaciones y competencias.<\/p>\n\n\n\n<p class=\"wp-block-paragraph\">Parte de las coreograf\u00edas premiadas en Agydan formar\u00e1 parte del espect\u00e1culo <strong>\u201cMe Enamor\u00e9 de una Zamba\u201d<\/strong>, que la compa\u00f1\u00eda presentar\u00e1 durante la <strong>51\u00aa Fiesta Nacional del Salame Quintero<\/strong>.<\/p>\n","protected":false},"excerpt":{"rendered":"<p>La Compa\u00f1\u00eda de Danza y Malambo Pasi\u00f3n Gaucha tuvo una destacada actuaci\u00f3n en la 26\u00aa edici\u00f3n del Torneo de Danzas &#8230; <a title=\"Pasi\u00f3n Gaucha obtuvo cuatro primeros premios en el Torneo Agydan\" class=\"read-more\" href=\"https:\/\/www.hoymercedes.com.ar\/principal\/2026\/09\/02\/pasion-gaucha-obtuvo-cuatro-primeros-premios-en-el-torneo-agydan\/\" aria-label=\"Leer m\u00e1s sobre Pasi\u00f3n Gaucha obtuvo cuatro primeros premios en el Torneo Agydan\">Leer m\u00e1s<\/a><\/p>\n","protected":false},"author":1,"featured_media":201349,"comment_status":"closed","ping_status":"open","sticky":false,"template":"","format":"standard","meta":{"_monsterinsights_skip_tracking":false,"_jetpack_newsletter_access":"","_jetpack_dont_email_post_to_subs":false,"_jetpack_newsletter_tier_id":0,"_jetpack_memberships_contains_paywalled_content":false,"_jetpack_feature_clip_id":0,"_jetpack_memberships_contains_paid_content":false,"footnotes":"","jetpack_publicize_message":"{title}\n\n{excerpt}\n\n{url}","jetpack_publicize_feature_enabled":true,"jetpack_social_post_already_shared":true,"jetpack_social_options":{"image_generator_settings":{"template":"highway","default_image_id":0,"font":"","enabled":false},"version":2},"_wpas_customize_per_network":false,"jetpack_post_was_ever_published":false},"categories":[104],"tags":[],"class_list":["post-201348","post","type-post","status-publish","format-standard","has-post-thumbnail","hentry","category-cultura","generate-columns","tablet-grid-50","mobile-grid-100","grid-parent","grid-50"],"jetpack_publicize_connections":[],"wps_subtitle":"","jetpack_sharing_enabled":true,"jetpack_featured_media_url":"https:\/\/www.hoymercedes.com.ar\/principal\/wp-content\/uploads\/2026\/08\/b3b81841-2545-479f-b5d5-10b9543d2aba.jpg","_links":{"self":[{"href":"https:\/\/www.hoymercedes.com.ar\/principal\/wp-json\/wp\/v2\/posts\/201348","targetHints":{"allow":["GET"]}}],"collection":[{"href":"https:\/\/www.hoymercedes.com.ar\/principal\/wp-json\/wp\/v2\/posts"}],"about":[{"href":"https:\/\/www.hoymercedes.com.ar\/principal\/wp-json\/wp\/v2\/types\/post"}],"author":[{"embeddable":true,"href":"https:\/\/www.hoymercedes.com.ar\/principal\/wp-json\/wp\/v2\/users\/1"}],"replies":[{"embeddable":true,"href":"https:\/\/www.hoymercedes.com.ar\/principal\/wp-json\/wp\/v2\/comments?post=201348"}],"version-history":[{"count":1,"href":"https:\/\/www.hoymercedes.com.ar\/principal\/wp-json\/wp\/v2\/posts\/201348\/revisions"}],"predecessor-version":[{"id":201350,"href":"https:\/\/www.hoymercedes.com.ar\/principal\/wp-json\/wp\/v2\/posts\/201348\/revisions\/201350"}],"wp:featuredmedia":[{"embeddable":true,"href":"https:\/\/www.hoymercedes.com.ar\/principal\/wp-json\/wp\/v2\/media\/201349"}],"wp:attachment":[{"href":"https:\/\/www.hoymercedes.com.ar\/principal\/wp-json\/wp\/v2\/media?parent=201348"}],"wp:term":[{"taxonomy":"category","embeddable":true,"href":"https:\/\/www.hoymercedes.com.ar\/principal\/wp-json\/wp\/v2\/categories?post=201348"},{"taxonomy":"post_tag","embeddable":true,"href":"https:\/\/www.hoymercedes.com.ar\/principal\/wp-json\/wp\/v2\/tags?post=201348"}],"curies":[{"name":"wp","href":"https:\/\/api.w.org\/{rel}","templated":true}]}}