{"id":201355,"date":"2026-08-31T21:24:15","date_gmt":"2026-09-01T00:24:15","guid":{"rendered":"https:\/\/www.hoymercedes.com.ar\/principal\/?p=201355"},"modified":"2026-08-31T21:24:19","modified_gmt":"2026-09-01T00:24:19","slug":"un-olivo-por-la-paz-y-la-memoria-emotivo-acto-con-la-comunidad-palotina","status":"publish","type":"post","link":"https:\/\/www.hoymercedes.com.ar\/principal\/2026\/08\/31\/un-olivo-por-la-paz-y-la-memoria-emotivo-acto-con-la-comunidad-palotina\/","title":{"rendered":"Un olivo por la paz y la memoria: emotivo acto con la comunidad Palotina"},"content":{"rendered":"\n<figure class=\"wp-block-image size-large\"><img loading=\"lazy\" decoding=\"async\" width=\"1024\" height=\"768\" data-attachment-id=\"201356\" data-permalink=\"https:\/\/www.hoymercedes.com.ar\/principal\/2026\/08\/31\/un-olivo-por-la-paz-y-la-memoria-emotivo-acto-con-la-comunidad-palotina\/20260831_094547\/#main\" data-orig-file=\"https:\/\/www.hoymercedes.com.ar\/principal\/wp-content\/uploads\/2026\/08\/20260831_094547-scaled.jpg\" data-orig-size=\"2560,1920\" data-comments-opened=\"0\" data-image-title=\"Plantaci\u00f3n Olivo por la Paz\" data-image-description=\"&lt;p&gt;Plantaci\u00f3n Olivo por la Paz&lt;\/p&gt;\n\" data-image-caption=\"&lt;p&gt;Plantaci\u00f3n Olivo por la Paz&lt;\/p&gt;\n\" data-large-file=\"https:\/\/www.hoymercedes.com.ar\/principal\/wp-content\/uploads\/2026\/08\/20260831_094547-1024x768.jpg\" src=\"https:\/\/www.hoymercedes.com.ar\/principal\/wp-content\/uploads\/2026\/08\/20260831_094547-1024x768.jpg\" alt=\"\" class=\"wp-image-201356\" srcset=\"https:\/\/www.hoymercedes.com.ar\/principal\/wp-content\/uploads\/2026\/08\/20260831_094547-1024x768.jpg 1024w, https:\/\/www.hoymercedes.com.ar\/principal\/wp-content\/uploads\/2026\/08\/20260831_094547-630x473.jpg 630w, https:\/\/www.hoymercedes.com.ar\/principal\/wp-content\/uploads\/2026\/08\/20260831_094547-150x113.jpg 150w, https:\/\/www.hoymercedes.com.ar\/principal\/wp-content\/uploads\/2026\/08\/20260831_094547-1536x1152.jpg 1536w, https:\/\/www.hoymercedes.com.ar\/principal\/wp-content\/uploads\/2026\/08\/20260831_094547-2048x1536.jpg 2048w\" sizes=\"auto, (max-width: 1024px) 100vw, 1024px\" \/><\/figure>\n\n\n\n<p class=\"wp-block-paragraph\">En una emotiva jornada cargada de memoria, historia y compromiso comunitario, la comunidad del Colegio San Patricio de Mercedes llev\u00f3 a cabo la plantaci\u00f3n de un olivo y la inauguraci\u00f3n de un mural. La actividad cont\u00f3 con la presencia del intendente Juan I. Ustarroz y el senador Eduardo \u201cWado\u201d de Pedro.<\/p>\n\n\n\n<p class=\"wp-block-paragraph\">El encuentro tuvo un doble e hist\u00f3rico motivo de conmemoraci\u00f3n: los 140 a\u00f1os de la llegada de los primeros sacerdotes palotinos a la Argentina \u2014cuya primera fundaci\u00f3n tuvo lugar precisamente en Mercedes a fines de agosto de 1886\u2014 y el 50\u00b0 aniversario del martirio de los cinco religiosos palotinos asesinados el 4 de julio de 1976 en la Masacre de San Patricio.<\/p>\n\n\n\n<p class=\"wp-block-paragraph\">Actividad<br>La actividad cont\u00f3 con una destacada presencia institucional y comunitaria: participaron el senador nacional Eduardo \u00abWado\u00bb de Pedro; el intendente municipal Juan Ignacio Ustarroz; el secretario de Educaci\u00f3n, Jos\u00e9 Pisano; el responsable de Relaciones con la Comunidad, Fernando Mass\u00f3n; la coordinadora de Derechos Humanos, Mara Quiroga; el subsecretario de servicios p\u00fablicos Lu\u00eds Ponce, el director de espacios verdees Dario Taramasco, integrantes de la comunidad palotina y allegados como Silvia Fasce, Marcelo Heredia y Mabel Riveiro; directivos, docentes y alumnos de 4\u00b0, 5\u00b0 y 6\u00b0 a\u00f1o del Colegio San Patricio.<\/p>\n\n\n\n<figure class=\"wp-block-image size-large\"><img loading=\"lazy\" decoding=\"async\" width=\"1024\" height=\"682\" data-attachment-id=\"201357\" data-permalink=\"https:\/\/www.hoymercedes.com.ar\/principal\/2026\/08\/31\/un-olivo-por-la-paz-y-la-memoria-emotivo-acto-con-la-comunidad-palotina\/olivo-paz-plantacion\/#main\" data-orig-file=\"https:\/\/www.hoymercedes.com.ar\/principal\/wp-content\/uploads\/2026\/08\/Olivo-Paz-Plantacion.jpg\" data-orig-size=\"1319,879\" data-comments-opened=\"0\" data-image-title=\"Olivo-Paz-Plantacion\" data-image-description=\"\" data-image-caption=\"\" data-large-file=\"https:\/\/www.hoymercedes.com.ar\/principal\/wp-content\/uploads\/2026\/08\/Olivo-Paz-Plantacion-1024x682.jpg\" src=\"https:\/\/www.hoymercedes.com.ar\/principal\/wp-content\/uploads\/2026\/08\/Olivo-Paz-Plantacion-1024x682.jpg\" alt=\"\" class=\"wp-image-201357\" srcset=\"https:\/\/www.hoymercedes.com.ar\/principal\/wp-content\/uploads\/2026\/08\/Olivo-Paz-Plantacion-1024x682.jpg 1024w, https:\/\/www.hoymercedes.com.ar\/principal\/wp-content\/uploads\/2026\/08\/Olivo-Paz-Plantacion-630x420.jpg 630w, https:\/\/www.hoymercedes.com.ar\/principal\/wp-content\/uploads\/2026\/08\/Olivo-Paz-Plantacion-150x100.jpg 150w, https:\/\/www.hoymercedes.com.ar\/principal\/wp-content\/uploads\/2026\/08\/Olivo-Paz-Plantacion.jpg 1319w\" sizes=\"auto, (max-width: 1024px) 100vw, 1024px\" \/><\/figure>\n\n\n\n<p class=\"wp-block-paragraph\">Valor<br>Durante su alocuci\u00f3n, el Padre Pablo contextualiz\u00f3 el profundo valor identitario de este homenaje para la ciudad y la congregaci\u00f3n. Record\u00f3 que los actos por el medio siglo del martirio comenzaron en julio en el barrio porte\u00f1o de Belgrano y en el Congreso de la Naci\u00f3n, pero destac\u00f3 el arraigo local: \u201cMercedes fue el lugar donde se fund\u00f3 la primera comunidad palotina en el pa\u00eds hace 140 a\u00f1os. El olivo, s\u00edmbolo de paz, vida y esperanza, es un regalo de nuestra comunidad a la ciudad de Mercedes por habernos recibido desde 1886. Esta historia no es algo lejano; es memoria viva, hace a nuestra pertenencia y a nuestro tesoro institucional\u201d. El sacerdote agradeci\u00f3 tambi\u00e9n el respaldo municipal para la cesi\u00f3n del espacio y la provisi\u00f3n de materiales para el mural que los propios estudiantes pintaron durante los d\u00edas previos.<\/p>\n\n\n\n<p class=\"wp-block-paragraph\">Agradecimiento<br>Tras una bendici\u00f3n y oraci\u00f3n colectiva junto al \u00e1rbol reci\u00e9n plantado, el intendente Juan Ignacio Ustarroz \u2014exalumno de la instituci\u00f3n\u2014 agradeci\u00f3 la iniciativa y reflexion\u00f3 sobre la importancia de transmitir estos valores a las nuevas generaciones: \u201cMantener viva la llama de la memoria es fundamental. El \u2018Nunca M\u00e1s\u2019 del 83 naci\u00f3 para frenar la violencia extrema, pero esa violencia siempre empieza antes, con la descalificaci\u00f3n de la palabra y los discursos de odio. El olivo nos convoca a sembrar paz, di\u00e1logo, aceptaci\u00f3n de las diferencias y empat\u00eda comunitaria en tiempos complejos\u201d.<\/p>\n\n\n\n<p class=\"wp-block-paragraph\">Acto<br>El acto culmin\u00f3 con la participaci\u00f3n de funcionarios, docentes y alumnos, plantando el olivo en 16 y 21 y luego dirigi\u00e9ndose al mural realizado en calle 1 y 21, para colocar la tierra al pie del nuevo olivo, consolidando un espacio de recuerdo, historia compartida y reflexi\u00f3n en el coraz\u00f3n de la ciudad.<\/p>\n","protected":false},"excerpt":{"rendered":"<p>En una emotiva jornada cargada de memoria, historia y compromiso comunitario, la comunidad del Colegio San Patricio de Mercedes llev\u00f3 &#8230; <a title=\"Un olivo por la paz y la memoria: emotivo acto con la comunidad Palotina\" class=\"read-more\" href=\"https:\/\/www.hoymercedes.com.ar\/principal\/2026\/08\/31\/un-olivo-por-la-paz-y-la-memoria-emotivo-acto-con-la-comunidad-palotina\/\" aria-label=\"Leer m\u00e1s sobre Un olivo por la paz y la memoria: emotivo acto con la comunidad Palotina\">Leer m\u00e1s<\/a><\/p>\n","protected":false},"author":1,"featured_media":201356,"comment_status":"closed","ping_status":"open","sticky":false,"template":"","format":"standard","meta":{"_monsterinsights_skip_tracking":false,"_jetpack_newsletter_access":"","_jetpack_dont_email_post_to_subs":false,"_jetpack_newsletter_tier_id":0,"_jetpack_memberships_contains_paywalled_content":false,"_jetpack_feature_clip_id":0,"_jetpack_memberships_contains_paid_content":false,"footnotes":"","jetpack_publicize_message":"{title}\n\n{excerpt}\n\n{url}","jetpack_publicize_feature_enabled":true,"jetpack_social_post_already_shared":true,"jetpack_social_options":{"image_generator_settings":{"template":"highway","default_image_id":0,"font":"","enabled":false},"version":2},"_wpas_customize_per_network":false,"jetpack_post_was_ever_published":false},"categories":[23],"tags":[21359,21358,1424],"class_list":["post-201355","post","type-post","status-publish","format-standard","has-post-thumbnail","hentry","category-educacion","tag-comunidad-palotina","tag-olivo-por-la-paz","tag-san-patricio","generate-columns","tablet-grid-50","mobile-grid-100","grid-parent","grid-50"],"jetpack_publicize_connections":[],"wps_subtitle":"","jetpack_sharing_enabled":true,"jetpack_featured_media_url":"https:\/\/www.hoymercedes.com.ar\/principal\/wp-content\/uploads\/2026\/08\/20260831_094547-scaled.jpg","_links":{"self":[{"href":"https:\/\/www.hoymercedes.com.ar\/principal\/wp-json\/wp\/v2\/posts\/201355","targetHints":{"allow":["GET"]}}],"collection":[{"href":"https:\/\/www.hoymercedes.com.ar\/principal\/wp-json\/wp\/v2\/posts"}],"about":[{"href":"https:\/\/www.hoymercedes.com.ar\/principal\/wp-json\/wp\/v2\/types\/post"}],"author":[{"embeddable":true,"href":"https:\/\/www.hoymercedes.com.ar\/principal\/wp-json\/wp\/v2\/users\/1"}],"replies":[{"embeddable":true,"href":"https:\/\/www.hoymercedes.com.ar\/principal\/wp-json\/wp\/v2\/comments?post=201355"}],"version-history":[{"count":1,"href":"https:\/\/www.hoymercedes.com.ar\/principal\/wp-json\/wp\/v2\/posts\/201355\/revisions"}],"predecessor-version":[{"id":201358,"href":"https:\/\/www.hoymercedes.com.ar\/principal\/wp-json\/wp\/v2\/posts\/201355\/revisions\/201358"}],"wp:featuredmedia":[{"embeddable":true,"href":"https:\/\/www.hoymercedes.com.ar\/principal\/wp-json\/wp\/v2\/media\/201356"}],"wp:attachment":[{"href":"https:\/\/www.hoymercedes.com.ar\/principal\/wp-json\/wp\/v2\/media?parent=201355"}],"wp:term":[{"taxonomy":"category","embeddable":true,"href":"https:\/\/www.hoymercedes.com.ar\/principal\/wp-json\/wp\/v2\/categories?post=201355"},{"taxonomy":"post_tag","embeddable":true,"href":"https:\/\/www.hoymercedes.com.ar\/principal\/wp-json\/wp\/v2\/tags?post=201355"}],"curies":[{"name":"wp","href":"https:\/\/api.w.org\/{rel}","templated":true}]}}