{"id":201369,"date":"2026-09-01T18:56:12","date_gmt":"2026-09-01T21:56:12","guid":{"rendered":"https:\/\/www.hoymercedes.com.ar\/principal\/?p=201369"},"modified":"2026-09-01T19:01:07","modified_gmt":"2026-09-01T22:01:07","slug":"aprehendieron-en-chivilcoy-a-un-presunto-autor-de-robos-en-tres-comercios-de-suipacha","status":"publish","type":"post","link":"https:\/\/www.hoymercedes.com.ar\/principal\/2026\/09\/01\/aprehendieron-en-chivilcoy-a-un-presunto-autor-de-robos-en-tres-comercios-de-suipacha\/","title":{"rendered":"Aprehendieron en Chivilcoy a un presunto autor de robos en tres comercios de Suipacha"},"content":{"rendered":"\n<figure class=\"wp-block-image size-large\"><img loading=\"lazy\" decoding=\"async\" width=\"1024\" height=\"576\" data-attachment-id=\"201370\" data-permalink=\"https:\/\/www.hoymercedes.com.ar\/principal\/2026\/09\/01\/aprehendieron-en-chivilcoy-a-un-presunto-autor-de-robos-en-tres-comercios-de-suipacha\/image-1044\/#main\" data-orig-file=\"https:\/\/www.hoymercedes.com.ar\/principal\/wp-content\/uploads\/2026\/09\/image.png\" data-orig-size=\"1280,720\" data-comments-opened=\"0\" data-image-title=\"image\" data-image-description=\"\" data-image-caption=\"\" data-large-file=\"https:\/\/www.hoymercedes.com.ar\/principal\/wp-content\/uploads\/2026\/09\/image-1024x576.png\" src=\"https:\/\/www.hoymercedes.com.ar\/principal\/wp-content\/uploads\/2026\/09\/image-1024x576.png\" alt=\"\" class=\"wp-image-201370\" srcset=\"https:\/\/www.hoymercedes.com.ar\/principal\/wp-content\/uploads\/2026\/09\/image-1024x576.png 1024w, https:\/\/www.hoymercedes.com.ar\/principal\/wp-content\/uploads\/2026\/09\/image-150x84.png 150w, https:\/\/www.hoymercedes.com.ar\/principal\/wp-content\/uploads\/2026\/09\/image-630x354.png 630w, https:\/\/www.hoymercedes.com.ar\/principal\/wp-content\/uploads\/2026\/09\/image.png 1280w\" sizes=\"auto, (max-width: 1024px) 100vw, 1024px\" \/><\/figure>\n\n\n\n<p class=\"wp-block-paragraph\">Con informaci\u00f3n de La Raz\u00f3n de Chivilcoy. Un hombre de <strong>27 a\u00f1os<\/strong>, domiciliado en <strong>Chivilcoy<\/strong>, fue aprehendido por personal de la Polic\u00eda de Seguridad Comunal de Suipacha, acusado de haber participado en una secuencia de robos ocurrida en tres comercios ubicados a la vera de la <strong>Ruta Nacional 5<\/strong>.<\/p>\n\n\n\n<p class=\"wp-block-paragraph\">El hecho se registr\u00f3 durante la madrugada del domingo <strong>30 de agosto<\/strong>, luego de que el sospechoso asistiera a un evento familiar en Suipacha. Seg\u00fan la investigaci\u00f3n, tras retirarse del lugar habr\u00eda ingresado al corral\u00f3n <strong>San Lorenzo<\/strong>, al local de <strong>Insumos Metal\u00fargicos<\/strong>, perteneciente a Rionda Hnos. S.R.L., y a la parrilla <strong>Parador AIE<\/strong>.<\/p>\n\n\n\n<p class=\"wp-block-paragraph\"><strong>Los robos y la investigaci\u00f3n<\/strong><\/p>\n\n\n\n<p class=\"wp-block-paragraph\">En el primer comercio, el ingreso se habr\u00eda producido tras forzar una ventana. Luego, el sospechoso habr\u00eda violentado un ventiluz en el segundo local para sustraer distintos elementos.<\/p>\n\n\n\n<p class=\"wp-block-paragraph\">Finalmente, del Parador AIE habr\u00eda robado una <strong>computadora port\u00e1til<\/strong> y botellas de bebidas.<\/p>\n\n\n\n<p class=\"wp-block-paragraph\">El an\u00e1lisis de las c\u00e1maras de seguridad privadas aportadas por los comercios y del material registrado por el Centro de Monitoreo permiti\u00f3 orientar la investigaci\u00f3n e identificar al presunto autor, quien resid\u00eda en Chivilcoy.<\/p>\n\n\n\n<p class=\"wp-block-paragraph\"><strong>Allanamiento y secuestros<\/strong><\/p>\n\n\n\n<p class=\"wp-block-paragraph\">Con los elementos reunidos, la <strong>UFI N\u00b0 4 del Departamento Judicial Mercedes<\/strong> autoriz\u00f3 un allanamiento en el domicilio del imputado.<\/p>\n\n\n\n<p class=\"wp-block-paragraph\">Durante el procedimiento se secuestraron prendas de vestir y calzado que habr\u00eda utilizado al momento de los hechos, adem\u00e1s de parte de los objetos sustra\u00eddos y otros elementos vinculados con la causa.<\/p>\n\n\n\n<p class=\"wp-block-paragraph\">La identidad del aprehendido no fue difundida por razones legales. Seg\u00fan inform\u00f3 la Secretar\u00eda de Seguridad de Suipacha, posee antecedentes penales y permanece alojado en la comisar\u00eda local, imputado por los presuntos delitos de <strong>hurto y robo<\/strong>, a disposici\u00f3n de la Justicia.<\/p>\n","protected":false},"excerpt":{"rendered":"<p>Con informaci\u00f3n de La Raz\u00f3n de Chivilcoy. Un hombre de 27 a\u00f1os, domiciliado en Chivilcoy, fue aprehendido por personal de &#8230; <a title=\"Aprehendieron en Chivilcoy a un presunto autor de robos en tres comercios de Suipacha\" class=\"read-more\" href=\"https:\/\/www.hoymercedes.com.ar\/principal\/2026\/09\/01\/aprehendieron-en-chivilcoy-a-un-presunto-autor-de-robos-en-tres-comercios-de-suipacha\/\" aria-label=\"Leer m\u00e1s sobre Aprehendieron en Chivilcoy a un presunto autor de robos en tres comercios de Suipacha\">Leer m\u00e1s<\/a><\/p>\n","protected":false},"author":1,"featured_media":201370,"comment_status":"closed","ping_status":"open","sticky":false,"template":"","format":"standard","meta":{"_monsterinsights_skip_tracking":false,"_jetpack_newsletter_access":"","_jetpack_dont_email_post_to_subs":false,"_jetpack_newsletter_tier_id":0,"_jetpack_memberships_contains_paywalled_content":false,"_jetpack_feature_clip_id":0,"_jetpack_memberships_contains_paid_content":false,"footnotes":"","jetpack_publicize_message":"{title}\n\n{excerpt}\n\n{url}","jetpack_publicize_feature_enabled":true,"jetpack_social_post_already_shared":true,"jetpack_social_options":{"image_generator_settings":{"template":"highway","default_image_id":0,"font":"","enabled":false},"version":2},"_wpas_customize_per_network":false,"jetpack_post_was_ever_published":false},"categories":[85],"tags":[],"class_list":["post-201369","post","type-post","status-publish","format-standard","has-post-thumbnail","hentry","category-policial","generate-columns","tablet-grid-50","mobile-grid-100","grid-parent","grid-50"],"jetpack_publicize_connections":[],"wps_subtitle":"","jetpack_sharing_enabled":true,"jetpack_featured_media_url":"https:\/\/www.hoymercedes.com.ar\/principal\/wp-content\/uploads\/2026\/09\/image.png","_links":{"self":[{"href":"https:\/\/www.hoymercedes.com.ar\/principal\/wp-json\/wp\/v2\/posts\/201369","targetHints":{"allow":["GET"]}}],"collection":[{"href":"https:\/\/www.hoymercedes.com.ar\/principal\/wp-json\/wp\/v2\/posts"}],"about":[{"href":"https:\/\/www.hoymercedes.com.ar\/principal\/wp-json\/wp\/v2\/types\/post"}],"author":[{"embeddable":true,"href":"https:\/\/www.hoymercedes.com.ar\/principal\/wp-json\/wp\/v2\/users\/1"}],"replies":[{"embeddable":true,"href":"https:\/\/www.hoymercedes.com.ar\/principal\/wp-json\/wp\/v2\/comments?post=201369"}],"version-history":[{"count":2,"href":"https:\/\/www.hoymercedes.com.ar\/principal\/wp-json\/wp\/v2\/posts\/201369\/revisions"}],"predecessor-version":[{"id":201373,"href":"https:\/\/www.hoymercedes.com.ar\/principal\/wp-json\/wp\/v2\/posts\/201369\/revisions\/201373"}],"wp:featuredmedia":[{"embeddable":true,"href":"https:\/\/www.hoymercedes.com.ar\/principal\/wp-json\/wp\/v2\/media\/201370"}],"wp:attachment":[{"href":"https:\/\/www.hoymercedes.com.ar\/principal\/wp-json\/wp\/v2\/media?parent=201369"}],"wp:term":[{"taxonomy":"category","embeddable":true,"href":"https:\/\/www.hoymercedes.com.ar\/principal\/wp-json\/wp\/v2\/categories?post=201369"},{"taxonomy":"post_tag","embeddable":true,"href":"https:\/\/www.hoymercedes.com.ar\/principal\/wp-json\/wp\/v2\/tags?post=201369"}],"curies":[{"name":"wp","href":"https:\/\/api.w.org\/{rel}","templated":true}]}}