{"id":201374,"date":"2026-09-06T08:01:00","date_gmt":"2026-09-06T11:01:00","guid":{"rendered":"https:\/\/www.hoymercedes.com.ar\/principal\/?p=201374"},"modified":"2026-09-01T19:08:36","modified_gmt":"2026-09-01T22:08:36","slug":"casi-uno-de-cada-dos-trabajadores-esta-en-situacion-de-desproteccion-laboral","status":"publish","type":"post","link":"https:\/\/www.hoymercedes.com.ar\/principal\/2026\/09\/06\/casi-uno-de-cada-dos-trabajadores-esta-en-situacion-de-desproteccion-laboral\/","title":{"rendered":"Casi uno de cada dos trabajadores est\u00e1 en situaci\u00f3n de desprotecci\u00f3n laboral"},"content":{"rendered":"\n<figure class=\"wp-block-image size-full\"><img loading=\"lazy\" decoding=\"async\" width=\"750\" height=\"441\" data-attachment-id=\"201375\" data-permalink=\"https:\/\/www.hoymercedes.com.ar\/principal\/2026\/09\/06\/casi-uno-de-cada-dos-trabajadores-esta-en-situacion-de-desproteccion-laboral\/image-1045\/#main\" data-orig-file=\"https:\/\/www.hoymercedes.com.ar\/principal\/wp-content\/uploads\/2026\/09\/image-1.png\" data-orig-size=\"750,441\" data-comments-opened=\"0\" data-image-title=\"image\" data-image-description=\"\" data-image-caption=\"\" data-large-file=\"https:\/\/www.hoymercedes.com.ar\/principal\/wp-content\/uploads\/2026\/09\/image-1.png\" src=\"https:\/\/www.hoymercedes.com.ar\/principal\/wp-content\/uploads\/2026\/09\/image-1.png\" alt=\"\" class=\"wp-image-201375\" srcset=\"https:\/\/www.hoymercedes.com.ar\/principal\/wp-content\/uploads\/2026\/09\/image-1.png 750w, https:\/\/www.hoymercedes.com.ar\/principal\/wp-content\/uploads\/2026\/09\/image-1-150x88.png 150w, https:\/\/www.hoymercedes.com.ar\/principal\/wp-content\/uploads\/2026\/09\/image-1-630x370.png 630w\" sizes=\"auto, (max-width: 750px) 100vw, 750px\" \/><\/figure>\n\n\n\n<p class=\"wp-block-paragraph\">Un informe del <strong>Instituto Argentina Grande (IAG)<\/strong>, elaborado a partir de los microdatos de la <strong>Encuesta Permanente de Hogares (EPH)<\/strong> del INDEC correspondientes al primer trimestre de <strong>2026<\/strong>, revel\u00f3 que el <strong>45,2% de la poblaci\u00f3n ocupada<\/strong> se encuentra en condiciones de desprotecci\u00f3n laboral.<\/p>\n\n\n\n<p class=\"wp-block-paragraph\">El estudio advierte sobre el crecimiento del empleo precario. Entre <strong>2024 y 2026<\/strong> se crearon alrededor de <strong>626.000 puestos desprotegidos<\/strong>, mientras que se perdieron unos <strong>56.000 empleos privados protegidos<\/strong> y <strong>212.000 puestos p\u00fablicos<\/strong>.<\/p>\n\n\n\n<p class=\"wp-block-paragraph\"><strong>Un indicador m\u00e1s amplio que la informalidad<\/strong><\/p>\n\n\n\n<p class=\"wp-block-paragraph\">La soci\u00f3loga <strong>Candelaria Rueda<\/strong>, investigadora y coordinadora del \u00e1rea de Trabajo del IAG, explic\u00f3 que el concepto de desprotecci\u00f3n laboral no se limita al empleo informal. Tambi\u00e9n contempla factores como la <strong>estabilidad, la calificaci\u00f3n y el nivel de capital invertido<\/strong> en la actividad.<\/p>\n\n\n\n<p class=\"wp-block-paragraph\">Seg\u00fan se\u00f1al\u00f3, la proporci\u00f3n de personas ocupadas en changas y empleos de baja calidad pas\u00f3 del <strong>41% al 45%<\/strong> en los \u00faltimos dos a\u00f1os. La especialista afirm\u00f3 que se trata de un r\u00e9cord en la serie iniciada en <strong>2017<\/strong>, con un impacto especialmente fuerte entre los <strong>j\u00f3venes<\/strong> y los mayores de <strong>66 a\u00f1os<\/strong>.<\/p>\n\n\n\n<p class=\"wp-block-paragraph\"><strong>La p\u00e9rdida del empleo registrado<\/strong><\/p>\n\n\n\n<p class=\"wp-block-paragraph\">Rueda vincul\u00f3 el deterioro con la ca\u00edda sostenida del trabajo formal. En ese sentido, indic\u00f3 que ya se acumulan <strong>12 meses consecutivos de p\u00e9rdida de empleo privado registrado<\/strong>, de acuerdo con los datos oficiales del SIPA.<\/p>\n\n\n\n<p class=\"wp-block-paragraph\">La investigadora sostuvo que las personas que pierden sus puestos formales, en un contexto de endeudamiento familiar, suelen recurrir a ocupaciones de subsistencia, changas y empleos con escasa estabilidad.<\/p>\n\n\n\n<p class=\"wp-block-paragraph\">Tambi\u00e9n se refiri\u00f3 al denominado <strong>\u201cdesempleo blue\u201d o desempleo encubierto<\/strong>, que no aparece reflejado en la tasa oficial del INDEC, ubicada en <strong>7,8%<\/strong>. Se trata de personas que trabajan pocas horas en empleos precarios mientras buscan activamente otra ocupaci\u00f3n.<\/p>\n\n\n\n<p class=\"wp-block-paragraph\"><strong>Qu\u00e9 sectores podr\u00edan generar empleo<\/strong><\/p>\n\n\n\n<p class=\"wp-block-paragraph\">Como posible salida, Rueda plante\u00f3 la necesidad de impulsar actividades con alta demanda de mano de obra, como la <strong>industria, la construcci\u00f3n y el comercio<\/strong>, junto con una pol\u00edtica de ingresos que permita recuperar el consumo interno.<\/p>\n\n\n\n<p class=\"wp-block-paragraph\">La especialista cuestion\u00f3 la expectativa de que un \u00fanico sector pueda resolver la situaci\u00f3n laboral del pa\u00eds y sostuvo que proyectos vinculados con <strong>Vaca Muerta<\/strong>, la miner\u00eda y el petr\u00f3leo, aunque incrementen las exportaciones y el valor agregado, no necesariamente generan puestos suficientes para el conjunto de la poblaci\u00f3n.<\/p>\n\n\n\n<p class=\"wp-block-paragraph\">Finalmente, expres\u00f3 preocupaci\u00f3n por el retroceso de la participaci\u00f3n de los j\u00f3venes en el mercado laboral formal y advirti\u00f3 que esa tendencia representa una se\u00f1al negativa para sus perspectivas de futuro.<\/p>\n","protected":false},"excerpt":{"rendered":"<p>Un informe del Instituto Argentina Grande (IAG), elaborado a partir de los microdatos de la Encuesta Permanente de Hogares (EPH) &#8230; <a title=\"Casi uno de cada dos trabajadores est\u00e1 en situaci\u00f3n de desprotecci\u00f3n laboral\" class=\"read-more\" href=\"https:\/\/www.hoymercedes.com.ar\/principal\/2026\/09\/06\/casi-uno-de-cada-dos-trabajadores-esta-en-situacion-de-desproteccion-laboral\/\" aria-label=\"Leer m\u00e1s sobre Casi uno de cada dos trabajadores est\u00e1 en situaci\u00f3n de desprotecci\u00f3n laboral\">Leer m\u00e1s<\/a><\/p>\n","protected":false},"author":1,"featured_media":201375,"comment_status":"closed","ping_status":"open","sticky":false,"template":"","format":"standard","meta":{"_monsterinsights_skip_tracking":false,"_jetpack_newsletter_access":"","_jetpack_dont_email_post_to_subs":false,"_jetpack_newsletter_tier_id":0,"_jetpack_memberships_contains_paywalled_content":false,"_jetpack_feature_clip_id":0,"_jetpack_memberships_contains_paid_content":false,"footnotes":"","jetpack_publicize_message":"{title}\n\n{excerpt}\n\n{url}","jetpack_publicize_feature_enabled":true,"jetpack_social_post_already_shared":true,"jetpack_social_options":{"image_generator_settings":{"template":"highway","default_image_id":0,"font":"","enabled":false},"version":2},"_wpas_customize_per_network":false,"jetpack_post_was_ever_published":false},"categories":[8],"tags":[],"class_list":["post-201374","post","type-post","status-publish","format-standard","has-post-thumbnail","hentry","category-sociedad","generate-columns","tablet-grid-50","mobile-grid-100","grid-parent","grid-50"],"jetpack_publicize_connections":[],"wps_subtitle":"","jetpack_sharing_enabled":true,"jetpack_featured_media_url":"https:\/\/www.hoymercedes.com.ar\/principal\/wp-content\/uploads\/2026\/09\/image-1.png","_links":{"self":[{"href":"https:\/\/www.hoymercedes.com.ar\/principal\/wp-json\/wp\/v2\/posts\/201374","targetHints":{"allow":["GET"]}}],"collection":[{"href":"https:\/\/www.hoymercedes.com.ar\/principal\/wp-json\/wp\/v2\/posts"}],"about":[{"href":"https:\/\/www.hoymercedes.com.ar\/principal\/wp-json\/wp\/v2\/types\/post"}],"author":[{"embeddable":true,"href":"https:\/\/www.hoymercedes.com.ar\/principal\/wp-json\/wp\/v2\/users\/1"}],"replies":[{"embeddable":true,"href":"https:\/\/www.hoymercedes.com.ar\/principal\/wp-json\/wp\/v2\/comments?post=201374"}],"version-history":[{"count":1,"href":"https:\/\/www.hoymercedes.com.ar\/principal\/wp-json\/wp\/v2\/posts\/201374\/revisions"}],"predecessor-version":[{"id":201376,"href":"https:\/\/www.hoymercedes.com.ar\/principal\/wp-json\/wp\/v2\/posts\/201374\/revisions\/201376"}],"wp:featuredmedia":[{"embeddable":true,"href":"https:\/\/www.hoymercedes.com.ar\/principal\/wp-json\/wp\/v2\/media\/201375"}],"wp:attachment":[{"href":"https:\/\/www.hoymercedes.com.ar\/principal\/wp-json\/wp\/v2\/media?parent=201374"}],"wp:term":[{"taxonomy":"category","embeddable":true,"href":"https:\/\/www.hoymercedes.com.ar\/principal\/wp-json\/wp\/v2\/categories?post=201374"},{"taxonomy":"post_tag","embeddable":true,"href":"https:\/\/www.hoymercedes.com.ar\/principal\/wp-json\/wp\/v2\/tags?post=201374"}],"curies":[{"name":"wp","href":"https:\/\/api.w.org\/{rel}","templated":true}]}}