{"id":201377,"date":"2026-09-03T08:09:00","date_gmt":"2026-09-03T11:09:00","guid":{"rendered":"https:\/\/www.hoymercedes.com.ar\/principal\/?p=201377"},"modified":"2026-09-01T19:12:38","modified_gmt":"2026-09-01T22:12:38","slug":"enganaron-a-un-fletero-de-bragado-para-trasladar-herramientas-robadas-y-aprehendieron-a-dos-personas","status":"publish","type":"post","link":"https:\/\/www.hoymercedes.com.ar\/principal\/2026\/09\/03\/enganaron-a-un-fletero-de-bragado-para-trasladar-herramientas-robadas-y-aprehendieron-a-dos-personas\/","title":{"rendered":"Enga\u00f1aron a un fletero de Bragado para trasladar herramientas robadas y aprehendieron a dos personas"},"content":{"rendered":"\n<figure class=\"wp-block-image size-large\"><img loading=\"lazy\" decoding=\"async\" width=\"971\" height=\"1024\" data-attachment-id=\"201379\" data-permalink=\"https:\/\/www.hoymercedes.com.ar\/principal\/2026\/09\/03\/enganaron-a-un-fletero-de-bragado-para-trasladar-herramientas-robadas-y-aprehendieron-a-dos-personas\/chatgpt-image-1-sept-2026-19_11_49\/#main\" data-orig-file=\"https:\/\/www.hoymercedes.com.ar\/principal\/wp-content\/uploads\/2026\/09\/ChatGPT-Image-1-sept-2026-19_11_49.png\" data-orig-size=\"1221,1288\" data-comments-opened=\"0\" data-image-title=\"ChatGPT Image 1 sept 2026, 19_11_49\" data-image-description=\"\" data-image-caption=\"\" data-large-file=\"https:\/\/www.hoymercedes.com.ar\/principal\/wp-content\/uploads\/2026\/09\/ChatGPT-Image-1-sept-2026-19_11_49-971x1024.png\" src=\"https:\/\/www.hoymercedes.com.ar\/principal\/wp-content\/uploads\/2026\/09\/ChatGPT-Image-1-sept-2026-19_11_49-971x1024.png\" alt=\"\" class=\"wp-image-201379\" srcset=\"https:\/\/www.hoymercedes.com.ar\/principal\/wp-content\/uploads\/2026\/09\/ChatGPT-Image-1-sept-2026-19_11_49-971x1024.png 971w, https:\/\/www.hoymercedes.com.ar\/principal\/wp-content\/uploads\/2026\/09\/ChatGPT-Image-1-sept-2026-19_11_49-142x150.png 142w, https:\/\/www.hoymercedes.com.ar\/principal\/wp-content\/uploads\/2026\/09\/ChatGPT-Image-1-sept-2026-19_11_49-588x620.png 588w, https:\/\/www.hoymercedes.com.ar\/principal\/wp-content\/uploads\/2026\/09\/ChatGPT-Image-1-sept-2026-19_11_49.png 1221w\" sizes=\"auto, (max-width: 971px) 100vw, 971px\" \/><\/figure>\n\n\n\n<p class=\"wp-block-paragraph\">La Polic\u00eda Comunal de <strong>Alberti<\/strong> esclareci\u00f3 una estafa y dos hechos en grado de tentativa cometidos contra una ferreter\u00eda de esa localidad. Por el caso fueron aprehendidas dos personas en <strong>9 de Julio<\/strong>, mientras contin\u00faa la investigaci\u00f3n para determinar si hubo m\u00e1s involucrados.<\/p>\n\n\n\n<p class=\"wp-block-paragraph\">La maniobra habr\u00eda comenzado durante la madrugada del domingo <strong>30 de agosto<\/strong>, cuando los sospechosos se hicieron pasar por autoridades locales para realizar pedidos de herramientas. De esa manera, un fletero de <strong>Bragado<\/strong> fue enga\u00f1ado y traslad\u00f3 hasta 9 de Julio un <strong>compresor, una soldadora y una hidrolavadora<\/strong>, sin conocer el origen de los elementos.<\/p>\n\n\n\n<p class=\"wp-block-paragraph\"><strong>La investigaci\u00f3n y el operativo<\/strong><\/p>\n\n\n\n<p class=\"wp-block-paragraph\">A partir del an\u00e1lisis de c\u00e1maras de seguridad y otras tareas investigativas, la Polic\u00eda identific\u00f3 una <strong>camioneta Renault Express roja<\/strong> vinculada con los hechos.<\/p>\n\n\n\n<p class=\"wp-block-paragraph\">Cuando los presuntos autores volvieron a solicitar una herramienta, esta vez una hidrolavadora, los investigadores montaron un operativo encubierto en 9 de Julio. En ese procedimiento fue aprehendida <strong>Norma Haydee Demasi<\/strong>, a quien le secuestraron dinero y un tel\u00e9fono celular.<\/p>\n\n\n\n<p class=\"wp-block-paragraph\">Tambi\u00e9n fue interceptado <strong>Alejandro Osuna<\/strong>, quien conduc\u00eda la Renault Express y se dirig\u00eda a retirar la mercader\u00eda.<\/p>\n\n\n\n<p class=\"wp-block-paragraph\"><strong>Herramientas recuperadas<\/strong><\/p>\n\n\n\n<p class=\"wp-block-paragraph\">Con autorizaci\u00f3n judicial, se allan\u00f3 posteriormente el domicilio de Demasi. All\u00ed se secuestraron un <strong>compresor KLD de 100 litros y 2,5 HP<\/strong> y una <strong>soldadora Salcor MIG 180 AM<\/strong>.<\/p>\n\n\n\n<p class=\"wp-block-paragraph\">Ambos elementos fueron reconocidos y restituidos a la propietaria de la ferreter\u00eda damnificada.<\/p>\n\n\n\n<p class=\"wp-block-paragraph\">Los dos aprehendidos quedaron a disposici\u00f3n de la <strong>UFI N\u00b0 4 del Departamento Judicial Mercedes<\/strong>, donde deber\u00e1n prestar declaraci\u00f3n indagatoria, imputados por los presuntos delitos de <strong>hurto y robo<\/strong>.<\/p>\n\n\n\n<p class=\"wp-block-paragraph\">Desde la investigaci\u00f3n se\u00f1alaron que podr\u00eda haber m\u00e1s personas involucradas, algunas de ellas con v\u00ednculos familiares con Demasi y actualmente detenidas en una unidad penitenciaria de Jun\u00edn.<\/p>\n","protected":false},"excerpt":{"rendered":"<p>La Polic\u00eda Comunal de Alberti esclareci\u00f3 una estafa y dos hechos en grado de tentativa cometidos contra una ferreter\u00eda de &#8230; <a title=\"Enga\u00f1aron a un fletero de Bragado para trasladar herramientas robadas y aprehendieron a dos personas\" class=\"read-more\" href=\"https:\/\/www.hoymercedes.com.ar\/principal\/2026\/09\/03\/enganaron-a-un-fletero-de-bragado-para-trasladar-herramientas-robadas-y-aprehendieron-a-dos-personas\/\" aria-label=\"Leer m\u00e1s sobre Enga\u00f1aron a un fletero de Bragado para trasladar herramientas robadas y aprehendieron a dos personas\">Leer m\u00e1s<\/a><\/p>\n","protected":false},"author":1,"featured_media":201379,"comment_status":"closed","ping_status":"open","sticky":false,"template":"","format":"standard","meta":{"_monsterinsights_skip_tracking":false,"_jetpack_newsletter_access":"","_jetpack_dont_email_post_to_subs":false,"_jetpack_newsletter_tier_id":0,"_jetpack_memberships_contains_paywalled_content":false,"_jetpack_feature_clip_id":0,"_jetpack_memberships_contains_paid_content":false,"footnotes":"","jetpack_publicize_message":"{title}\n\n{excerpt}\n\n{url}","jetpack_publicize_feature_enabled":true,"jetpack_social_post_already_shared":true,"jetpack_social_options":{"image_generator_settings":{"template":"highway","default_image_id":0,"font":"","enabled":false},"version":2},"_wpas_customize_per_network":false,"jetpack_post_was_ever_published":false},"categories":[85],"tags":[],"class_list":["post-201377","post","type-post","status-publish","format-standard","has-post-thumbnail","hentry","category-policial","generate-columns","tablet-grid-50","mobile-grid-100","grid-parent","grid-50"],"jetpack_publicize_connections":[],"wps_subtitle":"","jetpack_sharing_enabled":true,"jetpack_featured_media_url":"https:\/\/www.hoymercedes.com.ar\/principal\/wp-content\/uploads\/2026\/09\/ChatGPT-Image-1-sept-2026-19_11_49.png","_links":{"self":[{"href":"https:\/\/www.hoymercedes.com.ar\/principal\/wp-json\/wp\/v2\/posts\/201377","targetHints":{"allow":["GET"]}}],"collection":[{"href":"https:\/\/www.hoymercedes.com.ar\/principal\/wp-json\/wp\/v2\/posts"}],"about":[{"href":"https:\/\/www.hoymercedes.com.ar\/principal\/wp-json\/wp\/v2\/types\/post"}],"author":[{"embeddable":true,"href":"https:\/\/www.hoymercedes.com.ar\/principal\/wp-json\/wp\/v2\/users\/1"}],"replies":[{"embeddable":true,"href":"https:\/\/www.hoymercedes.com.ar\/principal\/wp-json\/wp\/v2\/comments?post=201377"}],"version-history":[{"count":1,"href":"https:\/\/www.hoymercedes.com.ar\/principal\/wp-json\/wp\/v2\/posts\/201377\/revisions"}],"predecessor-version":[{"id":201380,"href":"https:\/\/www.hoymercedes.com.ar\/principal\/wp-json\/wp\/v2\/posts\/201377\/revisions\/201380"}],"wp:featuredmedia":[{"embeddable":true,"href":"https:\/\/www.hoymercedes.com.ar\/principal\/wp-json\/wp\/v2\/media\/201379"}],"wp:attachment":[{"href":"https:\/\/www.hoymercedes.com.ar\/principal\/wp-json\/wp\/v2\/media?parent=201377"}],"wp:term":[{"taxonomy":"category","embeddable":true,"href":"https:\/\/www.hoymercedes.com.ar\/principal\/wp-json\/wp\/v2\/categories?post=201377"},{"taxonomy":"post_tag","embeddable":true,"href":"https:\/\/www.hoymercedes.com.ar\/principal\/wp-json\/wp\/v2\/tags?post=201377"}],"curies":[{"name":"wp","href":"https:\/\/api.w.org\/{rel}","templated":true}]}}