{"id":201381,"date":"2026-09-03T09:14:00","date_gmt":"2026-09-03T12:14:00","guid":{"rendered":"https:\/\/www.hoymercedes.com.ar\/principal\/?p=201381"},"modified":"2026-09-01T19:15:00","modified_gmt":"2026-09-01T22:15:00","slug":"la-legislatura-bonaerense-aprobo-la-adhesion-al-regimen-federal-de-empleo-protegido","status":"publish","type":"post","link":"https:\/\/www.hoymercedes.com.ar\/principal\/2026\/09\/03\/la-legislatura-bonaerense-aprobo-la-adhesion-al-regimen-federal-de-empleo-protegido\/","title":{"rendered":"La Legislatura bonaerense aprob\u00f3 la adhesi\u00f3n al R\u00e9gimen Federal de Empleo Protegido"},"content":{"rendered":"\n<figure class=\"wp-block-image size-large\"><img loading=\"lazy\" decoding=\"async\" width=\"1024\" height=\"683\" data-attachment-id=\"201382\" data-permalink=\"https:\/\/www.hoymercedes.com.ar\/principal\/2026\/09\/03\/la-legislatura-bonaerense-aprobo-la-adhesion-al-regimen-federal-de-empleo-protegido\/image-1047\/#main\" data-orig-file=\"https:\/\/www.hoymercedes.com.ar\/principal\/wp-content\/uploads\/2026\/09\/image-3.png\" data-orig-size=\"1068,712\" data-comments-opened=\"0\" data-image-title=\"image\" data-image-description=\"\" data-image-caption=\"\" data-large-file=\"https:\/\/www.hoymercedes.com.ar\/principal\/wp-content\/uploads\/2026\/09\/image-3-1024x683.png\" src=\"https:\/\/www.hoymercedes.com.ar\/principal\/wp-content\/uploads\/2026\/09\/image-3-1024x683.png\" alt=\"\" class=\"wp-image-201382\" srcset=\"https:\/\/www.hoymercedes.com.ar\/principal\/wp-content\/uploads\/2026\/09\/image-3-1024x683.png 1024w, https:\/\/www.hoymercedes.com.ar\/principal\/wp-content\/uploads\/2026\/09\/image-3-150x100.png 150w, https:\/\/www.hoymercedes.com.ar\/principal\/wp-content\/uploads\/2026\/09\/image-3-630x420.png 630w, https:\/\/www.hoymercedes.com.ar\/principal\/wp-content\/uploads\/2026\/09\/image-3.png 1068w\" sizes=\"auto, (max-width: 1024px) 100vw, 1024px\" \/><\/figure>\n\n\n\n<p class=\"wp-block-paragraph\">La Legislatura de la provincia de Buenos Aires sancion\u00f3 por unanimidad la adhesi\u00f3n al <strong>R\u00e9gimen Federal de Empleo Protegido para Personas con Discapacidad<\/strong>, una norma que busca fortalecer las oportunidades laborales y las condiciones de trabajo para este sector.<\/p>\n\n\n\n<p class=\"wp-block-paragraph\">La iniciativa recibi\u00f3 el respaldo un\u00e1nime de ambas c\u00e1maras y responde a un reclamo impulsado por trabajadores, familias y entidades vinculadas con la formaci\u00f3n e inserci\u00f3n laboral en la provincia.<\/p>\n\n\n\n<p class=\"wp-block-paragraph\"><strong>Impulso legislativo y acompa\u00f1amiento institucional<\/strong><\/p>\n\n\n\n<p class=\"wp-block-paragraph\">El proyecto fue promovido en el Senado por la legisladora <strong>N\u00e9lida Neumann<\/strong> y presentado en la C\u00e1mara de Diputados por <strong>Marga Recalde<\/strong>. Su tratamiento cont\u00f3 con el acompa\u00f1amiento de la <strong>Federaci\u00f3n de Talleres Protegidos de la Provincia de Buenos Aires (FETAP)<\/strong>.<\/p>\n\n\n\n<p class=\"wp-block-paragraph\">La entidad acerc\u00f3 al debate la situaci\u00f3n de los talleres protegidos que funcionan en distintos municipios bonaerenses.<\/p>\n\n\n\n<p class=\"wp-block-paragraph\">El presidente de FETAP, <strong>Dar\u00edo Corrao<\/strong>, sostuvo que la aprobaci\u00f3n representa \u201cun logro colectivo\u201d construido entre las organizaciones, los trabajadores, sus familias y los legisladores que acompa\u00f1aron el reclamo.<\/p>\n\n\n\n<p class=\"wp-block-paragraph\"><strong>El desaf\u00edo de la implementaci\u00f3n<\/strong><\/p>\n\n\n\n<p class=\"wp-block-paragraph\">Corrao se\u00f1al\u00f3 que la sanci\u00f3n legislativa abre una nueva etapa, centrada en la aplicaci\u00f3n de pol\u00edticas p\u00fablicas que fortalezcan el funcionamiento cotidiano de los talleres protegidos.<\/p>\n\n\n\n<p class=\"wp-block-paragraph\">En ese sentido, plante\u00f3 la necesidad de generar <strong>nuevas oportunidades laborales<\/strong>, garantizar condiciones dignas y transformar el reconocimiento legal en herramientas concretas para promover la autonom\u00eda y la inclusi\u00f3n de las personas con discapacidad.<\/p>\n","protected":false},"excerpt":{"rendered":"<p>La Legislatura de la provincia de Buenos Aires sancion\u00f3 por unanimidad la adhesi\u00f3n al R\u00e9gimen Federal de Empleo Protegido para &#8230; <a title=\"La Legislatura bonaerense aprob\u00f3 la adhesi\u00f3n al R\u00e9gimen Federal de Empleo Protegido\" class=\"read-more\" href=\"https:\/\/www.hoymercedes.com.ar\/principal\/2026\/09\/03\/la-legislatura-bonaerense-aprobo-la-adhesion-al-regimen-federal-de-empleo-protegido\/\" aria-label=\"Leer m\u00e1s sobre La Legislatura bonaerense aprob\u00f3 la adhesi\u00f3n al R\u00e9gimen Federal de Empleo Protegido\">Leer m\u00e1s<\/a><\/p>\n","protected":false},"author":1,"featured_media":201382,"comment_status":"closed","ping_status":"open","sticky":false,"template":"","format":"standard","meta":{"_monsterinsights_skip_tracking":false,"_jetpack_newsletter_access":"","_jetpack_dont_email_post_to_subs":false,"_jetpack_newsletter_tier_id":0,"_jetpack_memberships_contains_paywalled_content":false,"_jetpack_feature_clip_id":0,"_jetpack_memberships_contains_paid_content":false,"footnotes":"","jetpack_publicize_message":"{title}\n\n{excerpt}\n\n{url}","jetpack_publicize_feature_enabled":true,"jetpack_social_post_already_shared":true,"jetpack_social_options":{"image_generator_settings":{"template":"highway","default_image_id":0,"font":"","enabled":false},"version":2},"_wpas_customize_per_network":false,"jetpack_post_was_ever_published":false},"categories":[8],"tags":[],"class_list":["post-201381","post","type-post","status-publish","format-standard","has-post-thumbnail","hentry","category-sociedad","generate-columns","tablet-grid-50","mobile-grid-100","grid-parent","grid-50"],"jetpack_publicize_connections":[],"wps_subtitle":"","jetpack_sharing_enabled":true,"jetpack_featured_media_url":"https:\/\/www.hoymercedes.com.ar\/principal\/wp-content\/uploads\/2026\/09\/image-3.png","_links":{"self":[{"href":"https:\/\/www.hoymercedes.com.ar\/principal\/wp-json\/wp\/v2\/posts\/201381","targetHints":{"allow":["GET"]}}],"collection":[{"href":"https:\/\/www.hoymercedes.com.ar\/principal\/wp-json\/wp\/v2\/posts"}],"about":[{"href":"https:\/\/www.hoymercedes.com.ar\/principal\/wp-json\/wp\/v2\/types\/post"}],"author":[{"embeddable":true,"href":"https:\/\/www.hoymercedes.com.ar\/principal\/wp-json\/wp\/v2\/users\/1"}],"replies":[{"embeddable":true,"href":"https:\/\/www.hoymercedes.com.ar\/principal\/wp-json\/wp\/v2\/comments?post=201381"}],"version-history":[{"count":1,"href":"https:\/\/www.hoymercedes.com.ar\/principal\/wp-json\/wp\/v2\/posts\/201381\/revisions"}],"predecessor-version":[{"id":201383,"href":"https:\/\/www.hoymercedes.com.ar\/principal\/wp-json\/wp\/v2\/posts\/201381\/revisions\/201383"}],"wp:featuredmedia":[{"embeddable":true,"href":"https:\/\/www.hoymercedes.com.ar\/principal\/wp-json\/wp\/v2\/media\/201382"}],"wp:attachment":[{"href":"https:\/\/www.hoymercedes.com.ar\/principal\/wp-json\/wp\/v2\/media?parent=201381"}],"wp:term":[{"taxonomy":"category","embeddable":true,"href":"https:\/\/www.hoymercedes.com.ar\/principal\/wp-json\/wp\/v2\/categories?post=201381"},{"taxonomy":"post_tag","embeddable":true,"href":"https:\/\/www.hoymercedes.com.ar\/principal\/wp-json\/wp\/v2\/tags?post=201381"}],"curies":[{"name":"wp","href":"https:\/\/api.w.org\/{rel}","templated":true}]}}