{"id":201384,"date":"2026-09-01T21:20:00","date_gmt":"2026-09-02T00:20:00","guid":{"rendered":"https:\/\/www.hoymercedes.com.ar\/principal\/?p=201384"},"modified":"2026-09-01T21:23:08","modified_gmt":"2026-09-02T00:23:08","slug":"flandria-vencio-a-san-martin-de-burzaco-y-tomo-distancia-de-la-zona-baja-video","status":"publish","type":"post","link":"https:\/\/www.hoymercedes.com.ar\/principal\/2026\/09\/01\/flandria-vencio-a-san-martin-de-burzaco-y-tomo-distancia-de-la-zona-baja-video\/","title":{"rendered":"Flandria venci\u00f3 a San Mart\u00edn de Burzaco y tom\u00f3 distancia de la zona baja (video)"},"content":{"rendered":"\n<figure class=\"wp-block-image size-full\"><img decoding=\"async\" src=\"https:\/\/www.hoymercedes.com.ar\/principal\/wp-content\/uploads\/2026\/09\/image-4.png\" alt=\"\" class=\"wp-image-201385\"\/><\/figure>\n\n\n\n<p class=\"wp-block-paragraph\">Flandria consigui\u00f3 una victoria clave al derrotar <strong>2-0 a San Mart\u00edn de Burzaco<\/strong> en el estadio <strong>Carlos V<\/strong> y ampli\u00f3 a <strong>siete puntos<\/strong> su ventaja sobre UAI Urquiza en la lucha por alejarse de los \u00faltimos puestos.<\/p>\n\n\n\n<p class=\"wp-block-paragraph\">El partido se disput\u00f3 este domingo <strong>30 de agosto<\/strong>, por una nueva fecha del campeonato de <strong>Primera B Metropolitana<\/strong>. El equipo de J\u00e1uregui lleg\u00f3 al encuentro despu\u00e9s de conocer las derrotas de <strong>Ituzaing\u00f3<\/strong> y UAI Urquiza.<\/p>\n\n\n\n<p class=\"wp-block-paragraph\"><strong>Los goles del Canario<\/strong><\/p>\n\n\n\n<p class=\"wp-block-paragraph\">El conjunto dirigido por <strong>Jes\u00fas D\u00edaz<\/strong> se puso en ventaja luego de una infracci\u00f3n sobre Alexis Dul\u00f3n dentro del \u00e1rea. El arquero <strong>Carlos Morel<\/strong> ejecut\u00f3 el penal y marc\u00f3 el <strong>1-0<\/strong>.<\/p>\n\n\n\n<p class=\"wp-block-paragraph\">Sobre la media hora de juego, <strong>Mart\u00edn L\u00f3pez<\/strong> ampli\u00f3 la diferencia con un cabezazo tras un tiro de esquina. El arquero visitante reclam\u00f3 una supuesta posici\u00f3n adelantada, pero el tanto fue convalidado.<\/p>\n\n\n\n<p class=\"wp-block-paragraph\">En el segundo tiempo, Flandria control\u00f3 el desarrollo y tuvo oportunidades para marcar el tercer gol. San Mart\u00edn de Burzaco no logr\u00f3 inquietar seriamente al arquero Morel y el local termin\u00f3 asegurando tres puntos importantes.<\/p>\n\n\n\n<p class=\"wp-block-paragraph\">Con esta victoria, el Canario tom\u00f3 aire en la pelea por escapar de la zona comprometida de la tabla.<\/p>\n\n\n\n<figure class=\"wp-block-video\"><video height=\"768\" style=\"aspect-ratio: 576 \/ 768;\" width=\"576\" controls src=\"https:\/\/www.hoymercedes.com.ar\/principal\/wp-content\/uploads\/2026\/09\/\ud83d\udd1cPrimera-B-Fecha-33\ud83d\udc49\ud83c\udffb-@csydflandria-2-0-@clubsanmartindeburzaco-\ud83d\udcf7-@tinchoperez1606-Staff-.mp4\"><\/video><\/figure>\n","protected":false},"excerpt":{"rendered":"<p>Flandria consigui\u00f3 una victoria clave al derrotar 2-0 a San Mart\u00edn de Burzaco en el estadio Carlos V y ampli\u00f3 &#8230; <a title=\"Flandria venci\u00f3 a San Mart\u00edn de Burzaco y tom\u00f3 distancia de la zona baja (video)\" class=\"read-more\" href=\"https:\/\/www.hoymercedes.com.ar\/principal\/2026\/09\/01\/flandria-vencio-a-san-martin-de-burzaco-y-tomo-distancia-de-la-zona-baja-video\/\" aria-label=\"Leer m\u00e1s sobre Flandria venci\u00f3 a San Mart\u00edn de Burzaco y tom\u00f3 distancia de la zona baja (video)\">Leer m\u00e1s<\/a><\/p>\n","protected":false},"author":1,"featured_media":201415,"comment_status":"closed","ping_status":"open","sticky":false,"template":"","format":"standard","meta":{"_monsterinsights_skip_tracking":false,"_jetpack_newsletter_access":"","_jetpack_dont_email_post_to_subs":false,"_jetpack_newsletter_tier_id":0,"_jetpack_memberships_contains_paywalled_content":false,"_jetpack_feature_clip_id":0,"_jetpack_memberships_contains_paid_content":false,"footnotes":"","jetpack_publicize_message":"{title}\n\n{excerpt}\n\n{url}","jetpack_publicize_feature_enabled":true,"jetpack_social_post_already_shared":true,"jetpack_social_options":{"image_generator_settings":{"template":"highway","default_image_id":0,"font":"","enabled":false},"version":2},"_wpas_customize_per_network":false,"jetpack_post_was_ever_published":false},"categories":[21],"tags":[],"class_list":["post-201384","post","type-post","status-publish","format-standard","has-post-thumbnail","hentry","category-deportes","generate-columns","tablet-grid-50","mobile-grid-100","grid-parent","grid-50"],"jetpack_publicize_connections":[],"wps_subtitle":"","jetpack_sharing_enabled":true,"jetpack_featured_media_url":"https:\/\/www.hoymercedes.com.ar\/principal\/wp-content\/uploads\/2026\/09\/image-4.png","_links":{"self":[{"href":"https:\/\/www.hoymercedes.com.ar\/principal\/wp-json\/wp\/v2\/posts\/201384","targetHints":{"allow":["GET"]}}],"collection":[{"href":"https:\/\/www.hoymercedes.com.ar\/principal\/wp-json\/wp\/v2\/posts"}],"about":[{"href":"https:\/\/www.hoymercedes.com.ar\/principal\/wp-json\/wp\/v2\/types\/post"}],"author":[{"embeddable":true,"href":"https:\/\/www.hoymercedes.com.ar\/principal\/wp-json\/wp\/v2\/users\/1"}],"replies":[{"embeddable":true,"href":"https:\/\/www.hoymercedes.com.ar\/principal\/wp-json\/wp\/v2\/comments?post=201384"}],"version-history":[{"count":1,"href":"https:\/\/www.hoymercedes.com.ar\/principal\/wp-json\/wp\/v2\/posts\/201384\/revisions"}],"predecessor-version":[{"id":201388,"href":"https:\/\/www.hoymercedes.com.ar\/principal\/wp-json\/wp\/v2\/posts\/201384\/revisions\/201388"}],"wp:attachment":[{"href":"https:\/\/www.hoymercedes.com.ar\/principal\/wp-json\/wp\/v2\/media?parent=201384"}],"wp:term":[{"taxonomy":"category","embeddable":true,"href":"https:\/\/www.hoymercedes.com.ar\/principal\/wp-json\/wp\/v2\/categories?post=201384"},{"taxonomy":"post_tag","embeddable":true,"href":"https:\/\/www.hoymercedes.com.ar\/principal\/wp-json\/wp\/v2\/tags?post=201384"}],"curies":[{"name":"wp","href":"https:\/\/api.w.org\/{rel}","templated":true}]}}