{"id":201389,"date":"2026-09-02T11:24:00","date_gmt":"2026-09-02T14:24:00","guid":{"rendered":"https:\/\/www.hoymercedes.com.ar\/principal\/?p=201389"},"modified":"2026-09-01T19:25:50","modified_gmt":"2026-09-01T22:25:50","slug":"allanaron-dos-viviendas-en-lujan-y-secuestraron-droga-un-arma-y-municiones","status":"publish","type":"post","link":"https:\/\/www.hoymercedes.com.ar\/principal\/2026\/09\/02\/allanaron-dos-viviendas-en-lujan-y-secuestraron-droga-un-arma-y-municiones\/","title":{"rendered":"Allanaron dos viviendas en Luj\u00e1n y secuestraron droga, un arma y municiones"},"content":{"rendered":"\n<figure class=\"wp-block-image size-large\"><img loading=\"lazy\" decoding=\"async\" width=\"1024\" height=\"576\" data-attachment-id=\"201390\" data-permalink=\"https:\/\/www.hoymercedes.com.ar\/principal\/2026\/09\/02\/allanaron-dos-viviendas-en-lujan-y-secuestraron-droga-un-arma-y-municiones\/image-1050\/#main\" data-orig-file=\"https:\/\/www.hoymercedes.com.ar\/principal\/wp-content\/uploads\/2026\/09\/image-6.png\" data-orig-size=\"1600,900\" data-comments-opened=\"0\" data-image-title=\"image\" data-image-description=\"\" data-image-caption=\"\" data-large-file=\"https:\/\/www.hoymercedes.com.ar\/principal\/wp-content\/uploads\/2026\/09\/image-6-1024x576.png\" src=\"https:\/\/www.hoymercedes.com.ar\/principal\/wp-content\/uploads\/2026\/09\/image-6-1024x576.png\" alt=\"\" class=\"wp-image-201390\" srcset=\"https:\/\/www.hoymercedes.com.ar\/principal\/wp-content\/uploads\/2026\/09\/image-6-1024x576.png 1024w, https:\/\/www.hoymercedes.com.ar\/principal\/wp-content\/uploads\/2026\/09\/image-6-150x84.png 150w, https:\/\/www.hoymercedes.com.ar\/principal\/wp-content\/uploads\/2026\/09\/image-6-630x354.png 630w, https:\/\/www.hoymercedes.com.ar\/principal\/wp-content\/uploads\/2026\/09\/image-6-1536x864.png 1536w, https:\/\/www.hoymercedes.com.ar\/principal\/wp-content\/uploads\/2026\/09\/image-6.png 1600w\" sizes=\"auto, (max-width: 1024px) 100vw, 1024px\" \/><\/figure>\n\n\n\n<p class=\"wp-block-paragraph\">Personal de la <strong>Delegaci\u00f3n Departamental de Investigaciones del Tr\u00e1fico de Drogas Il\u00edcitas Mercedes<\/strong> realiz\u00f3 dos allanamientos en el barrio <strong>San Jorge<\/strong>, en el marco de una investigaci\u00f3n por presunta comercializaci\u00f3n de estupefacientes.<\/p>\n\n\n\n<p class=\"wp-block-paragraph\">Durante los procedimientos se secuestraron m\u00e1s de <strong>110 dosis de coca\u00edna<\/strong>, <strong>222 gramos de marihuana<\/strong>, un <strong>rev\u00f3lver calibre .22<\/strong>, municiones, dinero en efectivo y distintos elementos vinculados con el fraccionamiento y la venta de drogas.<\/p>\n\n\n\n<p class=\"wp-block-paragraph\">Como resultado del operativo, una mujer fue aprehendida y un hombre qued\u00f3 detenido. Sobre este \u00faltimo pesaba adem\u00e1s un <strong>pedido de captura vigente por homicidio agravado en grado de tentativa<\/strong>.<\/p>\n\n\n\n<p class=\"wp-block-paragraph\"><strong>Los elementos incautados<\/strong><\/p>\n\n\n\n<p class=\"wp-block-paragraph\">El primer allanamiento se realiz\u00f3 en una vivienda de <strong>Palo Borracho, entre Los Lotos y Los Ceibos<\/strong>. All\u00ed se encontraron las dosis de coca\u00edna fraccionadas y listas para su comercializaci\u00f3n, un trozo compacto de marihuana, el arma de fuego con municiones, tel\u00e9fonos celulares, dinero y una balanza de precisi\u00f3n.<\/p>\n\n\n\n<p class=\"wp-block-paragraph\">En el segundo domicilio, ubicado sobre <strong>Palo Borracho, entre Los Lirios y Los Claveles<\/strong>, los efectivos secuestraron celulares, recortes de nylon que ser\u00edan compatibles con el fraccionamiento de sustancias y otros elementos de inter\u00e9s para la causa.<\/p>\n\n\n\n<p class=\"wp-block-paragraph\">Los investigados fueron identificados con las iniciales <strong>Santiago A. y Natalia M.<\/strong>, ambos mayores de edad.<\/p>\n\n\n\n<p class=\"wp-block-paragraph\"><strong>Intervenci\u00f3n del Grupo Halc\u00f3n<\/strong><\/p>\n\n\n\n<p class=\"wp-block-paragraph\">El procedimiento cont\u00f3 con apoyo t\u00e1ctico de la <strong>Direcci\u00f3n Grupo Halc\u00f3n<\/strong>, debido a que el hombre investigado habr\u00eda sido observado portando armas de fuego en la v\u00eda p\u00fablica y tendr\u00eda un perfil conflictivo en el barrio.<\/p>\n\n\n\n<p class=\"wp-block-paragraph\">La fiscal\u00eda dispuso la aprehensi\u00f3n de la mujer y la detenci\u00f3n del hombre, imputados por <strong>tenencia de estupefacientes con fines de comercializaci\u00f3n<\/strong>. El detenido tambi\u00e9n qued\u00f3 a disposici\u00f3n de la Justicia por la causa relacionada con el pedido de captura.<\/p>\n\n\n\n<p class=\"wp-block-paragraph\">El operativo se realiz\u00f3 en el marco de las tareas de prevenci\u00f3n e investigaci\u00f3n de <strong>Luj\u00e1n Alerta 24<\/strong>.<\/p>\n","protected":false},"excerpt":{"rendered":"<p>Personal de la Delegaci\u00f3n Departamental de Investigaciones del Tr\u00e1fico de Drogas Il\u00edcitas Mercedes realiz\u00f3 dos allanamientos en el barrio San &#8230; <a title=\"Allanaron dos viviendas en Luj\u00e1n y secuestraron droga, un arma y municiones\" class=\"read-more\" href=\"https:\/\/www.hoymercedes.com.ar\/principal\/2026\/09\/02\/allanaron-dos-viviendas-en-lujan-y-secuestraron-droga-un-arma-y-municiones\/\" aria-label=\"Leer m\u00e1s sobre Allanaron dos viviendas en Luj\u00e1n y secuestraron droga, un arma y municiones\">Leer m\u00e1s<\/a><\/p>\n","protected":false},"author":1,"featured_media":201390,"comment_status":"closed","ping_status":"open","sticky":false,"template":"","format":"standard","meta":{"_monsterinsights_skip_tracking":false,"_jetpack_newsletter_access":"","_jetpack_dont_email_post_to_subs":false,"_jetpack_newsletter_tier_id":0,"_jetpack_memberships_contains_paywalled_content":false,"_jetpack_feature_clip_id":0,"_jetpack_memberships_contains_paid_content":false,"footnotes":"","jetpack_publicize_message":"{title}\n\n{excerpt}\n\n{url}","jetpack_publicize_feature_enabled":true,"jetpack_social_post_already_shared":true,"jetpack_social_options":{"image_generator_settings":{"template":"highway","default_image_id":0,"font":"","enabled":false},"version":2},"_wpas_customize_per_network":false,"jetpack_post_was_ever_published":false},"categories":[85],"tags":[],"class_list":["post-201389","post","type-post","status-publish","format-standard","has-post-thumbnail","hentry","category-policial","generate-columns","tablet-grid-50","mobile-grid-100","grid-parent","grid-50"],"jetpack_publicize_connections":[],"wps_subtitle":"","jetpack_sharing_enabled":true,"jetpack_featured_media_url":"https:\/\/www.hoymercedes.com.ar\/principal\/wp-content\/uploads\/2026\/09\/image-6.png","_links":{"self":[{"href":"https:\/\/www.hoymercedes.com.ar\/principal\/wp-json\/wp\/v2\/posts\/201389","targetHints":{"allow":["GET"]}}],"collection":[{"href":"https:\/\/www.hoymercedes.com.ar\/principal\/wp-json\/wp\/v2\/posts"}],"about":[{"href":"https:\/\/www.hoymercedes.com.ar\/principal\/wp-json\/wp\/v2\/types\/post"}],"author":[{"embeddable":true,"href":"https:\/\/www.hoymercedes.com.ar\/principal\/wp-json\/wp\/v2\/users\/1"}],"replies":[{"embeddable":true,"href":"https:\/\/www.hoymercedes.com.ar\/principal\/wp-json\/wp\/v2\/comments?post=201389"}],"version-history":[{"count":1,"href":"https:\/\/www.hoymercedes.com.ar\/principal\/wp-json\/wp\/v2\/posts\/201389\/revisions"}],"predecessor-version":[{"id":201391,"href":"https:\/\/www.hoymercedes.com.ar\/principal\/wp-json\/wp\/v2\/posts\/201389\/revisions\/201391"}],"wp:featuredmedia":[{"embeddable":true,"href":"https:\/\/www.hoymercedes.com.ar\/principal\/wp-json\/wp\/v2\/media\/201390"}],"wp:attachment":[{"href":"https:\/\/www.hoymercedes.com.ar\/principal\/wp-json\/wp\/v2\/media?parent=201389"}],"wp:term":[{"taxonomy":"category","embeddable":true,"href":"https:\/\/www.hoymercedes.com.ar\/principal\/wp-json\/wp\/v2\/categories?post=201389"},{"taxonomy":"post_tag","embeddable":true,"href":"https:\/\/www.hoymercedes.com.ar\/principal\/wp-json\/wp\/v2\/tags?post=201389"}],"curies":[{"name":"wp","href":"https:\/\/api.w.org\/{rel}","templated":true}]}}