{"id":201392,"date":"2026-09-03T10:00:00","date_gmt":"2026-09-03T13:00:00","guid":{"rendered":"https:\/\/www.hoymercedes.com.ar\/principal\/?p=201392"},"modified":"2026-09-01T19:31:40","modified_gmt":"2026-09-01T22:31:40","slug":"asaltaron-a-un-matrimonio-de-adultos-mayores-en-lujan-y-huyeron-con-objetos-de-su-vivienda","status":"publish","type":"post","link":"https:\/\/www.hoymercedes.com.ar\/principal\/2026\/09\/03\/asaltaron-a-un-matrimonio-de-adultos-mayores-en-lujan-y-huyeron-con-objetos-de-su-vivienda\/","title":{"rendered":"Asaltaron a un matrimonio de adultos mayores en Luj\u00e1n y huyeron con objetos de su vivienda"},"content":{"rendered":"\n<figure class=\"wp-block-image size-large\"><img loading=\"lazy\" decoding=\"async\" width=\"1024\" height=\"539\" data-attachment-id=\"201393\" data-permalink=\"https:\/\/www.hoymercedes.com.ar\/principal\/2026\/09\/03\/asaltaron-a-un-matrimonio-de-adultos-mayores-en-lujan-y-huyeron-con-objetos-de-su-vivienda\/image-1051\/#main\" data-orig-file=\"https:\/\/www.hoymercedes.com.ar\/principal\/wp-content\/uploads\/2026\/09\/image-7.png\" data-orig-size=\"1600,842\" data-comments-opened=\"0\" data-image-title=\"image\" data-image-description=\"\" data-image-caption=\"\" data-large-file=\"https:\/\/www.hoymercedes.com.ar\/principal\/wp-content\/uploads\/2026\/09\/image-7-1024x539.png\" src=\"https:\/\/www.hoymercedes.com.ar\/principal\/wp-content\/uploads\/2026\/09\/image-7-1024x539.png\" alt=\"\" class=\"wp-image-201393\" srcset=\"https:\/\/www.hoymercedes.com.ar\/principal\/wp-content\/uploads\/2026\/09\/image-7-1024x539.png 1024w, https:\/\/www.hoymercedes.com.ar\/principal\/wp-content\/uploads\/2026\/09\/image-7-150x79.png 150w, https:\/\/www.hoymercedes.com.ar\/principal\/wp-content\/uploads\/2026\/09\/image-7-630x332.png 630w, https:\/\/www.hoymercedes.com.ar\/principal\/wp-content\/uploads\/2026\/09\/image-7-1536x808.png 1536w, https:\/\/www.hoymercedes.com.ar\/principal\/wp-content\/uploads\/2026\/09\/image-7.png 1600w\" sizes=\"auto, (max-width: 1024px) 100vw, 1024px\" \/><\/figure>\n\n\n\n<p class=\"wp-block-paragraph\">Un matrimonio de <strong>88 y 86 a\u00f1os<\/strong> fue v\u00edctima de un violento asalto ocurrido el s\u00e1bado por la tarde en una vivienda de <strong>calle 25 de Mayo al 1400<\/strong>, en Luj\u00e1n.<\/p>\n\n\n\n<p class=\"wp-block-paragraph\">El hecho se produjo alrededor de las <strong>17:30<\/strong>, cuando entre tres y cuatro delincuentes habr\u00edan ingresado al domicilio por la parte trasera. Aunque la propiedad contaba con c\u00e1maras de seguridad exteriores, rejas y otras medidas de protecci\u00f3n, los sospechosos lograron entrar.<\/p>\n\n\n\n<p class=\"wp-block-paragraph\"><strong>Violencia contra las v\u00edctimas<\/strong><\/p>\n\n\n\n<p class=\"wp-block-paragraph\">Durante el robo, los adultos mayores fueron golpeados. La mujer sufri\u00f3 lesiones en el rostro y un golpe que le provoc\u00f3 una herida en el tabique nasal, mientras que el hombre termin\u00f3 con una <strong>fractura en una de sus piernas<\/strong>.<\/p>\n\n\n\n<p class=\"wp-block-paragraph\">Los asaltantes habr\u00edan reunido distintos objetos y los cargaron en el autom\u00f3vil de las v\u00edctimas. Sin embargo, la activaci\u00f3n de la alarma impidi\u00f3 que pudieran llevarse el veh\u00edculo, que qued\u00f3 dentro del garaje con parte del bot\u00edn en su interior.<\/p>\n\n\n\n<p class=\"wp-block-paragraph\">Finalmente, escaparon con algunos objetos de valor y, posiblemente, dinero en efectivo.<\/p>\n\n\n\n<p class=\"wp-block-paragraph\"><strong>Una posible v\u00eda de ingreso<\/strong><\/p>\n\n\n\n<p class=\"wp-block-paragraph\">Los investigadores analizan si los delincuentes utilizaron como acceso un lote y una vivienda deshabitada ubicados en inmediaciones de <strong>calle G\u00fcemes al 700<\/strong>, desde donde habr\u00edan llegado hasta el patio del domicilio.<\/p>\n\n\n\n<p class=\"wp-block-paragraph\">La mujer, a\u00fan conmocionada por lo ocurrido, resumi\u00f3 su estado tras el ataque: \u201cEstamos con vida. Nada m\u00e1s\u201d.<\/p>\n\n\n\n<p class=\"wp-block-paragraph\">Seg\u00fan trascendi\u00f3, pocos d\u00edas antes una de las hijas del matrimonio tambi\u00e9n habr\u00eda sufrido un robo en su vivienda. Hasta el cierre del informe no se hab\u00edan difundido detalles oficiales sobre el avance de la investigaci\u00f3n ni sobre la identificaci\u00f3n de los responsables.<\/p>\n","protected":false},"excerpt":{"rendered":"<p>Un matrimonio de 88 y 86 a\u00f1os fue v\u00edctima de un violento asalto ocurrido el s\u00e1bado por la tarde en &#8230; <a title=\"Asaltaron a un matrimonio de adultos mayores en Luj\u00e1n y huyeron con objetos de su vivienda\" class=\"read-more\" href=\"https:\/\/www.hoymercedes.com.ar\/principal\/2026\/09\/03\/asaltaron-a-un-matrimonio-de-adultos-mayores-en-lujan-y-huyeron-con-objetos-de-su-vivienda\/\" aria-label=\"Leer m\u00e1s sobre Asaltaron a un matrimonio de adultos mayores en Luj\u00e1n y huyeron con objetos de su vivienda\">Leer m\u00e1s<\/a><\/p>\n","protected":false},"author":1,"featured_media":201393,"comment_status":"closed","ping_status":"open","sticky":false,"template":"","format":"standard","meta":{"_monsterinsights_skip_tracking":false,"_jetpack_newsletter_access":"","_jetpack_dont_email_post_to_subs":false,"_jetpack_newsletter_tier_id":0,"_jetpack_memberships_contains_paywalled_content":false,"_jetpack_feature_clip_id":0,"_jetpack_memberships_contains_paid_content":false,"footnotes":"","jetpack_publicize_message":"{title}\n\n{excerpt}\n\n{url}","jetpack_publicize_feature_enabled":true,"jetpack_social_post_already_shared":true,"jetpack_social_options":{"image_generator_settings":{"template":"highway","default_image_id":0,"font":"","enabled":false},"version":2},"_wpas_customize_per_network":false,"jetpack_post_was_ever_published":false},"categories":[85],"tags":[],"class_list":["post-201392","post","type-post","status-publish","format-standard","has-post-thumbnail","hentry","category-policial","generate-columns","tablet-grid-50","mobile-grid-100","grid-parent","grid-50"],"jetpack_publicize_connections":[],"wps_subtitle":"","jetpack_sharing_enabled":true,"jetpack_featured_media_url":"https:\/\/www.hoymercedes.com.ar\/principal\/wp-content\/uploads\/2026\/09\/image-7.png","_links":{"self":[{"href":"https:\/\/www.hoymercedes.com.ar\/principal\/wp-json\/wp\/v2\/posts\/201392","targetHints":{"allow":["GET"]}}],"collection":[{"href":"https:\/\/www.hoymercedes.com.ar\/principal\/wp-json\/wp\/v2\/posts"}],"about":[{"href":"https:\/\/www.hoymercedes.com.ar\/principal\/wp-json\/wp\/v2\/types\/post"}],"author":[{"embeddable":true,"href":"https:\/\/www.hoymercedes.com.ar\/principal\/wp-json\/wp\/v2\/users\/1"}],"replies":[{"embeddable":true,"href":"https:\/\/www.hoymercedes.com.ar\/principal\/wp-json\/wp\/v2\/comments?post=201392"}],"version-history":[{"count":1,"href":"https:\/\/www.hoymercedes.com.ar\/principal\/wp-json\/wp\/v2\/posts\/201392\/revisions"}],"predecessor-version":[{"id":201394,"href":"https:\/\/www.hoymercedes.com.ar\/principal\/wp-json\/wp\/v2\/posts\/201392\/revisions\/201394"}],"wp:featuredmedia":[{"embeddable":true,"href":"https:\/\/www.hoymercedes.com.ar\/principal\/wp-json\/wp\/v2\/media\/201393"}],"wp:attachment":[{"href":"https:\/\/www.hoymercedes.com.ar\/principal\/wp-json\/wp\/v2\/media?parent=201392"}],"wp:term":[{"taxonomy":"category","embeddable":true,"href":"https:\/\/www.hoymercedes.com.ar\/principal\/wp-json\/wp\/v2\/categories?post=201392"},{"taxonomy":"post_tag","embeddable":true,"href":"https:\/\/www.hoymercedes.com.ar\/principal\/wp-json\/wp\/v2\/tags?post=201392"}],"curies":[{"name":"wp","href":"https:\/\/api.w.org\/{rel}","templated":true}]}}