{"id":201395,"date":"2026-09-04T08:31:00","date_gmt":"2026-09-04T11:31:00","guid":{"rendered":"https:\/\/www.hoymercedes.com.ar\/principal\/?p=201395"},"modified":"2026-09-01T19:36:07","modified_gmt":"2026-09-01T22:36:07","slug":"lujan-prepara-un-estricto-operativo-de-control-para-el-desfile-tradicionalista","status":"publish","type":"post","link":"https:\/\/www.hoymercedes.com.ar\/principal\/2026\/09\/04\/lujan-prepara-un-estricto-operativo-de-control-para-el-desfile-tradicionalista\/","title":{"rendered":"Luj\u00e1n prepara un estricto operativo de control para el Desfile Tradicionalista"},"content":{"rendered":"\n<figure class=\"wp-block-image size-large\"><img loading=\"lazy\" decoding=\"async\" width=\"1024\" height=\"682\" data-attachment-id=\"201396\" data-permalink=\"https:\/\/www.hoymercedes.com.ar\/principal\/2026\/09\/04\/lujan-prepara-un-estricto-operativo-de-control-para-el-desfile-tradicionalista\/image-1052\/#main\" data-orig-file=\"https:\/\/www.hoymercedes.com.ar\/principal\/wp-content\/uploads\/2026\/09\/image-8.png\" data-orig-size=\"1600,1066\" data-comments-opened=\"0\" data-image-title=\"image\" data-image-description=\"\" data-image-caption=\"\" data-large-file=\"https:\/\/www.hoymercedes.com.ar\/principal\/wp-content\/uploads\/2026\/09\/image-8-1024x682.png\" src=\"https:\/\/www.hoymercedes.com.ar\/principal\/wp-content\/uploads\/2026\/09\/image-8-1024x682.png\" alt=\"\" class=\"wp-image-201396\" srcset=\"https:\/\/www.hoymercedes.com.ar\/principal\/wp-content\/uploads\/2026\/09\/image-8-1024x682.png 1024w, https:\/\/www.hoymercedes.com.ar\/principal\/wp-content\/uploads\/2026\/09\/image-8-150x100.png 150w, https:\/\/www.hoymercedes.com.ar\/principal\/wp-content\/uploads\/2026\/09\/image-8-630x420.png 630w, https:\/\/www.hoymercedes.com.ar\/principal\/wp-content\/uploads\/2026\/09\/image-8-1536x1023.png 1536w, https:\/\/www.hoymercedes.com.ar\/principal\/wp-content\/uploads\/2026\/09\/image-8.png 1600w\" sizes=\"auto, (max-width: 1024px) 100vw, 1024px\" \/><\/figure>\n\n\n\n<p class=\"wp-block-paragraph\">El Municipio de <strong>Luj\u00e1n<\/strong> anunci\u00f3 las condiciones que deber\u00e1n cumplir las agrupaciones y los caballos que participen del <strong>Desfile Tradicionalista<\/strong>, previsto para el <strong>domingo 27 de septiembre<\/strong> sobre la avenida Nuestra Se\u00f1ora de Luj\u00e1n, en el marco del evento <strong>\u201cLuj\u00e1n es Tradici\u00f3n\u201d<\/strong>.<\/p>\n\n\n\n<p class=\"wp-block-paragraph\">La participaci\u00f3n de equinos quedar\u00e1 limitada exclusivamente al desfile oficial y estar\u00e1 sujeta a controles sanitarios, veterinarios, administrativos, de tr\u00e1nsito y seguridad.<\/p>\n\n\n\n<p class=\"wp-block-paragraph\"><strong>Solo podr\u00e1n participar agrupaciones registradas<\/strong><\/p>\n\n\n\n<p class=\"wp-block-paragraph\">Las personas que formen parte del desfile deber\u00e1n hacerlo como integrantes de una agrupaci\u00f3n tradicionalista previamente inscripta y habilitada. No se admitir\u00e1n participaciones individuales por fuera de ese esquema.<\/p>\n\n\n\n<p class=\"wp-block-paragraph\">Los caballos deber\u00e1n estar identificados y contar con la documentaci\u00f3n sanitaria correspondiente. Tambi\u00e9n ser\u00e1 obligatorio acreditar el predio habilitado donde permanecer\u00e1n alojados durante su estad\u00eda en Luj\u00e1n.<\/p>\n\n\n\n<p class=\"wp-block-paragraph\">El ingreso de las agrupaciones al partido estar\u00e1 permitido desde el <strong>jueves 24 de septiembre a las 12<\/strong>, a trav\u00e9s de los siguientes accesos:<\/p>\n\n\n\n<ul class=\"wp-block-list\">\n<li><strong>Ruta 6 y Haras San Pablo<\/strong>.<\/li>\n\n\n\n<li><strong>Ruta 47 y Pascual Simone<\/strong>.<\/li>\n\n\n\n<li><strong>Teresa Mastellone y ex Ruta 7<\/strong>.<\/li>\n\n\n\n<li><strong>Autopista del Oeste y bajada del Zoo<\/strong>.<\/li>\n<\/ul>\n\n\n\n<p class=\"wp-block-paragraph\">En esos puntos deber\u00e1n presentar la constancia de inscripci\u00f3n, documentaci\u00f3n sanitaria vigente de los animales y comprobantes del predio autorizado.<\/p>\n\n\n\n<p class=\"wp-block-paragraph\"><strong>Requisitos para el traslado<\/strong><\/p>\n\n\n\n<p class=\"wp-block-paragraph\">Los veh\u00edculos utilizados para transportar equinos deber\u00e1n estar habilitados para el traslado de animales vivos y contar con la documentaci\u00f3n obligatoria. Tambi\u00e9n se exigir\u00e1 la licencia correspondiente a los conductores.<\/p>\n\n\n\n<p class=\"wp-block-paragraph\">Los caballos deber\u00e1n ser trasladados en <strong>trailers, batanes, jaulas u otros veh\u00edculos autorizados<\/strong>, en condiciones adecuadas para preservar su seguridad y bienestar.<\/p>\n\n\n\n<p class=\"wp-block-paragraph\">Entre la documentaci\u00f3n requerida se incluyen el <strong>Documento para el Tr\u00e1nsito Electr\u00f3nico (DT-e)<\/strong> o la documentaci\u00f3n sanitaria equina correspondiente, la Libreta Sanitaria Equina, certificados de anemia infecciosa equina y vacunaci\u00f3n.<\/p>\n\n\n\n<p class=\"wp-block-paragraph\"><strong>Exclusi\u00f3n de carros informales<\/strong><\/p>\n\n\n\n<p class=\"wp-block-paragraph\">El nuevo esquema mantiene la exclusi\u00f3n de los <strong>carreros y carros informales de tracci\u00f3n a sangre<\/strong>, incluidos aquellos con ruedas de goma.<\/p>\n\n\n\n<p class=\"wp-block-paragraph\">Desde el Municipio se\u00f1alaron que la modificaci\u00f3n de la tradicional Peregrinaci\u00f3n a Caballo comenz\u00f3 a implementarse en <strong>2021<\/strong>, debido al crecimiento de la convocatoria, las extensas distancias recorridas por los animales y la falta de una organizaci\u00f3n centralizada.<\/p>\n\n\n\n<p class=\"wp-block-paragraph\"><strong>Controles durante el evento<\/strong><\/p>\n\n\n\n<p class=\"wp-block-paragraph\">Desde las primeras horas del domingo se desplegar\u00e1 un operativo integral en los accesos y distintos sectores de la ciudad. Participar\u00e1n la <strong>Polic\u00eda Bonaerense, Polic\u00eda Vial, Comando de Patrulla Rural, Gendarmer\u00eda Nacional, Agencia Nacional de Seguridad Vial, SENASA<\/strong> y \u00e1reas municipales.<\/p>\n\n\n\n<p class=\"wp-block-paragraph\">Tambi\u00e9n intervendr\u00e1n profesionales veterinarios para verificar las condiciones de los animales y el cumplimiento de las pautas establecidas.<\/p>\n\n\n\n<p class=\"wp-block-paragraph\">El incumplimiento de las disposiciones podr\u00e1 derivar en actuaciones administrativas, multas y el <strong>secuestro preventivo de animales o veh\u00edculos de tracci\u00f3n a sangre<\/strong>. En situaciones que pudieran constituir maltrato o crueldad animal, se dar\u00e1 intervenci\u00f3n a las autoridades competentes.<\/p>\n","protected":false},"excerpt":{"rendered":"<p>El Municipio de Luj\u00e1n anunci\u00f3 las condiciones que deber\u00e1n cumplir las agrupaciones y los caballos que participen del Desfile Tradicionalista, &#8230; <a title=\"Luj\u00e1n prepara un estricto operativo de control para el Desfile Tradicionalista\" class=\"read-more\" href=\"https:\/\/www.hoymercedes.com.ar\/principal\/2026\/09\/04\/lujan-prepara-un-estricto-operativo-de-control-para-el-desfile-tradicionalista\/\" aria-label=\"Leer m\u00e1s sobre Luj\u00e1n prepara un estricto operativo de control para el Desfile Tradicionalista\">Leer m\u00e1s<\/a><\/p>\n","protected":false},"author":1,"featured_media":201396,"comment_status":"closed","ping_status":"open","sticky":false,"template":"","format":"standard","meta":{"_monsterinsights_skip_tracking":false,"_jetpack_newsletter_access":"","_jetpack_dont_email_post_to_subs":false,"_jetpack_newsletter_tier_id":0,"_jetpack_memberships_contains_paywalled_content":false,"_jetpack_feature_clip_id":0,"_jetpack_memberships_contains_paid_content":false,"footnotes":"","jetpack_publicize_message":"{title}\n\n{excerpt}\n\n{url}","jetpack_publicize_feature_enabled":true,"jetpack_social_post_already_shared":true,"jetpack_social_options":{"image_generator_settings":{"template":"highway","default_image_id":0,"font":"","enabled":false},"version":2},"_wpas_customize_per_network":false,"jetpack_post_was_ever_published":false},"categories":[8],"tags":[],"class_list":["post-201395","post","type-post","status-publish","format-standard","has-post-thumbnail","hentry","category-sociedad","generate-columns","tablet-grid-50","mobile-grid-100","grid-parent","grid-50"],"jetpack_publicize_connections":[],"wps_subtitle":"","jetpack_sharing_enabled":true,"jetpack_featured_media_url":"https:\/\/www.hoymercedes.com.ar\/principal\/wp-content\/uploads\/2026\/09\/image-8.png","_links":{"self":[{"href":"https:\/\/www.hoymercedes.com.ar\/principal\/wp-json\/wp\/v2\/posts\/201395","targetHints":{"allow":["GET"]}}],"collection":[{"href":"https:\/\/www.hoymercedes.com.ar\/principal\/wp-json\/wp\/v2\/posts"}],"about":[{"href":"https:\/\/www.hoymercedes.com.ar\/principal\/wp-json\/wp\/v2\/types\/post"}],"author":[{"embeddable":true,"href":"https:\/\/www.hoymercedes.com.ar\/principal\/wp-json\/wp\/v2\/users\/1"}],"replies":[{"embeddable":true,"href":"https:\/\/www.hoymercedes.com.ar\/principal\/wp-json\/wp\/v2\/comments?post=201395"}],"version-history":[{"count":1,"href":"https:\/\/www.hoymercedes.com.ar\/principal\/wp-json\/wp\/v2\/posts\/201395\/revisions"}],"predecessor-version":[{"id":201397,"href":"https:\/\/www.hoymercedes.com.ar\/principal\/wp-json\/wp\/v2\/posts\/201395\/revisions\/201397"}],"wp:featuredmedia":[{"embeddable":true,"href":"https:\/\/www.hoymercedes.com.ar\/principal\/wp-json\/wp\/v2\/media\/201396"}],"wp:attachment":[{"href":"https:\/\/www.hoymercedes.com.ar\/principal\/wp-json\/wp\/v2\/media?parent=201395"}],"wp:term":[{"taxonomy":"category","embeddable":true,"href":"https:\/\/www.hoymercedes.com.ar\/principal\/wp-json\/wp\/v2\/categories?post=201395"},{"taxonomy":"post_tag","embeddable":true,"href":"https:\/\/www.hoymercedes.com.ar\/principal\/wp-json\/wp\/v2\/tags?post=201395"}],"curies":[{"name":"wp","href":"https:\/\/api.w.org\/{rel}","templated":true}]}}