{"id":201398,"date":"2026-09-05T08:36:00","date_gmt":"2026-09-05T11:36:00","guid":{"rendered":"https:\/\/www.hoymercedes.com.ar\/principal\/?p=201398"},"modified":"2026-09-01T19:37:54","modified_gmt":"2026-09-01T22:37:54","slug":"la-provincia-prorrogo-por-120-dias-las-licencias-profesionales-de-conducir","status":"publish","type":"post","link":"https:\/\/www.hoymercedes.com.ar\/principal\/2026\/09\/05\/la-provincia-prorrogo-por-120-dias-las-licencias-profesionales-de-conducir\/","title":{"rendered":"La Provincia prorrog\u00f3 por 120 d\u00edas las licencias profesionales de conducir"},"content":{"rendered":"\n<figure class=\"wp-block-image size-full\"><img loading=\"lazy\" decoding=\"async\" width=\"770\" height=\"433\" data-attachment-id=\"201399\" data-permalink=\"https:\/\/www.hoymercedes.com.ar\/principal\/2026\/09\/05\/la-provincia-prorrogo-por-120-dias-las-licencias-profesionales-de-conducir\/image-1053\/#main\" data-orig-file=\"https:\/\/www.hoymercedes.com.ar\/principal\/wp-content\/uploads\/2026\/09\/image-9.png\" data-orig-size=\"770,433\" data-comments-opened=\"0\" data-image-title=\"image\" data-image-description=\"\" data-image-caption=\"\" data-large-file=\"https:\/\/www.hoymercedes.com.ar\/principal\/wp-content\/uploads\/2026\/09\/image-9.png\" src=\"https:\/\/www.hoymercedes.com.ar\/principal\/wp-content\/uploads\/2026\/09\/image-9.png\" alt=\"\" class=\"wp-image-201399\" srcset=\"https:\/\/www.hoymercedes.com.ar\/principal\/wp-content\/uploads\/2026\/09\/image-9.png 770w, https:\/\/www.hoymercedes.com.ar\/principal\/wp-content\/uploads\/2026\/09\/image-9-150x84.png 150w, https:\/\/www.hoymercedes.com.ar\/principal\/wp-content\/uploads\/2026\/09\/image-9-630x354.png 630w\" sizes=\"auto, (max-width: 770px) 100vw, 770px\" \/><\/figure>\n\n\n\n<p class=\"wp-block-paragraph\">La provincia de Buenos Aires estableci\u00f3 una <strong>pr\u00f3rroga excepcional de 120 d\u00edas corridos<\/strong> para las licencias nacionales de conducir de car\u00e1cter interjurisdiccional emitidas en territorio bonaerense.<\/p>\n\n\n\n<p class=\"wp-block-paragraph\">La medida alcanza a las licencias profesionales cuyo vencimiento original haya ocurrido o vaya a ocurrir entre el <strong>1\u00b0 de julio y el 31 de octubre de 2026<\/strong>, inclusive. La extensi\u00f3n se cuenta desde la fecha impresa de vencimiento de cada licencia.<\/p>\n\n\n\n<p class=\"wp-block-paragraph\"><strong>A qui\u00e9nes alcanza<\/strong><\/p>\n\n\n\n<p class=\"wp-block-paragraph\">La disposici\u00f3n comprende principalmente a los conductores profesionales de las categor\u00edas <strong>C, D y E<\/strong>, vinculadas con el transporte de cargas y pasajeros.<\/p>\n\n\n\n<p class=\"wp-block-paragraph\">El beneficio fue dispuesto por la <strong>Direcci\u00f3n Provincial de Licencias de Conducir y Antecedentes de Tr\u00e1nsito<\/strong>, debido a las demoras registradas en el nuevo sistema de otorgamiento y renovaci\u00f3n.<\/p>\n\n\n\n<p class=\"wp-block-paragraph\"><strong>Problemas con el nuevo sistema<\/strong><\/p>\n\n\n\n<p class=\"wp-block-paragraph\">El procedimiento comenz\u00f3 a implementarse el <strong>6 de julio<\/strong> e incorpor\u00f3 nuevas instancias de capacitaci\u00f3n, evaluaci\u00f3n y ex\u00e1menes psicof\u00edsicos, que deben realizarse mediante prestadores inscriptos en el <strong>Registro de Prestadores de la Agencia Nacional de Seguridad Vial (REPRE)<\/strong>.<\/p>\n\n\n\n<p class=\"wp-block-paragraph\">Sin embargo, la puesta en marcha gener\u00f3 dificultades principalmente por la falta de turnos y la disponibilidad limitada de prestadores. Hasta el momento, solo <strong>tres prestadores radicados en la provincia<\/strong> fueron incorporados efectivamente para operar bajo el nuevo r\u00e9gimen, mientras que otros contin\u00faan en proceso de inscripci\u00f3n.<\/p>\n\n\n\n<p class=\"wp-block-paragraph\">La Provincia justific\u00f3 la pr\u00f3rroga en la necesidad de evitar que los trabajadores y las empresas del transporte se vean afectados por el vencimiento de las licencias mientras se completa el tr\u00e1mite de renovaci\u00f3n.<\/p>\n\n\n\n<p class=\"wp-block-paragraph\">El plazo adicional permitir\u00e1 sumar prestadores, ampliar la capacidad de atenci\u00f3n y difundir el nuevo procedimiento entre los conductores profesionales.<\/p>\n","protected":false},"excerpt":{"rendered":"<p>La provincia de Buenos Aires estableci\u00f3 una pr\u00f3rroga excepcional de 120 d\u00edas corridos para las licencias nacionales de conducir de &#8230; <a title=\"La Provincia prorrog\u00f3 por 120 d\u00edas las licencias profesionales de conducir\" class=\"read-more\" href=\"https:\/\/www.hoymercedes.com.ar\/principal\/2026\/09\/05\/la-provincia-prorrogo-por-120-dias-las-licencias-profesionales-de-conducir\/\" aria-label=\"Leer m\u00e1s sobre La Provincia prorrog\u00f3 por 120 d\u00edas las licencias profesionales de conducir\">Leer m\u00e1s<\/a><\/p>\n","protected":false},"author":1,"featured_media":201399,"comment_status":"closed","ping_status":"open","sticky":false,"template":"","format":"standard","meta":{"_monsterinsights_skip_tracking":false,"_jetpack_newsletter_access":"","_jetpack_dont_email_post_to_subs":false,"_jetpack_newsletter_tier_id":0,"_jetpack_memberships_contains_paywalled_content":false,"_jetpack_feature_clip_id":0,"_jetpack_memberships_contains_paid_content":false,"footnotes":"","jetpack_publicize_message":"{title}\n\n{excerpt}\n\n{url}","jetpack_publicize_feature_enabled":true,"jetpack_social_post_already_shared":true,"jetpack_social_options":{"image_generator_settings":{"template":"highway","default_image_id":0,"font":"","enabled":false},"version":2},"_wpas_customize_per_network":false,"jetpack_post_was_ever_published":false},"categories":[8],"tags":[],"class_list":["post-201398","post","type-post","status-publish","format-standard","has-post-thumbnail","hentry","category-sociedad","generate-columns","tablet-grid-50","mobile-grid-100","grid-parent","grid-50"],"jetpack_publicize_connections":[],"wps_subtitle":"","jetpack_sharing_enabled":true,"jetpack_featured_media_url":"https:\/\/www.hoymercedes.com.ar\/principal\/wp-content\/uploads\/2026\/09\/image-9.png","_links":{"self":[{"href":"https:\/\/www.hoymercedes.com.ar\/principal\/wp-json\/wp\/v2\/posts\/201398","targetHints":{"allow":["GET"]}}],"collection":[{"href":"https:\/\/www.hoymercedes.com.ar\/principal\/wp-json\/wp\/v2\/posts"}],"about":[{"href":"https:\/\/www.hoymercedes.com.ar\/principal\/wp-json\/wp\/v2\/types\/post"}],"author":[{"embeddable":true,"href":"https:\/\/www.hoymercedes.com.ar\/principal\/wp-json\/wp\/v2\/users\/1"}],"replies":[{"embeddable":true,"href":"https:\/\/www.hoymercedes.com.ar\/principal\/wp-json\/wp\/v2\/comments?post=201398"}],"version-history":[{"count":1,"href":"https:\/\/www.hoymercedes.com.ar\/principal\/wp-json\/wp\/v2\/posts\/201398\/revisions"}],"predecessor-version":[{"id":201400,"href":"https:\/\/www.hoymercedes.com.ar\/principal\/wp-json\/wp\/v2\/posts\/201398\/revisions\/201400"}],"wp:featuredmedia":[{"embeddable":true,"href":"https:\/\/www.hoymercedes.com.ar\/principal\/wp-json\/wp\/v2\/media\/201399"}],"wp:attachment":[{"href":"https:\/\/www.hoymercedes.com.ar\/principal\/wp-json\/wp\/v2\/media?parent=201398"}],"wp:term":[{"taxonomy":"category","embeddable":true,"href":"https:\/\/www.hoymercedes.com.ar\/principal\/wp-json\/wp\/v2\/categories?post=201398"},{"taxonomy":"post_tag","embeddable":true,"href":"https:\/\/www.hoymercedes.com.ar\/principal\/wp-json\/wp\/v2\/tags?post=201398"}],"curies":[{"name":"wp","href":"https:\/\/api.w.org\/{rel}","templated":true}]}}