{"id":201404,"date":"2026-09-02T12:41:00","date_gmt":"2026-09-02T15:41:00","guid":{"rendered":"https:\/\/www.hoymercedes.com.ar\/principal\/?p=201404"},"modified":"2026-09-02T16:22:34","modified_gmt":"2026-09-02T19:22:34","slug":"municipales-de-mercedes-participaron-del-plan-de-lucha-provincial-de-fesimubo","status":"publish","type":"post","link":"https:\/\/www.hoymercedes.com.ar\/principal\/2026\/09\/02\/municipales-de-mercedes-participaron-del-plan-de-lucha-provincial-de-fesimubo\/","title":{"rendered":"Municipales de Mercedes participaron del plan de lucha provincial de FeSiMuBo"},"content":{"rendered":"\n<figure class=\"wp-block-image size-large\"><img loading=\"lazy\" decoding=\"async\" width=\"983\" height=\"553\" data-attachment-id=\"201409\" data-permalink=\"https:\/\/www.hoymercedes.com.ar\/principal\/2026\/09\/02\/municipales-de-mercedes-participaron-del-plan-de-lucha-provincial-de-fesimubo\/chatgpt-image-1-sept-2026-19_45_29-2\/#main\" data-orig-file=\"https:\/\/www.hoymercedes.com.ar\/principal\/wp-content\/uploads\/2026\/09\/ChatGPT-Image-1-sept-2026-19_45_29-edited.png\" data-orig-size=\"983,553\" data-comments-opened=\"0\" data-image-title=\"ChatGPT Image 1 sept 2026, 19_45_29\" data-image-description=\"\" data-image-caption=\"\" data-large-file=\"https:\/\/www.hoymercedes.com.ar\/principal\/wp-content\/uploads\/2026\/09\/ChatGPT-Image-1-sept-2026-19_45_29-edited.png\" src=\"https:\/\/www.hoymercedes.com.ar\/principal\/wp-content\/uploads\/2026\/09\/ChatGPT-Image-1-sept-2026-19_45_29-edited.png\" alt=\"\" class=\"wp-image-201409\" srcset=\"https:\/\/www.hoymercedes.com.ar\/principal\/wp-content\/uploads\/2026\/09\/ChatGPT-Image-1-sept-2026-19_45_29-edited.png 983w, https:\/\/www.hoymercedes.com.ar\/principal\/wp-content\/uploads\/2026\/09\/ChatGPT-Image-1-sept-2026-19_45_29-edited-630x354.png 630w, https:\/\/www.hoymercedes.com.ar\/principal\/wp-content\/uploads\/2026\/09\/ChatGPT-Image-1-sept-2026-19_45_29-edited-150x84.png 150w\" sizes=\"auto, (max-width: 983px) 100vw, 983px\" \/><\/figure>\n\n\n\n<p class=\"wp-block-paragraph\">El <strong>Sindicato de Trabajadores Municipales de Mercedes (STMM)<\/strong> se sum\u00f3 al plan de lucha impulsado por la <strong>Federaci\u00f3n de Sindicatos Municipales Bonaerenses (FeSiMuBo)<\/strong>, que incluy\u00f3 una jornada de protesta y cortes en las rutas <strong>6 y 205<\/strong>, a la altura de <strong>Ca\u00f1uelas<\/strong>.<\/p>\n\n\n\n<p class=\"wp-block-paragraph\">La delegaci\u00f3n local estuvo encabezada por la secretaria general del gremio, <strong>Evangelina Artaza<\/strong>, quien particip\u00f3 de la medida junto con representantes del sindicato mercedino.<\/p>\n\n\n\n<p class=\"wp-block-paragraph\"><strong>Reclamos salariales y laborales<\/strong><\/p>\n\n\n\n<p class=\"wp-block-paragraph\">La protesta se realiz\u00f3 el lunes <strong>31 de agosto<\/strong> y form\u00f3 parte de un cronograma de acciones anunciado por el secretario general de FeSiMuBo, <strong>Hern\u00e1n Doval<\/strong>.<\/p>\n\n\n\n<p class=\"wp-block-paragraph\">Los sindicatos reclaman aumentos salariales para los trabajadores municipales cuyos ingresos se encuentran, seg\u00fan la federaci\u00f3n, por debajo de la <strong>l\u00ednea de indigencia<\/strong>. Tambi\u00e9n cuestionan la precarizaci\u00f3n laboral y la utilizaci\u00f3n de monotributos y becas para cubrir funciones permanentes.<\/p>\n\n\n\n<p class=\"wp-block-paragraph\">Otro de los pedidos est\u00e1 dirigido al ministro de Trabajo bonaerense, <strong>Walter Correa<\/strong>, para que convoque al <strong>Consejo del Empleo Municipal<\/strong>, previsto en la <strong>Ley 14.656<\/strong>.<\/p>\n\n\n\n<p class=\"wp-block-paragraph\"><strong>Un plan de lucha provincial<\/strong><\/p>\n\n\n\n<p class=\"wp-block-paragraph\">La medida se desarroll\u00f3 en uno de los principales corredores productivos de la provincia y reuni\u00f3 a sindicatos de las regionales Centro y Conurbano Oeste de FeSiMuBo.<\/p>\n\n\n\n<p class=\"wp-block-paragraph\">Desde la federaci\u00f3n anticiparon que el plan de lucha tendr\u00e1 car\u00e1cter <strong>permanente y prolongado<\/strong> si no obtienen respuestas a sus reclamos salariales, laborales y al pedido de conformaci\u00f3n del Consejo del Empleo Municipal.<\/p>\n","protected":false},"excerpt":{"rendered":"<p>El Sindicato de Trabajadores Municipales de Mercedes (STMM) se sum\u00f3 al plan de lucha impulsado por la Federaci\u00f3n de Sindicatos &#8230; <a title=\"Municipales de Mercedes participaron del plan de lucha provincial de FeSiMuBo\" class=\"read-more\" href=\"https:\/\/www.hoymercedes.com.ar\/principal\/2026\/09\/02\/municipales-de-mercedes-participaron-del-plan-de-lucha-provincial-de-fesimubo\/\" aria-label=\"Leer m\u00e1s sobre Municipales de Mercedes participaron del plan de lucha provincial de FeSiMuBo\">Leer m\u00e1s<\/a><\/p>\n","protected":false},"author":1,"featured_media":201409,"comment_status":"closed","ping_status":"open","sticky":false,"template":"","format":"standard","meta":{"_monsterinsights_skip_tracking":false,"_jetpack_newsletter_access":"","_jetpack_dont_email_post_to_subs":false,"_jetpack_newsletter_tier_id":0,"_jetpack_memberships_contains_paywalled_content":false,"_jetpack_feature_clip_id":0,"_jetpack_memberships_contains_paid_content":false,"footnotes":"","jetpack_publicize_message":"{title}\n\n{excerpt}\n\n{url}","jetpack_publicize_feature_enabled":true,"jetpack_social_post_already_shared":true,"jetpack_social_options":{"image_generator_settings":{"template":"highway","default_image_id":0,"font":"","enabled":false},"version":2},"_wpas_customize_per_network":false,"jetpack_post_was_ever_published":false},"categories":[8],"tags":[],"class_list":["post-201404","post","type-post","status-publish","format-standard","has-post-thumbnail","hentry","category-sociedad","generate-columns","tablet-grid-50","mobile-grid-100","grid-parent","grid-50"],"jetpack_publicize_connections":[],"wps_subtitle":"","jetpack_sharing_enabled":true,"jetpack_featured_media_url":"https:\/\/www.hoymercedes.com.ar\/principal\/wp-content\/uploads\/2026\/09\/ChatGPT-Image-1-sept-2026-19_45_29-edited.png","_links":{"self":[{"href":"https:\/\/www.hoymercedes.com.ar\/principal\/wp-json\/wp\/v2\/posts\/201404","targetHints":{"allow":["GET"]}}],"collection":[{"href":"https:\/\/www.hoymercedes.com.ar\/principal\/wp-json\/wp\/v2\/posts"}],"about":[{"href":"https:\/\/www.hoymercedes.com.ar\/principal\/wp-json\/wp\/v2\/types\/post"}],"author":[{"embeddable":true,"href":"https:\/\/www.hoymercedes.com.ar\/principal\/wp-json\/wp\/v2\/users\/1"}],"replies":[{"embeddable":true,"href":"https:\/\/www.hoymercedes.com.ar\/principal\/wp-json\/wp\/v2\/comments?post=201404"}],"version-history":[{"count":1,"href":"https:\/\/www.hoymercedes.com.ar\/principal\/wp-json\/wp\/v2\/posts\/201404\/revisions"}],"predecessor-version":[{"id":201410,"href":"https:\/\/www.hoymercedes.com.ar\/principal\/wp-json\/wp\/v2\/posts\/201404\/revisions\/201410"}],"wp:featuredmedia":[{"embeddable":true,"href":"https:\/\/www.hoymercedes.com.ar\/principal\/wp-json\/wp\/v2\/media\/201409"}],"wp:attachment":[{"href":"https:\/\/www.hoymercedes.com.ar\/principal\/wp-json\/wp\/v2\/media?parent=201404"}],"wp:term":[{"taxonomy":"category","embeddable":true,"href":"https:\/\/www.hoymercedes.com.ar\/principal\/wp-json\/wp\/v2\/categories?post=201404"},{"taxonomy":"post_tag","embeddable":true,"href":"https:\/\/www.hoymercedes.com.ar\/principal\/wp-json\/wp\/v2\/tags?post=201404"}],"curies":[{"name":"wp","href":"https:\/\/api.w.org\/{rel}","templated":true}]}}