{"id":201411,"date":"2026-09-02T13:20:00","date_gmt":"2026-09-02T16:20:00","guid":{"rendered":"https:\/\/www.hoymercedes.com.ar\/principal\/?p=201411"},"modified":"2026-09-01T19:51:28","modified_gmt":"2026-09-01T22:51:28","slug":"fronton-debuto-con-un-empate-sin-goles-en-el-torneo-regional-federal-amateur","status":"publish","type":"post","link":"https:\/\/www.hoymercedes.com.ar\/principal\/2026\/09\/02\/fronton-debuto-con-un-empate-sin-goles-en-el-torneo-regional-federal-amateur\/","title":{"rendered":"Front\u00f3n debut\u00f3 con un empate sin goles en el Torneo Regional Federal Amateur"},"content":{"rendered":"\n<figure class=\"wp-block-image size-full\"><img loading=\"lazy\" decoding=\"async\" width=\"1024\" height=\"768\" data-attachment-id=\"201412\" data-permalink=\"https:\/\/www.hoymercedes.com.ar\/principal\/2026\/09\/02\/fronton-debuto-con-un-empate-sin-goles-en-el-torneo-regional-federal-amateur\/image-1046\/#main\" data-orig-file=\"https:\/\/www.hoymercedes.com.ar\/principal\/wp-content\/uploads\/2026\/09\/image-2.png\" data-orig-size=\"1024,768\" data-comments-opened=\"0\" data-image-title=\"image\" data-image-description=\"\" data-image-caption=\"\" data-large-file=\"https:\/\/www.hoymercedes.com.ar\/principal\/wp-content\/uploads\/2026\/09\/image-2.png\" src=\"https:\/\/www.hoymercedes.com.ar\/principal\/wp-content\/uploads\/2026\/09\/image-2.png\" alt=\"\" class=\"wp-image-201412\" srcset=\"https:\/\/www.hoymercedes.com.ar\/principal\/wp-content\/uploads\/2026\/09\/image-2.png 1024w, https:\/\/www.hoymercedes.com.ar\/principal\/wp-content\/uploads\/2026\/09\/image-2-150x112.png 150w, https:\/\/www.hoymercedes.com.ar\/principal\/wp-content\/uploads\/2026\/09\/image-2-630x473.png 630w\" sizes=\"auto, (max-width: 1024px) 100vw, 1024px\" \/><\/figure>\n\n\n\n<p class=\"wp-block-paragraph\"><strong>Front\u00f3n<\/strong> inici\u00f3 su participaci\u00f3n en una nueva edici\u00f3n del <strong>Torneo Regional Federal Amateur de AFA<\/strong> con un empate <strong>0-0<\/strong> frente a la <strong>Asociaci\u00f3n Cristiana de F\u00fatbol Argentino<\/strong>, representante de la Liga de Luj\u00e1n.<\/p>\n\n\n\n<p class=\"wp-block-paragraph\">El encuentro se disput\u00f3 el domingo en la cancha sint\u00e9tica de <strong>Midland<\/strong>, en Merlo, en un partido cerrado y con pocas situaciones claras de gol.<\/p>\n\n\n\n<p class=\"wp-block-paragraph\"><strong>Un partido equilibrado<\/strong><\/p>\n\n\n\n<p class=\"wp-block-paragraph\">El conjunto local intent\u00f3 asumir el protagonismo, pero se encontr\u00f3 con una gran actuaci\u00f3n del arquero de Front\u00f3n, <strong>Mateo Valli<\/strong>, quien fue una de las figuras del encuentro gracias a varias intervenciones importantes.<\/p>\n\n\n\n<p class=\"wp-block-paragraph\">El equipo de San Andr\u00e9s de Giles tambi\u00e9n tuvo sus oportunidades, aunque no logr\u00f3 definir con precisi\u00f3n en los \u00faltimos metros. Con el correr de los minutos, el empate sin goles termin\u00f3 siendo el resultado m\u00e1s acorde con el desarrollo del partido.<\/p>\n\n\n\n<p class=\"wp-block-paragraph\">El Regional Federal Amateur otorga <strong>dos plazas para el Torneo Federal A<\/strong>, la tercera categor\u00eda del f\u00fatbol argentino.<\/p>\n\n\n\n<p class=\"wp-block-paragraph\"><strong>Pr\u00f3ximo compromiso<\/strong><\/p>\n\n\n\n<p class=\"wp-block-paragraph\">En el otro partido de la zona, <strong>Club Recreativo de Carmen de Areco<\/strong> derrot\u00f3 a <strong>Sportsman<\/strong> y qued\u00f3 como \u00fanico l\u00edder.<\/p>\n\n\n\n<p class=\"wp-block-paragraph\">Front\u00f3n enfrentar\u00e1 precisamente a Club Recreativo el pr\u00f3ximo domingo en el estadio <strong>Tito Crosetti<\/strong>, en busca de su primera victoria en el certamen.<\/p>\n","protected":false},"excerpt":{"rendered":"<p>Front\u00f3n inici\u00f3 su participaci\u00f3n en una nueva edici\u00f3n del Torneo Regional Federal Amateur de AFA con un empate 0-0 frente &#8230; <a title=\"Front\u00f3n debut\u00f3 con un empate sin goles en el Torneo Regional Federal Amateur\" class=\"read-more\" href=\"https:\/\/www.hoymercedes.com.ar\/principal\/2026\/09\/02\/fronton-debuto-con-un-empate-sin-goles-en-el-torneo-regional-federal-amateur\/\" aria-label=\"Leer m\u00e1s sobre Front\u00f3n debut\u00f3 con un empate sin goles en el Torneo Regional Federal Amateur\">Leer m\u00e1s<\/a><\/p>\n","protected":false},"author":1,"featured_media":201412,"comment_status":"closed","ping_status":"open","sticky":false,"template":"","format":"standard","meta":{"_monsterinsights_skip_tracking":false,"_jetpack_newsletter_access":"","_jetpack_dont_email_post_to_subs":false,"_jetpack_newsletter_tier_id":0,"_jetpack_memberships_contains_paywalled_content":false,"_jetpack_feature_clip_id":0,"_jetpack_memberships_contains_paid_content":false,"footnotes":"","jetpack_publicize_message":"{title}\n\n{excerpt}\n\n{url}","jetpack_publicize_feature_enabled":true,"jetpack_social_post_already_shared":true,"jetpack_social_options":{"image_generator_settings":{"template":"highway","default_image_id":0,"font":"","enabled":false},"version":2},"_wpas_customize_per_network":false,"jetpack_post_was_ever_published":false},"categories":[21],"tags":[],"class_list":["post-201411","post","type-post","status-publish","format-standard","has-post-thumbnail","hentry","category-deportes","generate-columns","tablet-grid-50","mobile-grid-100","grid-parent","grid-50"],"jetpack_publicize_connections":[],"wps_subtitle":"","jetpack_sharing_enabled":true,"jetpack_featured_media_url":"https:\/\/www.hoymercedes.com.ar\/principal\/wp-content\/uploads\/2026\/09\/image-2.png","_links":{"self":[{"href":"https:\/\/www.hoymercedes.com.ar\/principal\/wp-json\/wp\/v2\/posts\/201411","targetHints":{"allow":["GET"]}}],"collection":[{"href":"https:\/\/www.hoymercedes.com.ar\/principal\/wp-json\/wp\/v2\/posts"}],"about":[{"href":"https:\/\/www.hoymercedes.com.ar\/principal\/wp-json\/wp\/v2\/types\/post"}],"author":[{"embeddable":true,"href":"https:\/\/www.hoymercedes.com.ar\/principal\/wp-json\/wp\/v2\/users\/1"}],"replies":[{"embeddable":true,"href":"https:\/\/www.hoymercedes.com.ar\/principal\/wp-json\/wp\/v2\/comments?post=201411"}],"version-history":[{"count":1,"href":"https:\/\/www.hoymercedes.com.ar\/principal\/wp-json\/wp\/v2\/posts\/201411\/revisions"}],"predecessor-version":[{"id":201413,"href":"https:\/\/www.hoymercedes.com.ar\/principal\/wp-json\/wp\/v2\/posts\/201411\/revisions\/201413"}],"wp:featuredmedia":[{"embeddable":true,"href":"https:\/\/www.hoymercedes.com.ar\/principal\/wp-json\/wp\/v2\/media\/201412"}],"wp:attachment":[{"href":"https:\/\/www.hoymercedes.com.ar\/principal\/wp-json\/wp\/v2\/media?parent=201411"}],"wp:term":[{"taxonomy":"category","embeddable":true,"href":"https:\/\/www.hoymercedes.com.ar\/principal\/wp-json\/wp\/v2\/categories?post=201411"},{"taxonomy":"post_tag","embeddable":true,"href":"https:\/\/www.hoymercedes.com.ar\/principal\/wp-json\/wp\/v2\/tags?post=201411"}],"curies":[{"name":"wp","href":"https:\/\/api.w.org\/{rel}","templated":true}]}}