{"id":201414,"date":"2026-09-03T11:00:00","date_gmt":"2026-09-03T14:00:00","guid":{"rendered":"https:\/\/www.hoymercedes.com.ar\/principal\/?p=201414"},"modified":"2026-09-01T19:53:42","modified_gmt":"2026-09-01T22:53:42","slug":"mateo-y-juan-titi-larrondo-se-destacaron-en-el-enduro-del-invierno","status":"publish","type":"post","link":"https:\/\/www.hoymercedes.com.ar\/principal\/2026\/09\/03\/mateo-y-juan-titi-larrondo-se-destacaron-en-el-enduro-del-invierno\/","title":{"rendered":"Mateo y Juan \u201cTiti\u201d Larrondo se destacaron en el Enduro del Invierno"},"content":{"rendered":"\n<figure class=\"wp-block-image size-full\"><img loading=\"lazy\" decoding=\"async\" width=\"705\" height=\"684\" data-attachment-id=\"201415\" data-permalink=\"https:\/\/www.hoymercedes.com.ar\/principal\/2026\/09\/03\/mateo-y-juan-titi-larrondo-se-destacaron-en-el-enduro-del-invierno\/image-1048\/#main\" data-orig-file=\"https:\/\/www.hoymercedes.com.ar\/principal\/wp-content\/uploads\/2026\/09\/image-4.png\" data-orig-size=\"705,684\" data-comments-opened=\"0\" data-image-title=\"Motocros\" data-image-description=\"&lt;p&gt;Motocros&lt;\/p&gt;\n\" data-image-caption=\"&lt;p&gt;Motocros&lt;\/p&gt;\n\" data-large-file=\"https:\/\/www.hoymercedes.com.ar\/principal\/wp-content\/uploads\/2026\/09\/image-4.png\" src=\"https:\/\/www.hoymercedes.com.ar\/principal\/wp-content\/uploads\/2026\/09\/image-4.png\" alt=\"\" class=\"wp-image-201415\" srcset=\"https:\/\/www.hoymercedes.com.ar\/principal\/wp-content\/uploads\/2026\/09\/image-4.png 705w, https:\/\/www.hoymercedes.com.ar\/principal\/wp-content\/uploads\/2026\/09\/image-4-150x146.png 150w, https:\/\/www.hoymercedes.com.ar\/principal\/wp-content\/uploads\/2026\/09\/image-4-630x611.png 630w\" sizes=\"auto, (max-width: 705px) 100vw, 705px\" \/><\/figure>\n\n\n\n<p class=\"wp-block-paragraph\">Los pilotos <strong>Mateo Larrondo<\/strong> y <strong>Juan \u201cTiti\u201d Larrondo<\/strong> representaron a Mercedes en la cuarta edici\u00f3n del <strong>Monster Energy Enduro del Invierno<\/strong>, disputada el domingo en las playas de <strong>Pinamar<\/strong>.<\/p>\n\n\n\n<p class=\"wp-block-paragraph\">La competencia reuni\u00f3 a cientos de pilotos nacionales e internacionales y present\u00f3 un circuito renovado de aproximadamente <strong>3,5 kil\u00f3metros<\/strong>, con un trazado de arena que exigi\u00f3 al m\u00e1ximo a los participantes.<\/p>\n\n\n\n<p class=\"wp-block-paragraph\"><strong>Mateo Larrondo, entre los mejores de Amateur<\/strong><\/p>\n\n\n\n<p class=\"wp-block-paragraph\">En la categor\u00eda <strong>Amateur<\/strong>, Mateo mostr\u00f3 una importante evoluci\u00f3n respecto de los entrenamientos del s\u00e1bado y logr\u00f3 mejorar sus tiempos durante la competencia.<\/p>\n\n\n\n<p class=\"wp-block-paragraph\">El piloto lleg\u00f3 a mantenerse dentro de los <strong>15 primeros puestos<\/strong> y registr\u00f3 tiempos de vuelta similares a los principales referentes de la divisional. Sin embargo, una ca\u00edda, que no le provoc\u00f3 consecuencias f\u00edsicas, termin\u00f3 releg\u00e1ndolo en la clasificaci\u00f3n.<\/p>\n\n\n\n<p class=\"wp-block-paragraph\"><strong>\u201cTiti\u201d subi\u00f3 al podio<\/strong><\/p>\n\n\n\n<p class=\"wp-block-paragraph\">Juan \u201cTiti\u201d Larrondo tuvo una destacada actuaci\u00f3n en la categor\u00eda <strong>Master E<\/strong>, donde finaliz\u00f3 en la <strong>quinta posici\u00f3n<\/strong> y consigui\u00f3 subir al podio.<\/p>\n\n\n\n<p class=\"wp-block-paragraph\">El piloto logr\u00f3 adaptarse al nuevo circuito y mejor\u00f3 el rendimiento mostrado durante los entrenamientos, en una carrera marcada por las exigencias propias de la arena y la importante cantidad de competidores.<\/p>\n\n\n\n<p class=\"wp-block-paragraph\">La participaci\u00f3n de ambos representantes de Mercedes dej\u00f3 un balance positivo en una de las principales competencias del calendario nacional de motociclismo sobre arena.<\/p>\n","protected":false},"excerpt":{"rendered":"<p>Los pilotos Mateo Larrondo y Juan \u201cTiti\u201d Larrondo representaron a Mercedes en la cuarta edici\u00f3n del Monster Energy Enduro del &#8230; <a title=\"Mateo y Juan \u201cTiti\u201d Larrondo se destacaron en el Enduro del Invierno\" class=\"read-more\" href=\"https:\/\/www.hoymercedes.com.ar\/principal\/2026\/09\/03\/mateo-y-juan-titi-larrondo-se-destacaron-en-el-enduro-del-invierno\/\" aria-label=\"Leer m\u00e1s sobre Mateo y Juan \u201cTiti\u201d Larrondo se destacaron en el Enduro del Invierno\">Leer m\u00e1s<\/a><\/p>\n","protected":false},"author":1,"featured_media":201415,"comment_status":"closed","ping_status":"open","sticky":false,"template":"","format":"standard","meta":{"_monsterinsights_skip_tracking":false,"_jetpack_newsletter_access":"","_jetpack_dont_email_post_to_subs":false,"_jetpack_newsletter_tier_id":0,"_jetpack_memberships_contains_paywalled_content":false,"_jetpack_feature_clip_id":0,"_jetpack_memberships_contains_paid_content":false,"footnotes":"","jetpack_publicize_message":"{title}\n\n{excerpt}\n\n{url}","jetpack_publicize_feature_enabled":true,"jetpack_social_post_already_shared":true,"jetpack_social_options":{"image_generator_settings":{"template":"highway","default_image_id":0,"font":"","enabled":false},"version":2},"_wpas_customize_per_network":false,"jetpack_post_was_ever_published":false},"categories":[21],"tags":[],"class_list":["post-201414","post","type-post","status-publish","format-standard","has-post-thumbnail","hentry","category-deportes","generate-columns","tablet-grid-50","mobile-grid-100","grid-parent","grid-50"],"jetpack_publicize_connections":[],"wps_subtitle":"","jetpack_sharing_enabled":true,"jetpack_featured_media_url":"https:\/\/www.hoymercedes.com.ar\/principal\/wp-content\/uploads\/2026\/09\/image-4.png","_links":{"self":[{"href":"https:\/\/www.hoymercedes.com.ar\/principal\/wp-json\/wp\/v2\/posts\/201414","targetHints":{"allow":["GET"]}}],"collection":[{"href":"https:\/\/www.hoymercedes.com.ar\/principal\/wp-json\/wp\/v2\/posts"}],"about":[{"href":"https:\/\/www.hoymercedes.com.ar\/principal\/wp-json\/wp\/v2\/types\/post"}],"author":[{"embeddable":true,"href":"https:\/\/www.hoymercedes.com.ar\/principal\/wp-json\/wp\/v2\/users\/1"}],"replies":[{"embeddable":true,"href":"https:\/\/www.hoymercedes.com.ar\/principal\/wp-json\/wp\/v2\/comments?post=201414"}],"version-history":[{"count":1,"href":"https:\/\/www.hoymercedes.com.ar\/principal\/wp-json\/wp\/v2\/posts\/201414\/revisions"}],"predecessor-version":[{"id":201416,"href":"https:\/\/www.hoymercedes.com.ar\/principal\/wp-json\/wp\/v2\/posts\/201414\/revisions\/201416"}],"wp:featuredmedia":[{"embeddable":true,"href":"https:\/\/www.hoymercedes.com.ar\/principal\/wp-json\/wp\/v2\/media\/201415"}],"wp:attachment":[{"href":"https:\/\/www.hoymercedes.com.ar\/principal\/wp-json\/wp\/v2\/media?parent=201414"}],"wp:term":[{"taxonomy":"category","embeddable":true,"href":"https:\/\/www.hoymercedes.com.ar\/principal\/wp-json\/wp\/v2\/categories?post=201414"},{"taxonomy":"post_tag","embeddable":true,"href":"https:\/\/www.hoymercedes.com.ar\/principal\/wp-json\/wp\/v2\/tags?post=201414"}],"curies":[{"name":"wp","href":"https:\/\/api.w.org\/{rel}","templated":true}]}}