{"id":201417,"date":"2026-09-01T20:12:33","date_gmt":"2026-09-01T23:12:33","guid":{"rendered":"https:\/\/www.hoymercedes.com.ar\/principal\/?p=201417"},"modified":"2026-09-01T20:12:37","modified_gmt":"2026-09-01T23:12:37","slug":"la-ajb-mercedes-despidio-a-hector-daniel-bojorge","status":"publish","type":"post","link":"https:\/\/www.hoymercedes.com.ar\/principal\/2026\/09\/01\/la-ajb-mercedes-despidio-a-hector-daniel-bojorge\/","title":{"rendered":"La AJB Mercedes despidi\u00f3 a H\u00e9ctor Daniel Bojorge"},"content":{"rendered":"\n<figure class=\"wp-block-image size-large\"><img loading=\"lazy\" decoding=\"async\" width=\"817\" height=\"1024\" data-attachment-id=\"201418\" data-permalink=\"https:\/\/www.hoymercedes.com.ar\/principal\/2026\/09\/01\/la-ajb-mercedes-despidio-a-hector-daniel-bojorge\/chatgpt-image-1-sept-2026-20_11_37\/#main\" data-orig-file=\"https:\/\/www.hoymercedes.com.ar\/principal\/wp-content\/uploads\/2026\/09\/ChatGPT-Image-1-sept-2026-20_11_37.png\" data-orig-size=\"1120,1404\" data-comments-opened=\"0\" data-image-title=\"ChatGPT Image 1 sept 2026, 20_11_37\" data-image-description=\"\" data-image-caption=\"\" data-large-file=\"https:\/\/www.hoymercedes.com.ar\/principal\/wp-content\/uploads\/2026\/09\/ChatGPT-Image-1-sept-2026-20_11_37-817x1024.png\" src=\"https:\/\/www.hoymercedes.com.ar\/principal\/wp-content\/uploads\/2026\/09\/ChatGPT-Image-1-sept-2026-20_11_37-817x1024.png\" alt=\"\" class=\"wp-image-201418\" srcset=\"https:\/\/www.hoymercedes.com.ar\/principal\/wp-content\/uploads\/2026\/09\/ChatGPT-Image-1-sept-2026-20_11_37-817x1024.png 817w, https:\/\/www.hoymercedes.com.ar\/principal\/wp-content\/uploads\/2026\/09\/ChatGPT-Image-1-sept-2026-20_11_37-120x150.png 120w, https:\/\/www.hoymercedes.com.ar\/principal\/wp-content\/uploads\/2026\/09\/ChatGPT-Image-1-sept-2026-20_11_37-495x620.png 495w, https:\/\/www.hoymercedes.com.ar\/principal\/wp-content\/uploads\/2026\/09\/ChatGPT-Image-1-sept-2026-20_11_37.png 1120w\" sizes=\"auto, (max-width: 817px) 100vw, 817px\" \/><\/figure>\n\n\n\n<p class=\"wp-block-paragraph\">La <strong>Asociaci\u00f3n Judicial Bonaerense (AJB), Departamental Mercedes<\/strong>, expres\u00f3 su pesar por el fallecimiento de <strong>H\u00e9ctor Daniel Bojorge<\/strong>, quien se desempe\u00f1\u00f3 como secretario de la Comisi\u00f3n Departamental y fue un referente del gremio judicial.<\/p>\n\n\n\n<p class=\"wp-block-paragraph\">A trav\u00e9s de un mensaje difundido por la Comisi\u00f3n Directiva, la entidad destac\u00f3 su trayectoria y el compromiso que mantuvo durante a\u00f1os con la defensa de los derechos de los trabajadores del sector.<\/p>\n\n\n\n<p class=\"wp-block-paragraph\"><strong>Reconocimiento a su trayectoria gremial<\/strong><\/p>\n\n\n\n<p class=\"wp-block-paragraph\">Desde la AJB se\u00f1alaron que Bojorge, conocido afectuosamente como <strong>\u201cDani\u201d<\/strong>, dej\u00f3 una huella en la organizaci\u00f3n por su participaci\u00f3n y su lucha constante en el \u00e1mbito sindical.<\/p>\n\n\n\n<p class=\"wp-block-paragraph\">\u201cSu compromiso y su coherencia lo convirtieron en un ejemplo para quienes compartieron esos a\u00f1os de militancia gremial junto a \u00e9l\u201d, expresaron desde la entidad.<\/p>\n\n\n\n<p class=\"wp-block-paragraph\">La Comisi\u00f3n Directiva y la comunidad de trabajadores judiciales acompa\u00f1aron a sus familiares, amigos y seres queridos en este momento de dolor.<\/p>\n\n\n\n<p class=\"wp-block-paragraph\">\u201cTe vamos a extra\u00f1ar. Hasta siempre, compa\u00f1ero Daniel\u201d, concluy\u00f3 el mensaje de la Asociaci\u00f3n Judicial Bonaerense de Mercedes.<\/p>\n","protected":false},"excerpt":{"rendered":"<p>La Asociaci\u00f3n Judicial Bonaerense (AJB), Departamental Mercedes, expres\u00f3 su pesar por el fallecimiento de H\u00e9ctor Daniel Bojorge, quien se desempe\u00f1\u00f3 &#8230; <a title=\"La AJB Mercedes despidi\u00f3 a H\u00e9ctor Daniel Bojorge\" class=\"read-more\" href=\"https:\/\/www.hoymercedes.com.ar\/principal\/2026\/09\/01\/la-ajb-mercedes-despidio-a-hector-daniel-bojorge\/\" aria-label=\"Leer m\u00e1s sobre La AJB Mercedes despidi\u00f3 a H\u00e9ctor Daniel Bojorge\">Leer m\u00e1s<\/a><\/p>\n","protected":false},"author":1,"featured_media":201418,"comment_status":"closed","ping_status":"open","sticky":false,"template":"","format":"standard","meta":{"_monsterinsights_skip_tracking":false,"_jetpack_newsletter_access":"","_jetpack_dont_email_post_to_subs":false,"_jetpack_newsletter_tier_id":0,"_jetpack_memberships_contains_paywalled_content":false,"_jetpack_feature_clip_id":0,"_jetpack_memberships_contains_paid_content":false,"footnotes":"","jetpack_publicize_message":"{title}\n\n{excerpt}\n\n{url}","jetpack_publicize_feature_enabled":true,"jetpack_social_post_already_shared":true,"jetpack_social_options":{"image_generator_settings":{"template":"highway","default_image_id":0,"font":"","enabled":false},"version":2},"_wpas_customize_per_network":false,"jetpack_post_was_ever_published":false},"categories":[8],"tags":[],"class_list":["post-201417","post","type-post","status-publish","format-standard","has-post-thumbnail","hentry","category-sociedad","generate-columns","tablet-grid-50","mobile-grid-100","grid-parent","grid-50"],"jetpack_publicize_connections":[],"wps_subtitle":"","jetpack_sharing_enabled":true,"jetpack_featured_media_url":"https:\/\/www.hoymercedes.com.ar\/principal\/wp-content\/uploads\/2026\/09\/ChatGPT-Image-1-sept-2026-20_11_37.png","_links":{"self":[{"href":"https:\/\/www.hoymercedes.com.ar\/principal\/wp-json\/wp\/v2\/posts\/201417","targetHints":{"allow":["GET"]}}],"collection":[{"href":"https:\/\/www.hoymercedes.com.ar\/principal\/wp-json\/wp\/v2\/posts"}],"about":[{"href":"https:\/\/www.hoymercedes.com.ar\/principal\/wp-json\/wp\/v2\/types\/post"}],"author":[{"embeddable":true,"href":"https:\/\/www.hoymercedes.com.ar\/principal\/wp-json\/wp\/v2\/users\/1"}],"replies":[{"embeddable":true,"href":"https:\/\/www.hoymercedes.com.ar\/principal\/wp-json\/wp\/v2\/comments?post=201417"}],"version-history":[{"count":1,"href":"https:\/\/www.hoymercedes.com.ar\/principal\/wp-json\/wp\/v2\/posts\/201417\/revisions"}],"predecessor-version":[{"id":201419,"href":"https:\/\/www.hoymercedes.com.ar\/principal\/wp-json\/wp\/v2\/posts\/201417\/revisions\/201419"}],"wp:featuredmedia":[{"embeddable":true,"href":"https:\/\/www.hoymercedes.com.ar\/principal\/wp-json\/wp\/v2\/media\/201418"}],"wp:attachment":[{"href":"https:\/\/www.hoymercedes.com.ar\/principal\/wp-json\/wp\/v2\/media?parent=201417"}],"wp:term":[{"taxonomy":"category","embeddable":true,"href":"https:\/\/www.hoymercedes.com.ar\/principal\/wp-json\/wp\/v2\/categories?post=201417"},{"taxonomy":"post_tag","embeddable":true,"href":"https:\/\/www.hoymercedes.com.ar\/principal\/wp-json\/wp\/v2\/tags?post=201417"}],"curies":[{"name":"wp","href":"https:\/\/api.w.org\/{rel}","templated":true}]}}