{"id":201420,"date":"2026-09-02T14:14:00","date_gmt":"2026-09-02T17:14:00","guid":{"rendered":"https:\/\/www.hoymercedes.com.ar\/principal\/?p=201420"},"modified":"2026-09-01T20:15:40","modified_gmt":"2026-09-01T23:15:40","slug":"realizan-tareas-de-limpieza-y-pintura-de-cordones-en-el-acceso-al-parque-municipal","status":"publish","type":"post","link":"https:\/\/www.hoymercedes.com.ar\/principal\/2026\/09\/02\/realizan-tareas-de-limpieza-y-pintura-de-cordones-en-el-acceso-al-parque-municipal\/","title":{"rendered":"Realizan tareas de limpieza y pintura de cordones en el acceso al Parque Municipal"},"content":{"rendered":"\n<figure class=\"wp-block-image size-full\"><img loading=\"lazy\" decoding=\"async\" width=\"821\" height=\"787\" data-attachment-id=\"201421\" data-permalink=\"https:\/\/www.hoymercedes.com.ar\/principal\/2026\/09\/02\/realizan-tareas-de-limpieza-y-pintura-de-cordones-en-el-acceso-al-parque-municipal\/sin-titulo-107\/#main\" data-orig-file=\"https:\/\/www.hoymercedes.com.ar\/principal\/wp-content\/uploads\/2026\/09\/Sin-titulo.png\" data-orig-size=\"821,787\" data-comments-opened=\"0\" data-image-title=\"Sin t\u00edtulo\" data-image-description=\"\" data-image-caption=\"\" data-large-file=\"https:\/\/www.hoymercedes.com.ar\/principal\/wp-content\/uploads\/2026\/09\/Sin-titulo.png\" src=\"https:\/\/www.hoymercedes.com.ar\/principal\/wp-content\/uploads\/2026\/09\/Sin-titulo.png\" alt=\"\" class=\"wp-image-201421\" srcset=\"https:\/\/www.hoymercedes.com.ar\/principal\/wp-content\/uploads\/2026\/09\/Sin-titulo.png 821w, https:\/\/www.hoymercedes.com.ar\/principal\/wp-content\/uploads\/2026\/09\/Sin-titulo-150x144.png 150w, https:\/\/www.hoymercedes.com.ar\/principal\/wp-content\/uploads\/2026\/09\/Sin-titulo-630x604.png 630w\" sizes=\"auto, (max-width: 821px) 100vw, 821px\" \/><\/figure>\n\n\n\n<p class=\"wp-block-paragraph\">Trabajadores y trabajadoras de las <strong>Cooperativas Unidas de Mercedes<\/strong> llevan adelante tareas de limpieza y pintura de cordones sobre la <strong>avenida 29 y la avenida 40<\/strong>, en el tramo que se extiende hasta el <strong>Parque Municipal Independencia<\/strong>.<\/p>\n\n\n\n<p class=\"wp-block-paragraph\">Los trabajos se realizan de manera articulada con las \u00e1reas municipales de <strong>Obras y Servicios P\u00fablicos<\/strong> y <strong>Seguridad<\/strong>.<\/p>\n\n\n\n<p class=\"wp-block-paragraph\">Desde la organizaci\u00f3n solicitaron a los vecinos circular con precauci\u00f3n y respetar las indicaciones mientras contin\u00faen las tareas, que se extender\u00e1n durante toda la semana.<\/p>\n\n\n\n<p class=\"wp-block-paragraph\">El operativo busca mejorar el mantenimiento, la se\u00f1alizaci\u00f3n y las condiciones de seguridad en uno de los principales accesos al espacio p\u00fablico.<\/p>\n","protected":false},"excerpt":{"rendered":"<p>Trabajadores y trabajadoras de las Cooperativas Unidas de Mercedes llevan adelante tareas de limpieza y pintura de cordones sobre la &#8230; <a title=\"Realizan tareas de limpieza y pintura de cordones en el acceso al Parque Municipal\" class=\"read-more\" href=\"https:\/\/www.hoymercedes.com.ar\/principal\/2026\/09\/02\/realizan-tareas-de-limpieza-y-pintura-de-cordones-en-el-acceso-al-parque-municipal\/\" aria-label=\"Leer m\u00e1s sobre Realizan tareas de limpieza y pintura de cordones en el acceso al Parque Municipal\">Leer m\u00e1s<\/a><\/p>\n","protected":false},"author":1,"featured_media":201421,"comment_status":"closed","ping_status":"open","sticky":false,"template":"","format":"standard","meta":{"_monsterinsights_skip_tracking":false,"_jetpack_newsletter_access":"","_jetpack_dont_email_post_to_subs":false,"_jetpack_newsletter_tier_id":0,"_jetpack_memberships_contains_paywalled_content":false,"_jetpack_feature_clip_id":0,"_jetpack_memberships_contains_paid_content":false,"footnotes":"","jetpack_publicize_message":"{title}\n\n{excerpt}\n\n{url}","jetpack_publicize_feature_enabled":true,"jetpack_social_post_already_shared":true,"jetpack_social_options":{"image_generator_settings":{"template":"highway","default_image_id":0,"font":"","enabled":false},"version":2},"_wpas_customize_per_network":false,"jetpack_post_was_ever_published":false},"categories":[8],"tags":[],"class_list":["post-201420","post","type-post","status-publish","format-standard","has-post-thumbnail","hentry","category-sociedad","generate-columns","tablet-grid-50","mobile-grid-100","grid-parent","grid-50"],"jetpack_publicize_connections":[],"wps_subtitle":"","jetpack_sharing_enabled":true,"jetpack_featured_media_url":"https:\/\/www.hoymercedes.com.ar\/principal\/wp-content\/uploads\/2026\/09\/Sin-titulo.png","_links":{"self":[{"href":"https:\/\/www.hoymercedes.com.ar\/principal\/wp-json\/wp\/v2\/posts\/201420","targetHints":{"allow":["GET"]}}],"collection":[{"href":"https:\/\/www.hoymercedes.com.ar\/principal\/wp-json\/wp\/v2\/posts"}],"about":[{"href":"https:\/\/www.hoymercedes.com.ar\/principal\/wp-json\/wp\/v2\/types\/post"}],"author":[{"embeddable":true,"href":"https:\/\/www.hoymercedes.com.ar\/principal\/wp-json\/wp\/v2\/users\/1"}],"replies":[{"embeddable":true,"href":"https:\/\/www.hoymercedes.com.ar\/principal\/wp-json\/wp\/v2\/comments?post=201420"}],"version-history":[{"count":1,"href":"https:\/\/www.hoymercedes.com.ar\/principal\/wp-json\/wp\/v2\/posts\/201420\/revisions"}],"predecessor-version":[{"id":201422,"href":"https:\/\/www.hoymercedes.com.ar\/principal\/wp-json\/wp\/v2\/posts\/201420\/revisions\/201422"}],"wp:featuredmedia":[{"embeddable":true,"href":"https:\/\/www.hoymercedes.com.ar\/principal\/wp-json\/wp\/v2\/media\/201421"}],"wp:attachment":[{"href":"https:\/\/www.hoymercedes.com.ar\/principal\/wp-json\/wp\/v2\/media?parent=201420"}],"wp:term":[{"taxonomy":"category","embeddable":true,"href":"https:\/\/www.hoymercedes.com.ar\/principal\/wp-json\/wp\/v2\/categories?post=201420"},{"taxonomy":"post_tag","embeddable":true,"href":"https:\/\/www.hoymercedes.com.ar\/principal\/wp-json\/wp\/v2\/tags?post=201420"}],"curies":[{"name":"wp","href":"https:\/\/api.w.org\/{rel}","templated":true}]}}