{"id":201423,"date":"2026-09-03T12:00:00","date_gmt":"2026-09-03T15:00:00","guid":{"rendered":"https:\/\/www.hoymercedes.com.ar\/principal\/?p=201423"},"modified":"2026-09-01T20:19:29","modified_gmt":"2026-09-01T23:19:29","slug":"entelequia-presento-su-primer-ep-laberinto-de-asterion","status":"publish","type":"post","link":"https:\/\/www.hoymercedes.com.ar\/principal\/2026\/09\/03\/entelequia-presento-su-primer-ep-laberinto-de-asterion\/","title":{"rendered":"Entelequia present\u00f3 su primer EP: \u201cLaberinto de Asteri\u00f3n\u201d"},"content":{"rendered":"\n<figure class=\"wp-block-image size-full\"><img loading=\"lazy\" decoding=\"async\" width=\"550\" height=\"563\" data-attachment-id=\"201424\" data-permalink=\"https:\/\/www.hoymercedes.com.ar\/principal\/2026\/09\/03\/entelequia-presento-su-primer-ep-laberinto-de-asterion\/sin-titulo-108\/#main\" data-orig-file=\"https:\/\/www.hoymercedes.com.ar\/principal\/wp-content\/uploads\/2026\/09\/Sin-titulo-1.png\" data-orig-size=\"550,563\" data-comments-opened=\"0\" data-image-title=\"Sin t\u00edtulo\" data-image-description=\"\" data-image-caption=\"\" data-large-file=\"https:\/\/www.hoymercedes.com.ar\/principal\/wp-content\/uploads\/2026\/09\/Sin-titulo-1.png\" src=\"https:\/\/www.hoymercedes.com.ar\/principal\/wp-content\/uploads\/2026\/09\/Sin-titulo-1.png\" alt=\"\" class=\"wp-image-201424\" srcset=\"https:\/\/www.hoymercedes.com.ar\/principal\/wp-content\/uploads\/2026\/09\/Sin-titulo-1.png 550w, https:\/\/www.hoymercedes.com.ar\/principal\/wp-content\/uploads\/2026\/09\/Sin-titulo-1-147x150.png 147w\" sizes=\"auto, (max-width: 550px) 100vw, 550px\" \/><\/figure>\n\n\n\n<p class=\"wp-block-paragraph\">La banda de rock de Mercedes <strong>Entelequia<\/strong> lanz\u00f3 oficialmente <strong>\u201cLaberinto de Asteri\u00f3n\u201d<\/strong>, su primer EP, que ya se encuentra disponible en las plataformas digitales.<\/p>\n\n\n\n<p class=\"wp-block-paragraph\">El material re\u00fane <strong>cinco canciones<\/strong> compuestas durante el primer a\u00f1o de actividad en vivo del grupo. La grabaci\u00f3n, producci\u00f3n y masterizaci\u00f3n estuvieron a cargo de <strong>Marcos Porcar<\/strong>, en <strong>Estudio Equilibrio<\/strong>.<\/p>\n\n\n\n<p class=\"wp-block-paragraph\">La formaci\u00f3n est\u00e1 integrada por <strong>Baltazar Soler, Benjam\u00edn Soler, Luca Toscano y Tadeo Ricchini<\/strong>.<\/p>\n\n\n\n<p class=\"wp-block-paragraph\">Actualmente, la banda trabaja en la organizaci\u00f3n de un pr\u00f3ximo <strong>show en vivo<\/strong>, donde presentar\u00e1 formalmente el EP y compartir\u00e1 nuevas canciones con el p\u00fablico.<\/p>\n","protected":false},"excerpt":{"rendered":"<p>La banda de rock de Mercedes Entelequia lanz\u00f3 oficialmente \u201cLaberinto de Asteri\u00f3n\u201d, su primer EP, que ya se encuentra disponible &#8230; <a title=\"Entelequia present\u00f3 su primer EP: \u201cLaberinto de Asteri\u00f3n\u201d\" class=\"read-more\" href=\"https:\/\/www.hoymercedes.com.ar\/principal\/2026\/09\/03\/entelequia-presento-su-primer-ep-laberinto-de-asterion\/\" aria-label=\"Leer m\u00e1s sobre Entelequia present\u00f3 su primer EP: \u201cLaberinto de Asteri\u00f3n\u201d\">Leer m\u00e1s<\/a><\/p>\n","protected":false},"author":1,"featured_media":201424,"comment_status":"closed","ping_status":"open","sticky":false,"template":"","format":"standard","meta":{"_monsterinsights_skip_tracking":false,"_jetpack_newsletter_access":"","_jetpack_dont_email_post_to_subs":false,"_jetpack_newsletter_tier_id":0,"_jetpack_memberships_contains_paywalled_content":false,"_jetpack_feature_clip_id":0,"_jetpack_memberships_contains_paid_content":false,"footnotes":"","jetpack_publicize_message":"{title}\n\n{excerpt}\n\n{url}","jetpack_publicize_feature_enabled":true,"jetpack_social_post_already_shared":true,"jetpack_social_options":{"image_generator_settings":{"template":"highway","default_image_id":0,"font":"","enabled":false},"version":2},"_wpas_customize_per_network":false,"jetpack_post_was_ever_published":false},"categories":[104],"tags":[],"class_list":["post-201423","post","type-post","status-publish","format-standard","has-post-thumbnail","hentry","category-cultura","generate-columns","tablet-grid-50","mobile-grid-100","grid-parent","grid-50"],"jetpack_publicize_connections":[],"wps_subtitle":"","jetpack_sharing_enabled":true,"jetpack_featured_media_url":"https:\/\/www.hoymercedes.com.ar\/principal\/wp-content\/uploads\/2026\/09\/Sin-titulo-1.png","_links":{"self":[{"href":"https:\/\/www.hoymercedes.com.ar\/principal\/wp-json\/wp\/v2\/posts\/201423","targetHints":{"allow":["GET"]}}],"collection":[{"href":"https:\/\/www.hoymercedes.com.ar\/principal\/wp-json\/wp\/v2\/posts"}],"about":[{"href":"https:\/\/www.hoymercedes.com.ar\/principal\/wp-json\/wp\/v2\/types\/post"}],"author":[{"embeddable":true,"href":"https:\/\/www.hoymercedes.com.ar\/principal\/wp-json\/wp\/v2\/users\/1"}],"replies":[{"embeddable":true,"href":"https:\/\/www.hoymercedes.com.ar\/principal\/wp-json\/wp\/v2\/comments?post=201423"}],"version-history":[{"count":1,"href":"https:\/\/www.hoymercedes.com.ar\/principal\/wp-json\/wp\/v2\/posts\/201423\/revisions"}],"predecessor-version":[{"id":201425,"href":"https:\/\/www.hoymercedes.com.ar\/principal\/wp-json\/wp\/v2\/posts\/201423\/revisions\/201425"}],"wp:featuredmedia":[{"embeddable":true,"href":"https:\/\/www.hoymercedes.com.ar\/principal\/wp-json\/wp\/v2\/media\/201424"}],"wp:attachment":[{"href":"https:\/\/www.hoymercedes.com.ar\/principal\/wp-json\/wp\/v2\/media?parent=201423"}],"wp:term":[{"taxonomy":"category","embeddable":true,"href":"https:\/\/www.hoymercedes.com.ar\/principal\/wp-json\/wp\/v2\/categories?post=201423"},{"taxonomy":"post_tag","embeddable":true,"href":"https:\/\/www.hoymercedes.com.ar\/principal\/wp-json\/wp\/v2\/tags?post=201423"}],"curies":[{"name":"wp","href":"https:\/\/api.w.org\/{rel}","templated":true}]}}