{"id":201426,"date":"2026-09-04T10:20:00","date_gmt":"2026-09-04T13:20:00","guid":{"rendered":"https:\/\/www.hoymercedes.com.ar\/principal\/?p=201426"},"modified":"2026-09-01T20:21:35","modified_gmt":"2026-09-01T23:21:35","slug":"municipales-percibiran-agosto-con-un-6-de-aumento-al-basico","status":"publish","type":"post","link":"https:\/\/www.hoymercedes.com.ar\/principal\/2026\/09\/04\/municipales-percibiran-agosto-con-un-6-de-aumento-al-basico\/","title":{"rendered":"Municipales percibir\u00e1n agosto con un 6% de aumento al b\u00e1sico"},"content":{"rendered":"\n<figure class=\"wp-block-image size-full\"><img loading=\"lazy\" decoding=\"async\" width=\"630\" height=\"439\" data-attachment-id=\"61573\" data-permalink=\"https:\/\/www.hoymercedes.com.ar\/principal\/2017\/04\/10\/ate-disconforme-con-la-oferta-para-los-municipales\/10-palacio_municipal\/#main\" data-orig-file=\"https:\/\/www.hoymercedes.com.ar\/principal\/wp-content\/uploads\/2017\/04\/10-palacio_municipal.jpg\" data-orig-size=\"630,439\" data-comments-opened=\"0\" data-image-title=\"10 palacio_municipal\" data-image-description=\"\" data-image-caption=\"\" data-large-file=\"https:\/\/www.hoymercedes.com.ar\/principal\/wp-content\/uploads\/2017\/04\/10-palacio_municipal.jpg\" src=\"https:\/\/www.hoymercedes.com.ar\/principal\/wp-content\/uploads\/2017\/04\/10-palacio_municipal.jpg\" alt=\"\" class=\"wp-image-61573\" srcset=\"https:\/\/www.hoymercedes.com.ar\/principal\/wp-content\/uploads\/2017\/04\/10-palacio_municipal.jpg 630w, https:\/\/www.hoymercedes.com.ar\/principal\/wp-content\/uploads\/2017\/04\/10-palacio_municipal-150x105.jpg 150w\" sizes=\"auto, (max-width: 630px) 100vw, 630px\" \/><\/figure>\n\n\n\n<p class=\"wp-block-paragraph\">El <strong>Sindicato de Trabajadores Municipales de Mercedes (STMM)<\/strong> inform\u00f3 que los salarios correspondientes a agosto fueron acreditados con un <strong>6% de aumento sobre el b\u00e1sico<\/strong>.<\/p>\n\n\n\n<p class=\"wp-block-paragraph\">La conducci\u00f3n gremial, encabezada por la secretaria general <strong>Evangelina Artaza<\/strong> y la agrupaci\u00f3n <strong>La Violeta<\/strong>, tambi\u00e9n destac\u00f3 avances en la carrera administrativa de los trabajadores municipales.<\/p>\n\n\n\n<p class=\"wp-block-paragraph\"><strong>Pases a planta y ascensos<\/strong><\/p>\n\n\n\n<p class=\"wp-block-paragraph\">Seg\u00fan comunic\u00f3 el sindicato, en el marco de la <strong>Ley Provincial 14.656<\/strong> y del <strong>Convenio Colectivo de Trabajo<\/strong>, se concretaron:<\/p>\n\n\n\n<ul class=\"wp-block-list\">\n<li><strong>118 pases a planta permanente<\/strong>.<\/li>\n\n\n\n<li><strong>346 recategorizaciones<\/strong>.<\/li>\n\n\n\n<li><strong>228 ascensos<\/strong> dentro de la estructura laboral de la Municipalidad.<\/li>\n<\/ul>\n\n\n\n<p class=\"wp-block-paragraph\">Desde el STMM se\u00f1alaron que estas medidas forman parte del proceso de reconocimiento y regularizaci\u00f3n de la carrera administrativa municipal.<\/p>\n","protected":false},"excerpt":{"rendered":"<p>El Sindicato de Trabajadores Municipales de Mercedes (STMM) inform\u00f3 que los salarios correspondientes a agosto fueron acreditados con un 6% &#8230; <a title=\"Municipales percibir\u00e1n agosto con un 6% de aumento al b\u00e1sico\" class=\"read-more\" href=\"https:\/\/www.hoymercedes.com.ar\/principal\/2026\/09\/04\/municipales-percibiran-agosto-con-un-6-de-aumento-al-basico\/\" aria-label=\"Leer m\u00e1s sobre Municipales percibir\u00e1n agosto con un 6% de aumento al b\u00e1sico\">Leer m\u00e1s<\/a><\/p>\n","protected":false},"author":1,"featured_media":61573,"comment_status":"closed","ping_status":"open","sticky":false,"template":"","format":"standard","meta":{"_monsterinsights_skip_tracking":false,"_jetpack_newsletter_access":"","_jetpack_dont_email_post_to_subs":false,"_jetpack_newsletter_tier_id":0,"_jetpack_memberships_contains_paywalled_content":false,"_jetpack_feature_clip_id":0,"_jetpack_memberships_contains_paid_content":false,"footnotes":"","jetpack_publicize_message":"{title}\n\n{excerpt}\n\n{url}","jetpack_publicize_feature_enabled":true,"jetpack_social_post_already_shared":true,"jetpack_social_options":{"image_generator_settings":{"template":"highway","default_image_id":0,"font":"","enabled":false},"version":2},"_wpas_customize_per_network":false,"jetpack_post_was_ever_published":false},"categories":[8],"tags":[],"class_list":["post-201426","post","type-post","status-publish","format-standard","has-post-thumbnail","hentry","category-sociedad","generate-columns","tablet-grid-50","mobile-grid-100","grid-parent","grid-50"],"jetpack_publicize_connections":[],"wps_subtitle":"","jetpack_sharing_enabled":true,"jetpack_featured_media_url":"https:\/\/www.hoymercedes.com.ar\/principal\/wp-content\/uploads\/2017\/04\/10-palacio_municipal.jpg","_links":{"self":[{"href":"https:\/\/www.hoymercedes.com.ar\/principal\/wp-json\/wp\/v2\/posts\/201426","targetHints":{"allow":["GET"]}}],"collection":[{"href":"https:\/\/www.hoymercedes.com.ar\/principal\/wp-json\/wp\/v2\/posts"}],"about":[{"href":"https:\/\/www.hoymercedes.com.ar\/principal\/wp-json\/wp\/v2\/types\/post"}],"author":[{"embeddable":true,"href":"https:\/\/www.hoymercedes.com.ar\/principal\/wp-json\/wp\/v2\/users\/1"}],"replies":[{"embeddable":true,"href":"https:\/\/www.hoymercedes.com.ar\/principal\/wp-json\/wp\/v2\/comments?post=201426"}],"version-history":[{"count":1,"href":"https:\/\/www.hoymercedes.com.ar\/principal\/wp-json\/wp\/v2\/posts\/201426\/revisions"}],"predecessor-version":[{"id":201427,"href":"https:\/\/www.hoymercedes.com.ar\/principal\/wp-json\/wp\/v2\/posts\/201426\/revisions\/201427"}],"wp:featuredmedia":[{"embeddable":true,"href":"https:\/\/www.hoymercedes.com.ar\/principal\/wp-json\/wp\/v2\/media\/61573"}],"wp:attachment":[{"href":"https:\/\/www.hoymercedes.com.ar\/principal\/wp-json\/wp\/v2\/media?parent=201426"}],"wp:term":[{"taxonomy":"category","embeddable":true,"href":"https:\/\/www.hoymercedes.com.ar\/principal\/wp-json\/wp\/v2\/categories?post=201426"},{"taxonomy":"post_tag","embeddable":true,"href":"https:\/\/www.hoymercedes.com.ar\/principal\/wp-json\/wp\/v2\/tags?post=201426"}],"curies":[{"name":"wp","href":"https:\/\/api.w.org\/{rel}","templated":true}]}}