{"id":201428,"date":"2026-09-02T14:22:00","date_gmt":"2026-09-02T17:22:00","guid":{"rendered":"https:\/\/www.hoymercedes.com.ar\/principal\/?p=201428"},"modified":"2026-09-01T20:23:39","modified_gmt":"2026-09-01T23:23:39","slug":"secuestraron-varias-motocicletas-durante-un-operativo-nocturno-en-la-trocha","status":"publish","type":"post","link":"https:\/\/www.hoymercedes.com.ar\/principal\/2026\/09\/02\/secuestraron-varias-motocicletas-durante-un-operativo-nocturno-en-la-trocha\/","title":{"rendered":"Secuestraron varias motocicletas durante un operativo nocturno en La Trocha"},"content":{"rendered":"\n<figure class=\"wp-block-image size-full\"><img loading=\"lazy\" decoding=\"async\" width=\"731\" height=\"560\" data-attachment-id=\"201429\" data-permalink=\"https:\/\/www.hoymercedes.com.ar\/principal\/2026\/09\/02\/secuestraron-varias-motocicletas-durante-un-operativo-nocturno-en-la-trocha\/sin-titulo-109\/#main\" data-orig-file=\"https:\/\/www.hoymercedes.com.ar\/principal\/wp-content\/uploads\/2026\/09\/Sin-titulo-2.png\" data-orig-size=\"731,560\" data-comments-opened=\"0\" data-image-title=\"Sin t\u00edtulo\" data-image-description=\"\" data-image-caption=\"\" data-large-file=\"https:\/\/www.hoymercedes.com.ar\/principal\/wp-content\/uploads\/2026\/09\/Sin-titulo-2.png\" src=\"https:\/\/www.hoymercedes.com.ar\/principal\/wp-content\/uploads\/2026\/09\/Sin-titulo-2.png\" alt=\"\" class=\"wp-image-201429\" srcset=\"https:\/\/www.hoymercedes.com.ar\/principal\/wp-content\/uploads\/2026\/09\/Sin-titulo-2.png 731w, https:\/\/www.hoymercedes.com.ar\/principal\/wp-content\/uploads\/2026\/09\/Sin-titulo-2-150x115.png 150w, https:\/\/www.hoymercedes.com.ar\/principal\/wp-content\/uploads\/2026\/09\/Sin-titulo-2-630x483.png 630w\" sizes=\"auto, (max-width: 731px) 100vw, 731px\" \/><\/figure>\n\n\n\n<p class=\"wp-block-paragraph\">Efectivos de la <strong>Polic\u00eda Comunal<\/strong>, la <strong>Polic\u00eda Motorizada<\/strong>, el <strong>GAD<\/strong> y personal de <strong>Tr\u00e1nsito<\/strong> realizaron un operativo nocturno de prevenci\u00f3n en el predio de <strong>La Trocha<\/strong>.<\/p>\n\n\n\n<p class=\"wp-block-paragraph\">Durante el procedimiento se llevaron a cabo controles vehiculares y verificaci\u00f3n de documentaci\u00f3n, con el objetivo de detectar irregularidades y reforzar la seguridad vial.<\/p>\n\n\n\n<p class=\"wp-block-paragraph\">Como resultado del dispositivo, se procedi\u00f3 al <strong>secuestro de varias motocicletas<\/strong> por incumplimientos de la normativa vigente.<\/p>\n\n\n\n<p class=\"wp-block-paragraph\">Desde la Secretar\u00eda de Seguridad de Mercedes se\u00f1alaron que este tipo de operativos continuar\u00e1 desarroll\u00e1ndose de manera sostenida en distintos sectores de la ciudad.<\/p>\n","protected":false},"excerpt":{"rendered":"<p>Efectivos de la Polic\u00eda Comunal, la Polic\u00eda Motorizada, el GAD y personal de Tr\u00e1nsito realizaron un operativo nocturno de prevenci\u00f3n &#8230; <a title=\"Secuestraron varias motocicletas durante un operativo nocturno en La Trocha\" class=\"read-more\" href=\"https:\/\/www.hoymercedes.com.ar\/principal\/2026\/09\/02\/secuestraron-varias-motocicletas-durante-un-operativo-nocturno-en-la-trocha\/\" aria-label=\"Leer m\u00e1s sobre Secuestraron varias motocicletas durante un operativo nocturno en La Trocha\">Leer m\u00e1s<\/a><\/p>\n","protected":false},"author":1,"featured_media":201429,"comment_status":"closed","ping_status":"open","sticky":false,"template":"","format":"standard","meta":{"_monsterinsights_skip_tracking":false,"_jetpack_newsletter_access":"","_jetpack_dont_email_post_to_subs":false,"_jetpack_newsletter_tier_id":0,"_jetpack_memberships_contains_paywalled_content":false,"_jetpack_feature_clip_id":0,"_jetpack_memberships_contains_paid_content":false,"footnotes":"","jetpack_publicize_message":"{title}\n\n{excerpt}\n\n{url}","jetpack_publicize_feature_enabled":true,"jetpack_social_post_already_shared":true,"jetpack_social_options":{"image_generator_settings":{"template":"highway","default_image_id":0,"font":"","enabled":false},"version":2},"_wpas_customize_per_network":false,"jetpack_post_was_ever_published":false},"categories":[85],"tags":[],"class_list":["post-201428","post","type-post","status-publish","format-standard","has-post-thumbnail","hentry","category-policial","generate-columns","tablet-grid-50","mobile-grid-100","grid-parent","grid-50"],"jetpack_publicize_connections":[],"wps_subtitle":"","jetpack_sharing_enabled":true,"jetpack_featured_media_url":"https:\/\/www.hoymercedes.com.ar\/principal\/wp-content\/uploads\/2026\/09\/Sin-titulo-2.png","_links":{"self":[{"href":"https:\/\/www.hoymercedes.com.ar\/principal\/wp-json\/wp\/v2\/posts\/201428","targetHints":{"allow":["GET"]}}],"collection":[{"href":"https:\/\/www.hoymercedes.com.ar\/principal\/wp-json\/wp\/v2\/posts"}],"about":[{"href":"https:\/\/www.hoymercedes.com.ar\/principal\/wp-json\/wp\/v2\/types\/post"}],"author":[{"embeddable":true,"href":"https:\/\/www.hoymercedes.com.ar\/principal\/wp-json\/wp\/v2\/users\/1"}],"replies":[{"embeddable":true,"href":"https:\/\/www.hoymercedes.com.ar\/principal\/wp-json\/wp\/v2\/comments?post=201428"}],"version-history":[{"count":1,"href":"https:\/\/www.hoymercedes.com.ar\/principal\/wp-json\/wp\/v2\/posts\/201428\/revisions"}],"predecessor-version":[{"id":201430,"href":"https:\/\/www.hoymercedes.com.ar\/principal\/wp-json\/wp\/v2\/posts\/201428\/revisions\/201430"}],"wp:featuredmedia":[{"embeddable":true,"href":"https:\/\/www.hoymercedes.com.ar\/principal\/wp-json\/wp\/v2\/media\/201429"}],"wp:attachment":[{"href":"https:\/\/www.hoymercedes.com.ar\/principal\/wp-json\/wp\/v2\/media?parent=201428"}],"wp:term":[{"taxonomy":"category","embeddable":true,"href":"https:\/\/www.hoymercedes.com.ar\/principal\/wp-json\/wp\/v2\/categories?post=201428"},{"taxonomy":"post_tag","embeddable":true,"href":"https:\/\/www.hoymercedes.com.ar\/principal\/wp-json\/wp\/v2\/tags?post=201428"}],"curies":[{"name":"wp","href":"https:\/\/api.w.org\/{rel}","templated":true}]}}