{"id":201431,"date":"2026-09-03T13:00:00","date_gmt":"2026-09-03T16:00:00","guid":{"rendered":"https:\/\/www.hoymercedes.com.ar\/principal\/?p=201431"},"modified":"2026-09-01T20:33:37","modified_gmt":"2026-09-01T23:33:37","slug":"realizaron-la-cena-anual-a-beneficio-del-cef-n-40","status":"publish","type":"post","link":"https:\/\/www.hoymercedes.com.ar\/principal\/2026\/09\/03\/realizaron-la-cena-anual-a-beneficio-del-cef-n-40\/","title":{"rendered":"Realizaron la cena anual a beneficio del CEF N\u00b0 40"},"content":{"rendered":"\n<figure class=\"wp-block-image size-large\"><img loading=\"lazy\" decoding=\"async\" width=\"1024\" height=\"684\" data-attachment-id=\"201432\" data-permalink=\"https:\/\/www.hoymercedes.com.ar\/principal\/2026\/09\/03\/realizaron-la-cena-anual-a-beneficio-del-cef-n-40\/image-1055\/#main\" data-orig-file=\"https:\/\/www.hoymercedes.com.ar\/principal\/wp-content\/uploads\/2026\/09\/image-11.png\" data-orig-size=\"2048,1367\" data-comments-opened=\"0\" data-image-title=\"image\" data-image-description=\"\" data-image-caption=\"\" data-large-file=\"https:\/\/www.hoymercedes.com.ar\/principal\/wp-content\/uploads\/2026\/09\/image-11-1024x684.png\" src=\"https:\/\/www.hoymercedes.com.ar\/principal\/wp-content\/uploads\/2026\/09\/image-11-1024x684.png\" alt=\"\" class=\"wp-image-201432\" srcset=\"https:\/\/www.hoymercedes.com.ar\/principal\/wp-content\/uploads\/2026\/09\/image-11-1024x684.png 1024w, https:\/\/www.hoymercedes.com.ar\/principal\/wp-content\/uploads\/2026\/09\/image-11-150x100.png 150w, https:\/\/www.hoymercedes.com.ar\/principal\/wp-content\/uploads\/2026\/09\/image-11-630x421.png 630w, https:\/\/www.hoymercedes.com.ar\/principal\/wp-content\/uploads\/2026\/09\/image-11-1536x1025.png 1536w, https:\/\/www.hoymercedes.com.ar\/principal\/wp-content\/uploads\/2026\/09\/image-11.png 2048w\" sizes=\"auto, (max-width: 1024px) 100vw, 1024px\" \/><\/figure>\n\n\n\n<p class=\"wp-block-paragraph\">Autoridades municipales participaron este s\u00e1bado de la tradicional <strong>cena anual a beneficio del CEF N\u00b0 40<\/strong>, organizada junto con la comunidad educativa de la instituci\u00f3n.<\/p>\n\n\n\n<p class=\"wp-block-paragraph\">Del encuentro participaron el intendente <strong>Juan Ignacio Ustarroz<\/strong>, la presidenta del Concejo Deliberante <strong>Mariana San Mart\u00edn<\/strong>, el concejal <strong>Santiago Altube<\/strong>, la directora de Deportes <strong>Maru Saboredo<\/strong> y <strong>Juan Mart\u00edn Silvestre<\/strong>.<\/p>\n\n\n\n<p class=\"wp-block-paragraph\"><strong>Reconocimiento a la comunidad educativa<\/strong><\/p>\n\n\n\n<p class=\"wp-block-paragraph\">Durante la jornada se destac\u00f3 el trabajo de la directora <strong>Carolina Martinelli<\/strong>, del equipo integrado por m\u00e1s de <strong>60 profesores<\/strong> y de la cooperadora escolar.<\/p>\n\n\n\n<p class=\"wp-block-paragraph\">La instituci\u00f3n brinda ense\u00f1anza deportiva a m\u00e1s de <strong>2.000 alumnos<\/strong> a trav\u00e9s de disciplinas como <strong>b\u00e1squet, v\u00f3ley, handball, f\u00fatbol y actividades adaptadas<\/strong>.<\/p>\n\n\n\n<p class=\"wp-block-paragraph\">En el marco de la cena, la cooperadora tambi\u00e9n incorpor\u00f3 <strong>nuevos materiales<\/strong> destinados al desarrollo de las distintas escuelas deportivas que funcionan en el centro.<\/p>\n","protected":false},"excerpt":{"rendered":"<p>Autoridades municipales participaron este s\u00e1bado de la tradicional cena anual a beneficio del CEF N\u00b0 40, organizada junto con la &#8230; <a title=\"Realizaron la cena anual a beneficio del CEF N\u00b0 40\" class=\"read-more\" href=\"https:\/\/www.hoymercedes.com.ar\/principal\/2026\/09\/03\/realizaron-la-cena-anual-a-beneficio-del-cef-n-40\/\" aria-label=\"Leer m\u00e1s sobre Realizaron la cena anual a beneficio del CEF N\u00b0 40\">Leer m\u00e1s<\/a><\/p>\n","protected":false},"author":1,"featured_media":201432,"comment_status":"closed","ping_status":"open","sticky":false,"template":"","format":"standard","meta":{"_monsterinsights_skip_tracking":false,"_jetpack_newsletter_access":"","_jetpack_dont_email_post_to_subs":false,"_jetpack_newsletter_tier_id":0,"_jetpack_memberships_contains_paywalled_content":false,"_jetpack_feature_clip_id":0,"_jetpack_memberships_contains_paid_content":false,"footnotes":"","jetpack_publicize_message":"{title}\n\n{excerpt}\n\n{url}","jetpack_publicize_feature_enabled":true,"jetpack_social_post_already_shared":true,"jetpack_social_options":{"image_generator_settings":{"template":"highway","default_image_id":0,"font":"","enabled":false},"version":2},"_wpas_customize_per_network":false,"jetpack_post_was_ever_published":false},"categories":[21],"tags":[],"class_list":["post-201431","post","type-post","status-publish","format-standard","has-post-thumbnail","hentry","category-deportes","generate-columns","tablet-grid-50","mobile-grid-100","grid-parent","grid-50"],"jetpack_publicize_connections":[],"wps_subtitle":"","jetpack_sharing_enabled":true,"jetpack_featured_media_url":"https:\/\/www.hoymercedes.com.ar\/principal\/wp-content\/uploads\/2026\/09\/image-11.png","_links":{"self":[{"href":"https:\/\/www.hoymercedes.com.ar\/principal\/wp-json\/wp\/v2\/posts\/201431","targetHints":{"allow":["GET"]}}],"collection":[{"href":"https:\/\/www.hoymercedes.com.ar\/principal\/wp-json\/wp\/v2\/posts"}],"about":[{"href":"https:\/\/www.hoymercedes.com.ar\/principal\/wp-json\/wp\/v2\/types\/post"}],"author":[{"embeddable":true,"href":"https:\/\/www.hoymercedes.com.ar\/principal\/wp-json\/wp\/v2\/users\/1"}],"replies":[{"embeddable":true,"href":"https:\/\/www.hoymercedes.com.ar\/principal\/wp-json\/wp\/v2\/comments?post=201431"}],"version-history":[{"count":1,"href":"https:\/\/www.hoymercedes.com.ar\/principal\/wp-json\/wp\/v2\/posts\/201431\/revisions"}],"predecessor-version":[{"id":201433,"href":"https:\/\/www.hoymercedes.com.ar\/principal\/wp-json\/wp\/v2\/posts\/201431\/revisions\/201433"}],"wp:featuredmedia":[{"embeddable":true,"href":"https:\/\/www.hoymercedes.com.ar\/principal\/wp-json\/wp\/v2\/media\/201432"}],"wp:attachment":[{"href":"https:\/\/www.hoymercedes.com.ar\/principal\/wp-json\/wp\/v2\/media?parent=201431"}],"wp:term":[{"taxonomy":"category","embeddable":true,"href":"https:\/\/www.hoymercedes.com.ar\/principal\/wp-json\/wp\/v2\/categories?post=201431"},{"taxonomy":"post_tag","embeddable":true,"href":"https:\/\/www.hoymercedes.com.ar\/principal\/wp-json\/wp\/v2\/tags?post=201431"}],"curies":[{"name":"wp","href":"https:\/\/api.w.org\/{rel}","templated":true}]}}