{"id":201438,"date":"2026-09-02T14:30:00","date_gmt":"2026-09-02T17:30:00","guid":{"rendered":"https:\/\/www.hoymercedes.com.ar\/principal\/?p=201438"},"modified":"2026-09-01T23:20:35","modified_gmt":"2026-09-02T02:20:35","slug":"caminos-rurales-una-obra-clave-para-garantizar-las-clases-todos-los-dias-en-la-escuela-n23","status":"publish","type":"post","link":"https:\/\/www.hoymercedes.com.ar\/principal\/2026\/09\/02\/caminos-rurales-una-obra-clave-para-garantizar-las-clases-todos-los-dias-en-la-escuela-n23\/","title":{"rendered":"Caminos rurales: una obra clave para garantizar las clases todos los d\u00edas en la Escuela N\u00b023"},"content":{"rendered":"\n<figure class=\"wp-block-image size-large\"><img loading=\"lazy\" decoding=\"async\" width=\"1024\" height=\"682\" data-attachment-id=\"201439\" data-permalink=\"https:\/\/www.hoymercedes.com.ar\/principal\/2026\/09\/02\/caminos-rurales-una-obra-clave-para-garantizar-las-clases-todos-los-dias-en-la-escuela-n23\/ustarroz-escuela23-1\/#main\" data-orig-file=\"https:\/\/www.hoymercedes.com.ar\/principal\/wp-content\/uploads\/2026\/09\/Ustarroz-Escuela23-1.jpg\" data-orig-size=\"1319,879\" data-comments-opened=\"0\" data-image-title=\"Ustarroz-Escuela23-1\" data-image-description=\"&lt;p&gt;Caminos rurales: una obra clave para garantizar las clases todos los d\u00edas en la Escuela N\u00b023&lt;\/p&gt;\n\" data-image-caption=\"&lt;p&gt;Caminos rurales: una obra clave para garantizar las clases todos los d\u00edas en la Escuela N\u00b023&lt;\/p&gt;\n\" data-large-file=\"https:\/\/www.hoymercedes.com.ar\/principal\/wp-content\/uploads\/2026\/09\/Ustarroz-Escuela23-1-1024x682.jpg\" src=\"https:\/\/www.hoymercedes.com.ar\/principal\/wp-content\/uploads\/2026\/09\/Ustarroz-Escuela23-1-1024x682.jpg\" alt=\"\" class=\"wp-image-201439\" srcset=\"https:\/\/www.hoymercedes.com.ar\/principal\/wp-content\/uploads\/2026\/09\/Ustarroz-Escuela23-1-1024x682.jpg 1024w, https:\/\/www.hoymercedes.com.ar\/principal\/wp-content\/uploads\/2026\/09\/Ustarroz-Escuela23-1-630x420.jpg 630w, https:\/\/www.hoymercedes.com.ar\/principal\/wp-content\/uploads\/2026\/09\/Ustarroz-Escuela23-1-150x100.jpg 150w, https:\/\/www.hoymercedes.com.ar\/principal\/wp-content\/uploads\/2026\/09\/Ustarroz-Escuela23-1.jpg 1319w\" sizes=\"auto, (max-width: 1024px) 100vw, 1024px\" \/><\/figure>\n\n\n\n<p class=\"wp-block-paragraph\">El Municipio de Mercedes concret\u00f3 una importante obra de infraestructura y consolidaci\u00f3n vial en el acceso a la Escuela Primaria N\u00b0 23 de la localidad de Goldney, en el marco del plan sostenido de mejoras en la red de caminos rurales que la gesti\u00f3n local viene ejecutando en diferentes sectores del partido.<\/p>\n\n\n\n<p class=\"wp-block-paragraph\">Satisfacci\u00f3n<\/p>\n\n\n\n<p class=\"wp-block-paragraph\">Durante la recorrida, el intendente municipal Juan Ignacio Ustarroz celebr\u00f3 la concreci\u00f3n de los trabajos junto a directivos, docentes, inspectores, familias y representantes de la Sociedad de Fomento, destacando la importancia de la presencia del Estado en el \u00e1mbito rural. \u00abEstamos felices de acompa\u00f1ar a la comunidad de Goldney con una obra clave de zanjeo y colocaci\u00f3n de piedras para consolidar el camino. Frente a temporadas de muchas lluvias, el compromiso es llegar de la mejor manera a la zona rural y, especialmente, a las escuelas para garantizar el derecho a la educaci\u00f3n\u00bb, remarc\u00f3 el jefe comunal.<\/p>\n\n\n\n<p class=\"wp-block-paragraph\">Educaci\u00f3n<\/p>\n\n\n\n<p class=\"wp-block-paragraph\">La intervenci\u00f3n vial coincidi\u00f3 adem\u00e1s con el tercer aniversario de la implementaci\u00f3n de la jornada completa de ocho horas en el establecimiento, un hito que permiti\u00f3 fortalecer el acompa\u00f1amiento pedag\u00f3gico y consolidar una matr\u00edcula de 32 alumnos. Al respecto, la docente Paulina Rossello celebr\u00f3 la concreci\u00f3n de las obras y remarc\u00f3: \u00abEsto permite el acceso seguro los d\u00edas de lluvia, m\u00e1s que nada, o luego de haber llovido, que el camino se hac\u00eda intransitable; contar con las piedritas es el acceso seguro a la educaci\u00f3n p\u00fablica\u00bb.<\/p>\n\n\n\n<p class=\"wp-block-paragraph\">En esa misma l\u00ednea, la directora Ana Luc\u00eda Navarro valor\u00f3 la pertenencia comunitaria y el impacto de los trabajos en la asistencia diaria: \u00abSomos como una gran familia de ocho horas ac\u00e1 en la escuela y la colocaci\u00f3n de las piedras es fundamental para las familias para poder acceder al camino de la escuela\u00bb.<\/p>\n\n\n\n<figure class=\"wp-block-image size-large\"><img loading=\"lazy\" decoding=\"async\" width=\"1024\" height=\"682\" data-attachment-id=\"201440\" data-permalink=\"https:\/\/www.hoymercedes.com.ar\/principal\/2026\/09\/02\/caminos-rurales-una-obra-clave-para-garantizar-las-clases-todos-los-dias-en-la-escuela-n23\/ustarroz-escuela23-2\/#main\" data-orig-file=\"https:\/\/www.hoymercedes.com.ar\/principal\/wp-content\/uploads\/2026\/09\/Ustarroz-Escuela23-2.jpg\" data-orig-size=\"1319,879\" data-comments-opened=\"0\" data-image-title=\"Ustarroz-Escuela23-2\" data-image-description=\"\" data-image-caption=\"\" data-large-file=\"https:\/\/www.hoymercedes.com.ar\/principal\/wp-content\/uploads\/2026\/09\/Ustarroz-Escuela23-2-1024x682.jpg\" src=\"https:\/\/www.hoymercedes.com.ar\/principal\/wp-content\/uploads\/2026\/09\/Ustarroz-Escuela23-2-1024x682.jpg\" alt=\"\" class=\"wp-image-201440\" srcset=\"https:\/\/www.hoymercedes.com.ar\/principal\/wp-content\/uploads\/2026\/09\/Ustarroz-Escuela23-2-1024x682.jpg 1024w, https:\/\/www.hoymercedes.com.ar\/principal\/wp-content\/uploads\/2026\/09\/Ustarroz-Escuela23-2-630x420.jpg 630w, https:\/\/www.hoymercedes.com.ar\/principal\/wp-content\/uploads\/2026\/09\/Ustarroz-Escuela23-2-150x100.jpg 150w, https:\/\/www.hoymercedes.com.ar\/principal\/wp-content\/uploads\/2026\/09\/Ustarroz-Escuela23-2.jpg 1319w\" sizes=\"auto, (max-width: 1024px) 100vw, 1024px\" \/><\/figure>\n\n\n\n<p class=\"wp-block-paragraph\">Comunidad<\/p>\n\n\n\n<p class=\"wp-block-paragraph\">Por su parte, la presidenta de la Sociedad de Fomento de Goldney, Mar\u00eda Laura Mangoni, destac\u00f3 el trabajo conjunto con el Municipio y el cambio sustancial que representa para el barrio: \u00abLogramos hacer todos los canales y la obra se completa con las piedritas, que es un lujo porque ya ni siquiera se embarran los chicos; es prioritario el acceso a la escuela por lo que significa la educaci\u00f3n para nuestros chicos\u00bb.<\/p>\n\n\n\n<p class=\"wp-block-paragraph\">Obra<\/p>\n\n\n\n<p class=\"wp-block-paragraph\">Por su parte, el subsecretario de Servicios P\u00fablicos, Luis Ponce, brind\u00f3 detalles t\u00e9cnicos del operativo y se\u00f1al\u00f3: \u00abPudimos hacer una intervenci\u00f3n de un kil\u00f3metro de lo que fue un cuneteo y colocar 500 metros de piedra, una inversi\u00f3n de m\u00e1s de 7 millones de pesos siempre apostando a la educaci\u00f3n, a que a cada camino rural y a cada escuela rural se pueda llegar de forma segura todos los d\u00edas a pesar del clima\u00bb.<\/p>\n\n\n\n<p class=\"wp-block-paragraph\">En la misma l\u00ednea, el secretario de Educaci\u00f3n, Jos\u00e9 Pisano, concluy\u00f3 destacando el valor de la presencia estatal en el l\u00edmite del distrito: \u00abContar con piedras en todo el camino y el zanjeo genera la posibilidad de acceder a clases todos los d\u00edas y que el Estado llegue hasta la \u00faltima calle de nuestra ciudad para generar oportunidades a los estudiantes es muy importante\u00bb y dijo \u201ces parte de las acciones que complementan el acceso a la educaci\u00f3n, a los procesos de ense\u00f1anza y aprendizaje, generando m\u00e1s y mejores condiciones para las familias, las y los estudiantes\u201d.<\/p>\n","protected":false},"excerpt":{"rendered":"<p>El Municipio de Mercedes concret\u00f3 una importante obra de infraestructura y consolidaci\u00f3n vial en el acceso a la Escuela Primaria &#8230; <a title=\"Caminos rurales: una obra clave para garantizar las clases todos los d\u00edas en la Escuela N\u00b023\" class=\"read-more\" href=\"https:\/\/www.hoymercedes.com.ar\/principal\/2026\/09\/02\/caminos-rurales-una-obra-clave-para-garantizar-las-clases-todos-los-dias-en-la-escuela-n23\/\" aria-label=\"Leer m\u00e1s sobre Caminos rurales: una obra clave para garantizar las clases todos los d\u00edas en la Escuela N\u00b023\">Leer m\u00e1s<\/a><\/p>\n","protected":false},"author":1,"featured_media":201439,"comment_status":"closed","ping_status":"open","sticky":false,"template":"","format":"standard","meta":{"_monsterinsights_skip_tracking":false,"_jetpack_newsletter_access":"","_jetpack_dont_email_post_to_subs":false,"_jetpack_newsletter_tier_id":0,"_jetpack_memberships_contains_paywalled_content":false,"_jetpack_feature_clip_id":0,"_jetpack_memberships_contains_paid_content":false,"footnotes":"","jetpack_publicize_message":"{title}\n\n{excerpt}\n\n{url}","jetpack_publicize_feature_enabled":true,"jetpack_social_post_already_shared":true,"jetpack_social_options":{"image_generator_settings":{"template":"highway","default_image_id":0,"font":"","enabled":false},"version":2},"_wpas_customize_per_network":false,"jetpack_post_was_ever_published":false},"categories":[23],"tags":[21360,4527,16188,424],"class_list":["post-201438","post","type-post","status-publish","format-standard","has-post-thumbnail","hentry","category-educacion","tag-caminos-rurales-escuelas","tag-jose-pisano","tag-luis-ponce","tag-ustarroz","generate-columns","tablet-grid-50","mobile-grid-100","grid-parent","grid-50"],"jetpack_publicize_connections":[],"wps_subtitle":"","jetpack_sharing_enabled":true,"jetpack_featured_media_url":"https:\/\/www.hoymercedes.com.ar\/principal\/wp-content\/uploads\/2026\/09\/Ustarroz-Escuela23-1.jpg","_links":{"self":[{"href":"https:\/\/www.hoymercedes.com.ar\/principal\/wp-json\/wp\/v2\/posts\/201438","targetHints":{"allow":["GET"]}}],"collection":[{"href":"https:\/\/www.hoymercedes.com.ar\/principal\/wp-json\/wp\/v2\/posts"}],"about":[{"href":"https:\/\/www.hoymercedes.com.ar\/principal\/wp-json\/wp\/v2\/types\/post"}],"author":[{"embeddable":true,"href":"https:\/\/www.hoymercedes.com.ar\/principal\/wp-json\/wp\/v2\/users\/1"}],"replies":[{"embeddable":true,"href":"https:\/\/www.hoymercedes.com.ar\/principal\/wp-json\/wp\/v2\/comments?post=201438"}],"version-history":[{"count":1,"href":"https:\/\/www.hoymercedes.com.ar\/principal\/wp-json\/wp\/v2\/posts\/201438\/revisions"}],"predecessor-version":[{"id":201441,"href":"https:\/\/www.hoymercedes.com.ar\/principal\/wp-json\/wp\/v2\/posts\/201438\/revisions\/201441"}],"wp:featuredmedia":[{"embeddable":true,"href":"https:\/\/www.hoymercedes.com.ar\/principal\/wp-json\/wp\/v2\/media\/201439"}],"wp:attachment":[{"href":"https:\/\/www.hoymercedes.com.ar\/principal\/wp-json\/wp\/v2\/media?parent=201438"}],"wp:term":[{"taxonomy":"category","embeddable":true,"href":"https:\/\/www.hoymercedes.com.ar\/principal\/wp-json\/wp\/v2\/categories?post=201438"},{"taxonomy":"post_tag","embeddable":true,"href":"https:\/\/www.hoymercedes.com.ar\/principal\/wp-json\/wp\/v2\/tags?post=201438"}],"curies":[{"name":"wp","href":"https:\/\/api.w.org\/{rel}","templated":true}]}}