{"id":201463,"date":"2026-09-03T22:39:13","date_gmt":"2026-09-04T01:39:13","guid":{"rendered":"https:\/\/www.hoymercedes.com.ar\/principal\/?p=201463"},"modified":"2026-09-03T22:39:37","modified_gmt":"2026-09-04T01:39:37","slug":"comedia-ciencia-ficcion-y-aventuras-en-el-cine-mercedes","status":"publish","type":"post","link":"https:\/\/www.hoymercedes.com.ar\/principal\/2026\/09\/03\/comedia-ciencia-ficcion-y-aventuras-en-el-cine-mercedes\/","title":{"rendered":"Comedia, ciencia ficci\u00f3n y aventuras en el Cine Mercedes"},"content":{"rendered":"\n<p class=\"wp-block-paragraph\">Desde el viernes 4 de septiembre hasta el martes siguiente, el Cine Mercedes presenta en su cartelera tres pel\u00edculas para elegir. Sigue Coyote vs Acme, pero solo el s\u00e1bado y el domingo. Mientras que en las funciones diarias estar\u00e1 proyect\u00e1ndose \u00abSolo por una Noche\u00bb y \u00abLa Guerra de los \u00faltimos\u00bb. <\/p>\n\n\n<div class=\"wp-block-image\">\n<figure class=\"aligncenter size-large\"><img loading=\"lazy\" decoding=\"async\" width=\"722\" height=\"1024\" data-attachment-id=\"201465\" data-permalink=\"https:\/\/www.hoymercedes.com.ar\/principal\/2026\/09\/03\/comedia-ciencia-ficcion-y-aventuras-en-el-cine-mercedes\/gacetilla-cine-mercedes-74\/#main\" data-orig-file=\"https:\/\/www.hoymercedes.com.ar\/principal\/wp-content\/uploads\/2026\/09\/Gacetilla-Cine-Mercedes-74.png\" data-orig-size=\"827,1173\" data-comments-opened=\"0\" data-image-title=\"Gacetilla Cine Mercedes (74)\" data-image-description=\"\" data-image-caption=\"\" data-large-file=\"https:\/\/www.hoymercedes.com.ar\/principal\/wp-content\/uploads\/2026\/09\/Gacetilla-Cine-Mercedes-74-722x1024.png\" src=\"https:\/\/www.hoymercedes.com.ar\/principal\/wp-content\/uploads\/2026\/09\/Gacetilla-Cine-Mercedes-74-722x1024.png\" alt=\"\" class=\"wp-image-201465\" srcset=\"https:\/\/www.hoymercedes.com.ar\/principal\/wp-content\/uploads\/2026\/09\/Gacetilla-Cine-Mercedes-74-722x1024.png 722w, https:\/\/www.hoymercedes.com.ar\/principal\/wp-content\/uploads\/2026\/09\/Gacetilla-Cine-Mercedes-74-437x620.png 437w, https:\/\/www.hoymercedes.com.ar\/principal\/wp-content\/uploads\/2026\/09\/Gacetilla-Cine-Mercedes-74-106x150.png 106w, https:\/\/www.hoymercedes.com.ar\/principal\/wp-content\/uploads\/2026\/09\/Gacetilla-Cine-Mercedes-74.png 827w\" sizes=\"auto, (max-width: 722px) 100vw, 722px\" \/><\/figure>\n<\/div>\n\n\n<p class=\"wp-block-paragraph\">Sinopsis \u00abCoyote vs. Acme\u00bb: Despu\u00e9s de que todos los productos fabricados por ACME Corporation le salgan mal a Wile E. Coyote, en su persecuci\u00f3n del Correcaminos, contrata a un abogado humano igualmente desafortunado para demandar a la empresa. Cuando el abogado de Wile E. descubre que el intimidante jefe de su antiguo bufete es el director general de ACME, se une a Wile E. para ganar el juicio contra \u00e9l.<\/p>\n\n\n\n<p class=\"wp-block-paragraph\">Sinopsis \u00abSolo por una noche\u00bb: Allie y Owen, dos extra\u00f1os hambrientos de amor, se conocen por casualidad en una Nueva York ligeramente ficticia, durante la \u00fanica noche del a\u00f1o en la que se permite a los solteros tener encuentros sexuales. Es muy probable que Owen, al que su novia acaba de dejar, y Allie, una rom\u00e1ntica empedernida, sean los \u00fanicos dos solteros que busquen algo m\u00e1s que una fugaz aventura. La chispa salta en cuanto se conocen, pero una serie de tropiezos y falsas pistas complican la noche e impiden que est\u00e9n juntos. Mientras se alejan y acercan en la gran ciudad, quiz\u00e1 descubran que aquello que desean est\u00e1 m\u00e1s cerca de lo que creen.<\/p>\n\n\n\n<p class=\"wp-block-paragraph\">Sinopsis <em>\u00abLa guerra de los \u00faltimos\u00bb: <\/em>En un mundo postapocal\u00edptico, un virus ha aniquilado a pr\u00e1cticamente toda la humanidad. Los supervivientes se enfrentan a unos carro\u00f1eros errantes llamados &#8216;segadores&#8217;. Hig, un piloto, sobrevivi\u00f3 a la gripe pero perdi\u00f3 a su mujer. Adaptaci\u00f3n de la aclamada novela &#8216;La constelaci\u00f3n del perro&#8217;, de Peter Heller. (FILMAFFINITY)<\/p>\n","protected":false},"excerpt":{"rendered":"<p>Desde el viernes 4 de septiembre hasta el martes siguiente, el Cine Mercedes presenta en su cartelera tres pel\u00edculas para &#8230; <a title=\"Comedia, ciencia ficci\u00f3n y aventuras en el Cine Mercedes\" class=\"read-more\" href=\"https:\/\/www.hoymercedes.com.ar\/principal\/2026\/09\/03\/comedia-ciencia-ficcion-y-aventuras-en-el-cine-mercedes\/\" aria-label=\"Leer m\u00e1s sobre Comedia, ciencia ficci\u00f3n y aventuras en el Cine Mercedes\">Leer m\u00e1s<\/a><\/p>\n","protected":false},"author":1,"featured_media":201464,"comment_status":"closed","ping_status":"open","sticky":false,"template":"","format":"standard","meta":{"_monsterinsights_skip_tracking":false,"_jetpack_newsletter_access":"","_jetpack_dont_email_post_to_subs":false,"_jetpack_newsletter_tier_id":0,"_jetpack_memberships_contains_paywalled_content":false,"_jetpack_feature_clip_id":0,"_jetpack_memberships_contains_paid_content":false,"footnotes":"","jetpack_publicize_message":"{title}\n\n{excerpt}\n\n{url}","jetpack_publicize_feature_enabled":true,"jetpack_social_post_already_shared":true,"jetpack_social_options":{"image_generator_settings":{"template":"highway","default_image_id":0,"font":"","enabled":false},"version":2},"_wpas_customize_per_network":false,"jetpack_post_was_ever_published":false},"categories":[8],"tags":[],"class_list":["post-201463","post","type-post","status-publish","format-standard","has-post-thumbnail","hentry","category-sociedad","generate-columns","tablet-grid-50","mobile-grid-100","grid-parent","grid-50"],"jetpack_publicize_connections":[],"wps_subtitle":"","jetpack_sharing_enabled":true,"jetpack_featured_media_url":"https:\/\/www.hoymercedes.com.ar\/principal\/wp-content\/uploads\/2026\/09\/LA-GUERRA-DE-LOS-ULTIMOS.png","_links":{"self":[{"href":"https:\/\/www.hoymercedes.com.ar\/principal\/wp-json\/wp\/v2\/posts\/201463","targetHints":{"allow":["GET"]}}],"collection":[{"href":"https:\/\/www.hoymercedes.com.ar\/principal\/wp-json\/wp\/v2\/posts"}],"about":[{"href":"https:\/\/www.hoymercedes.com.ar\/principal\/wp-json\/wp\/v2\/types\/post"}],"author":[{"embeddable":true,"href":"https:\/\/www.hoymercedes.com.ar\/principal\/wp-json\/wp\/v2\/users\/1"}],"replies":[{"embeddable":true,"href":"https:\/\/www.hoymercedes.com.ar\/principal\/wp-json\/wp\/v2\/comments?post=201463"}],"version-history":[{"count":2,"href":"https:\/\/www.hoymercedes.com.ar\/principal\/wp-json\/wp\/v2\/posts\/201463\/revisions"}],"predecessor-version":[{"id":201467,"href":"https:\/\/www.hoymercedes.com.ar\/principal\/wp-json\/wp\/v2\/posts\/201463\/revisions\/201467"}],"wp:featuredmedia":[{"embeddable":true,"href":"https:\/\/www.hoymercedes.com.ar\/principal\/wp-json\/wp\/v2\/media\/201464"}],"wp:attachment":[{"href":"https:\/\/www.hoymercedes.com.ar\/principal\/wp-json\/wp\/v2\/media?parent=201463"}],"wp:term":[{"taxonomy":"category","embeddable":true,"href":"https:\/\/www.hoymercedes.com.ar\/principal\/wp-json\/wp\/v2\/categories?post=201463"},{"taxonomy":"post_tag","embeddable":true,"href":"https:\/\/www.hoymercedes.com.ar\/principal\/wp-json\/wp\/v2\/tags?post=201463"}],"curies":[{"name":"wp","href":"https:\/\/api.w.org\/{rel}","templated":true}]}}